{"id":5434,"date":"2024-05-31T11:21:51","date_gmt":"2024-05-31T14:21:51","guid":{"rendered":"https:\/\/cidadecult.com.br\/?p=5434"},"modified":"2024-05-31T11:21:53","modified_gmt":"2024-05-31T14:21:53","slug":"desperte-seu-potencial-tour-internacional-de-alta-performance-em-brasilia-com-paulo-vieira","status":"publish","type":"post","link":"https:\/\/cidadecult.com.br\/?p=5434","title":{"rendered":"Desperte seu potencial: tour internacional de alta performance em Bras\u00edlia com Paulo Vieira!"},"content":{"rendered":"\n<p><em>Foto\/divulga\u00e7\u00e3o<\/em><\/p>\n\n\n\n<p>Prepare-se para uma jornada de crescimento pessoal e profissional sem precedentes! A Febracis, em parceria com a Cidade CULT, tem o prazer de apresentar o Tour Internacional de Alta Performance em Bras\u00edlia, liderado pelo renomado coach Paulo Vieira. Este evento \u00fanico promete revolucionar sua abordagem em dire\u00e7\u00e3o ao sucesso e \u00e0 realiza\u00e7\u00e3o pessoal.<\/p>\n\n\n\n<p><strong>No dia 11 de junho<\/strong>, no Minas Hall, voc\u00ea ter\u00e1 a oportunidade de participar de uma imers\u00e3o de 8 horas repleta de insights, t\u00e9cnicas e estrat\u00e9gias comprovadas pela neuroci\u00eancia. Paulo Vieira, presidente da Febracis e pioneiro em Intelig\u00eancia Emocional no Brasil, ir\u00e1 compartilhar sua expertise, baseada na Metodologia CIS, que j\u00e1 impactou positivamente milh\u00f5es de pessoas ao redor do mundo.<\/p>\n\n\n\n<p>Al\u00e9m das palestras inspiradoras de Paulo Vieira, voc\u00ea ter\u00e1 acesso a uma equipe de palestrantes de destaque, incluindo Giovanni Santos, Camila Vieira, Luan Vasconcelos e Gustavo Sampaio. Com suas experi\u00eancias e conhecimentos, eles ir\u00e3o gui\u00e1-lo no caminho para alcan\u00e7ar o pr\u00f3ximo n\u00edvel em sua carreira, neg\u00f3cios e relacionamentos.<\/p>\n\n\n\n<p><strong>Detalhes do evento:<\/strong><\/p>\n\n\n\n<ul class=\"wp-block-list\">\n<li><strong>Data:<\/strong> 11 de junho (ter\u00e7a-feira)<\/li>\n\n\n\n<li><strong>Hor\u00e1rio:<\/strong> A partir das 14h<\/li>\n\n\n\n<li><strong>Local:<\/strong> Minas Hall &#8211; SCEN Trecho 03, Conjunto 6, Asa Norte, Bras\u00edlia &#8211; DF, 70800-130<\/li>\n<\/ul>\n\n\n\n<p><strong>Inscri\u00e7\u00f5es:<\/strong><br>As vagas s\u00e3o limitadas! Garanta seu lugar nesta jornada de transforma\u00e7\u00e3o inscrevendo-se agora mesmo no site oficial do evento: <a href=\"https:\/\/tour.febracisbrasilia.com.br\/\">Tour Internacional de Alta Performance &#8211; Febracis Bras\u00edlia<\/a>.<\/p>\n\n\n\n<p>Para mais detalhes sobre o evento, entre em contato com a Assessoria de Imprensa da Febracis-DF:<\/p>\n\n\n\n<ul class=\"wp-block-list\">\n<li>Carlos Samor: (61) 99240-9143 | carlos.samor@conversacomunicacao.com.br<\/li>\n\n\n\n<li>Kadydja Albuquerque: (61) 98277-8382 | kadydja@conversacomunicacao.com.br<\/li>\n<\/ul>\n\n\n\n<p><strong>Sobre a Febracis:<\/strong><br>Com mais de 26 anos de experi\u00eancia, a Febracis \u00e9 a maior escola de neg\u00f3cios da Am\u00e9rica Latina. Seu compromisso \u00e9 transformar vidas atrav\u00e9s do Coaching Integral Sist\u00eamico (CIS), proporcionando as melhores estrat\u00e9gias para alcan\u00e7ar uma vida abundante e realizada.<\/p>\n\n\n\n<p><\/p>\n","protected":false},"excerpt":{"rendered":"<p>Foto\/divulga\u00e7\u00e3o Prepare-se para uma jornada de crescimento pessoal e profissional sem precedentes! A Febracis, em parceria com a Cidade CULT, tem o prazer de apresentar o Tour Internacional de Alta Performance em Bras\u00edlia, liderado pelo renomado coach Paulo Vieira. Este evento \u00fanico promete revolucionar sua abordagem em dire\u00e7\u00e3o ao sucesso e \u00e0 realiza\u00e7\u00e3o pessoal. No [&hellip;]<\/p>\n","protected":false},"author":1441,"featured_media":5435,"comment_status":"open","ping_status":"open","sticky":false,"template":"","format":"standard","meta":{"_monsterinsights_skip_tracking":false,"_monsterinsights_sitenote_active":false,"_monsterinsights_sitenote_note":"","_monsterinsights_sitenote_category":0,"footnotes":""},"categories":[41,17,34,3,43],"tags":[429,419,403,423,1669,1678],"class_list":["post-5434","post","type-post","status-publish","format-standard","has-post-thumbnail","hentry","category-agenda","category-bsb","category-destaque","category-entertainment","category-releases","tag-brasilia-3","tag-brasiliadf-2","tag-cidadecult-2","tag-cidadecultpordentro-2","tag-junhoprogramacoes","tag-tourinternacional"],"_links":{"self":[{"href":"https:\/\/cidadecult.com.br\/index.php?rest_route=\/wp\/v2\/posts\/5434","targetHints":{"allow":["GET"]}}],"collection":[{"href":"https:\/\/cidadecult.com.br\/index.php?rest_route=\/wp\/v2\/posts"}],"about":[{"href":"https:\/\/cidadecult.com.br\/index.php?rest_route=\/wp\/v2\/types\/post"}],"author":[{"embeddable":true,"href":"https:\/\/cidadecult.com.br\/index.php?rest_route=\/wp\/v2\/users\/1441"}],"replies":[{"embeddable":true,"href":"https:\/\/cidadecult.com.br\/index.php?rest_route=%2Fwp%2Fv2%2Fcomments&post=5434"}],"version-history":[{"count":1,"href":"https:\/\/cidadecult.com.br\/index.php?rest_route=\/wp\/v2\/posts\/5434\/revisions"}],"predecessor-version":[{"id":5436,"href":"https:\/\/cidadecult.com.br\/index.php?rest_route=\/wp\/v2\/posts\/5434\/revisions\/5436"}],"wp:featuredmedia":[{"embeddable":true,"href":"https:\/\/cidadecult.com.br\/index.php?rest_route=\/wp\/v2\/media\/5435"}],"wp:attachment":[{"href":"https:\/\/cidadecult.com.br\/index.php?rest_route=%2Fwp%2Fv2%2Fmedia&parent=5434"}],"wp:term":[{"taxonomy":"category","embeddable":true,"href":"https:\/\/cidadecult.com.br\/index.php?rest_route=%2Fwp%2Fv2%2Fcategories&post=5434"},{"taxonomy":"post_tag","embeddable":true,"href":"https:\/\/cidadecult.com.br\/index.php?rest_route=%2Fwp%2Fv2%2Ftags&post=5434"}],"curies":[{"name":"wp","href":"https:\/\/api.w.org\/{rel}","templated":true}]}}