{"id":5401,"date":"2024-05-29T10:22:28","date_gmt":"2024-05-29T13:22:28","guid":{"rendered":"https:\/\/cidadecult.com.br\/?p=5401"},"modified":"2024-05-29T10:23:31","modified_gmt":"2024-05-29T13:23:31","slug":"hermeto-pascoal-une-musica-e-artes-visuais-em-exposicao-inovadora-em-sao-paulo","status":"publish","type":"post","link":"https:\/\/cidadecult.com.br\/?p=5401","title":{"rendered":"Hermeto Pascoal une m\u00fasica e artes visuais em exposi\u00e7\u00e3o inovadora em S\u00e3o Paulo"},"content":{"rendered":"\n<p><em>Foto\/divulga\u00e7\u00e3o<\/em><\/p>\n\n\n\n<p>Hermeto Pascoal, renomado <strong>compositor<\/strong> e <strong>multi-instrumentista brasileiro<\/strong>, est\u00e1 apresentando uma faceta inovadora de sua arte na exposi\u00e7\u00e3o <strong>Ars Sonora<\/strong>, que abre suas portas hoje no<strong> SESC Bom Retiro, em S\u00e3o Paulo<\/strong>. Reconhecido por sua habilidade \u00edmpar de transformar objetos cotidianos em m\u00fasica, Pascoal surpreende mais uma vez ao unir<strong> m\u00fasica<\/strong> e<strong> artes visuais<\/strong> de forma inovadora e cativante.<\/p>\n\n\n\n<p>A mostra, curada por Adolfo Montejo Navas, \u00e9 uma verdadeira celebra\u00e7\u00e3o da criatividade sem limites de Hermeto Pascoal. Navas descreve as obras expostas como &#8220;partituras tridimensionais&#8221; e &#8220;poemas-objeto&#8221;, desafiando as fronteiras convencionais entre m\u00fasica e arte visual. Um exemplo marcante \u00e9 o que Navas chama de &#8220;ataque dada\u00edsta&#8221;, onde tampas pl\u00e1sticas de privada s\u00e3o transformadas em obras musicais, uma homenagem ao ic\u00f4nico artista Marcel Duchamp.<\/p>\n\n\n\n<p><strong>Para Pascoal, a criatividade \u00e9 t\u00e3o natural quanto respirar<\/strong>, e ele rejeita qualquer forma de premedita\u00e7\u00e3o em seu processo de trabalho. Autodidata e avesso \u00e0s padroniza\u00e7\u00f5es dos sistemas de ensino, o m\u00fasico encontrou inspira\u00e7\u00e3o no mundo ao seu redor desde a inf\u00e2ncia, desenvolvendo uma abordagem \u00fanica para a m\u00fasica e para a arte.<\/p>\n\n\n\n<p>A exposi\u00e7\u00e3o promete ser uma experi\u00eancia fascinante e inspiradora para os visitantes, oferecendo uma oportunidade \u00fanica de explorar o universo criativo de Hermeto Pascoal. <strong>Ars Sonora estar\u00e1 aberta ao p\u00fablico at\u00e9 o dia 3 de novembro de 2024 no SESC Bom Retiro<\/strong>. N\u00e3o perca essa chance de mergulhar na genialidade deste \u00edcone da m\u00fasica brasileira.<\/p>\n\n\n\n<p><strong>Informa\u00e7\u00f5es: <\/strong> <strong>Local:<\/strong> SESC Bom Retiro, S\u00e3o Paulo<br><strong>Data:<\/strong> 28 de maio a 3 de novembro de 2024<br><strong>Hor\u00e1rios de visita\u00e7\u00e3o<\/strong>: 19h\u00a0<\/p>\n\n\n\n<p>N\u00e3o perca a oportunidade de vivenciar essa experi\u00eancia \u00fanica que une m\u00fasica e artes visuais em uma obra singular de Hermeto Pascoal. A exposi\u00e7\u00e3o Ars Sonora promete encantar e inspirar a todos os amantes da arte e da criatividade.<\/p>\n","protected":false},"excerpt":{"rendered":"<p>Foto\/divulga\u00e7\u00e3o Hermeto Pascoal, renomado compositor e multi-instrumentista brasileiro, est\u00e1 apresentando uma faceta inovadora de sua arte na exposi\u00e7\u00e3o Ars Sonora, que abre suas portas hoje no SESC Bom Retiro, em S\u00e3o Paulo. Reconhecido por sua habilidade \u00edmpar de transformar objetos cotidianos em m\u00fasica, Pascoal surpreende mais uma vez ao unir m\u00fasica e artes visuais de [&hellip;]<\/p>\n","protected":false},"author":1441,"featured_media":5402,"comment_status":"open","ping_status":"open","sticky":false,"template":"","format":"standard","meta":{"_monsterinsights_skip_tracking":false,"_monsterinsights_sitenote_active":false,"_monsterinsights_sitenote_note":"","_monsterinsights_sitenote_category":0,"footnotes":""},"categories":[41,54,34,3,281,43,57],"tags":[405,1651,423,664,587,1650,1049,751,579,1652,672],"class_list":["post-5401","post","type-post","status-publish","format-standard","has-post-thumbnail","hentry","category-agenda","category-brasil","category-destaque","category-entertainment","category-exposicao","category-releases","category-sororidade","tag-arte-2","tag-artesvisuais","tag-cidadecultpordentro-2","tag-criatividade-2","tag-exposicao-2","tag-hermetopascoal","tag-inovacao-2","tag-inspira-2","tag-musica-2","tag-navas","tag-saopaulo-2"],"_links":{"self":[{"href":"https:\/\/cidadecult.com.br\/index.php?rest_route=\/wp\/v2\/posts\/5401","targetHints":{"allow":["GET"]}}],"collection":[{"href":"https:\/\/cidadecult.com.br\/index.php?rest_route=\/wp\/v2\/posts"}],"about":[{"href":"https:\/\/cidadecult.com.br\/index.php?rest_route=\/wp\/v2\/types\/post"}],"author":[{"embeddable":true,"href":"https:\/\/cidadecult.com.br\/index.php?rest_route=\/wp\/v2\/users\/1441"}],"replies":[{"embeddable":true,"href":"https:\/\/cidadecult.com.br\/index.php?rest_route=%2Fwp%2Fv2%2Fcomments&post=5401"}],"version-history":[{"count":1,"href":"https:\/\/cidadecult.com.br\/index.php?rest_route=\/wp\/v2\/posts\/5401\/revisions"}],"predecessor-version":[{"id":5403,"href":"https:\/\/cidadecult.com.br\/index.php?rest_route=\/wp\/v2\/posts\/5401\/revisions\/5403"}],"wp:featuredmedia":[{"embeddable":true,"href":"https:\/\/cidadecult.com.br\/index.php?rest_route=\/wp\/v2\/media\/5402"}],"wp:attachment":[{"href":"https:\/\/cidadecult.com.br\/index.php?rest_route=%2Fwp%2Fv2%2Fmedia&parent=5401"}],"wp:term":[{"taxonomy":"category","embeddable":true,"href":"https:\/\/cidadecult.com.br\/index.php?rest_route=%2Fwp%2Fv2%2Fcategories&post=5401"},{"taxonomy":"post_tag","embeddable":true,"href":"https:\/\/cidadecult.com.br\/index.php?rest_route=%2Fwp%2Fv2%2Ftags&post=5401"}],"curies":[{"name":"wp","href":"https:\/\/api.w.org\/{rel}","templated":true}]}}