{"id":5371,"date":"2024-05-28T10:01:42","date_gmt":"2024-05-28T13:01:42","guid":{"rendered":"https:\/\/cidadecult.com.br\/?p=5371"},"modified":"2024-05-28T10:01:43","modified_gmt":"2024-05-28T13:01:43","slug":"origem-week-e-chocolat-festival-movimentam-mais-de-10-milhoes-de-reais-em-brasilia","status":"publish","type":"post","link":"https:\/\/cidadecult.com.br\/?p=5371","title":{"rendered":"Origem Week e Chocolat Festival movimentam mais de 10 milh\u00f5es de reais em Bras\u00edlia"},"content":{"rendered":"\n<p><em>Foto\/divulga\u00e7\u00e3o<\/em><\/p>\n\n\n\n<p>O Centro de Conven\u00e7\u00f5es Ulysses Guimar\u00e3es foi o ponto de encontro de mais de 35 mil pessoas nesse \u00faltimo fim de semana, que participaram do &#8220;Origem Week&#8221; e do &#8220;Chocolat Festival&#8221;. Com<strong> entrada gratuita<\/strong>, os eventos destacaram-se como marcos importantes no calend\u00e1rio gastron\u00f4mico e cultural de Bras\u00edlia, movimentando mais de 10 milh\u00f5es de reais em neg\u00f3cios.<\/p>\n\n\n\n<h4 class=\"wp-block-heading\"><strong>Consolida\u00e7\u00e3o de sucesso<\/strong><\/h4>\n\n\n\n<p>Em sua <strong>segunda edi\u00e7\u00e3o em Bras\u00edlia<\/strong>, o &#8220;Chocolat Festival&#8221;, j\u00e1 reconhecido como o<strong> maior evento de chocolate e cacau da Am\u00e9rica Latina,<\/strong> integrou a programa\u00e7\u00e3o do &#8220;Origem Week&#8221;, que estreou na capital federal. Juntos, os eventos reuniram 120 expositores e 250 marcas, superando as expectativas e satisfazendo tanto visitantes quanto expositores.<\/p>\n\n\n\n<h4 class=\"wp-block-heading\"><strong>Novidades para 2025<\/strong><\/h4>\n\n\n\n<p>Marco Lessa, CEO do Grupo M21 e idealizador dos eventos, destacou a supera\u00e7\u00e3o das expectativas em 2024 e j\u00e1 planeja a edi\u00e7\u00e3o de 2025. &#8220;O Origem Week estreou em Bras\u00edlia e superou todas as expectativas de p\u00fablico e vendas. J\u00e1 estamos pensando na edi\u00e7\u00e3o de 2025, com a proposta de ser ainda maior e com mais novidades, al\u00e9m da inclus\u00e3o de outras cadeias produtivas sob o guarda-chuva do Origem Week&#8221;, afirmou Lessa.<\/p>\n\n\n\n<p>Entre as novidades para a pr\u00f3xima edi\u00e7\u00e3o, est\u00e3o sendo estudados eventos voltados para caf\u00e9 e queijos, al\u00e9m do fortalecimento do artesanato, sempre com o Chocolat Festival como carro-chefe.<\/p>\n\n\n\n<h4 class=\"wp-block-heading\"><strong>Atra\u00e7\u00f5es e experi\u00eancias<\/strong><\/h4>\n\n\n\n<p>Os eventos ofereceram uma programa\u00e7\u00e3o diversa, com espa\u00e7os de degusta\u00e7\u00e3o, showcooking, minicursos infantis, esculturas de bolos e chocolate, palestras e rodadas de neg\u00f3cios. Essas atividades promoveram o consumo consciente, impulsionaram a ind\u00fastria local, a agricultura familiar e o turismo.<\/p>\n\n\n\n<p>Os visitantes puderam aprender com chefs renomados como Lui Veronese, Diego Koppe e Victor Quaranta, al\u00e9m de chefs internacionais como Mariana Corbetta e Laurent Rezette. As demonstra\u00e7\u00f5es culin\u00e1rias e as dicas desses profissionais foram alguns dos pontos altos do evento, atraindo muitos entusiastas da gastronomia.<\/p>\n\n\n\n<h4 class=\"wp-block-heading\"><strong>Impacto e futuro promissor<\/strong><\/h4>\n\n\n\n<p>Segundo Marco Lessa, o sucesso do Origem Week e do Chocolat Festival em Bras\u00edlia n\u00e3o apenas consolidou a import\u00e2ncia desses eventos na capital, mas tamb\u00e9m abriu portas para futuras edi\u00e7\u00f5es ainda mais grandiosas. &#8220;Com uma programa\u00e7\u00e3o rica e diversificada, os eventos mostram o melhor da cultura produtiva brasileira, conectando produtores e consumidores e gerando novas oportunidades de neg\u00f3cios&#8221;, comentou Lessa.<\/p>\n\n\n\n<p>Os eventos prometeram continuar crescendo, valorizando e promovendo a cultura produtiva do Brasil, ampliando sua influ\u00eancia e impacto no cen\u00e1rio nacional.<\/p>\n\n\n\n<p>Para mais informa\u00e7\u00f5es e atualiza\u00e7\u00f5es sobre os pr\u00f3ximos eventos, visite o site oficial da Cidade CULT.<\/p>\n","protected":false},"excerpt":{"rendered":"<p>Foto\/divulga\u00e7\u00e3o O Centro de Conven\u00e7\u00f5es Ulysses Guimar\u00e3es foi o ponto de encontro de mais de 35 mil pessoas nesse \u00faltimo fim de semana, que participaram do &#8220;Origem Week&#8221; e do &#8220;Chocolat Festival&#8221;. Com entrada gratuita, os eventos destacaram-se como marcos importantes no calend\u00e1rio gastron\u00f4mico e cultural de Bras\u00edlia, movimentando mais de 10 milh\u00f5es de reais [&hellip;]<\/p>\n","protected":false},"author":1441,"featured_media":5372,"comment_status":"open","ping_status":"open","sticky":false,"template":"","format":"standard","meta":{"_monsterinsights_skip_tracking":false,"_monsterinsights_sitenote_active":false,"_monsterinsights_sitenote_note":"","_monsterinsights_sitenote_category":0,"footnotes":""},"categories":[49,17,10,34,3,43],"tags":[1221,403,423,1220],"class_list":["post-5371","post","type-post","status-publish","format-standard","has-post-thumbnail","hentry","category-artigos","category-bsb","category-food","category-destaque","category-entertainment","category-releases","tag-chocolatfestival","tag-cidadecult-2","tag-cidadecultpordentro-2","tag-origemweek"],"_links":{"self":[{"href":"https:\/\/cidadecult.com.br\/index.php?rest_route=\/wp\/v2\/posts\/5371","targetHints":{"allow":["GET"]}}],"collection":[{"href":"https:\/\/cidadecult.com.br\/index.php?rest_route=\/wp\/v2\/posts"}],"about":[{"href":"https:\/\/cidadecult.com.br\/index.php?rest_route=\/wp\/v2\/types\/post"}],"author":[{"embeddable":true,"href":"https:\/\/cidadecult.com.br\/index.php?rest_route=\/wp\/v2\/users\/1441"}],"replies":[{"embeddable":true,"href":"https:\/\/cidadecult.com.br\/index.php?rest_route=%2Fwp%2Fv2%2Fcomments&post=5371"}],"version-history":[{"count":1,"href":"https:\/\/cidadecult.com.br\/index.php?rest_route=\/wp\/v2\/posts\/5371\/revisions"}],"predecessor-version":[{"id":5373,"href":"https:\/\/cidadecult.com.br\/index.php?rest_route=\/wp\/v2\/posts\/5371\/revisions\/5373"}],"wp:featuredmedia":[{"embeddable":true,"href":"https:\/\/cidadecult.com.br\/index.php?rest_route=\/wp\/v2\/media\/5372"}],"wp:attachment":[{"href":"https:\/\/cidadecult.com.br\/index.php?rest_route=%2Fwp%2Fv2%2Fmedia&parent=5371"}],"wp:term":[{"taxonomy":"category","embeddable":true,"href":"https:\/\/cidadecult.com.br\/index.php?rest_route=%2Fwp%2Fv2%2Fcategories&post=5371"},{"taxonomy":"post_tag","embeddable":true,"href":"https:\/\/cidadecult.com.br\/index.php?rest_route=%2Fwp%2Fv2%2Ftags&post=5371"}],"curies":[{"name":"wp","href":"https:\/\/api.w.org\/{rel}","templated":true}]}}