{"id":5331,"date":"2024-05-24T11:28:20","date_gmt":"2024-05-24T14:28:20","guid":{"rendered":"https:\/\/cidadecult.com.br\/?p=5331"},"modified":"2024-05-24T11:28:21","modified_gmt":"2024-05-24T14:28:21","slug":"explorando-a-musica-brasileira-contemporanea-bate-papos-imperdiveis-com-artistas-e-pesquisadores","status":"publish","type":"post","link":"https:\/\/cidadecult.com.br\/?p=5331","title":{"rendered":"Explorando a m\u00fasica brasileira contempor\u00e2nea: bate-papos imperd\u00edveis com artistas e pesquisadores"},"content":{"rendered":"\n<p><em>Foto: Miro<\/em><\/p>\n\n\n\n<p>A m\u00fasica brasileira contempor\u00e2nea \u00e9 um vasto universo de express\u00e3o cultural que reflete a diversidade e a riqueza do nosso pa\u00eds. Para mergulhar nesse cen\u00e1rio pulsante e provocador, o Mistura Geral M\u00fasica, em parceria com a Cidade CULT, tem o prazer de apresentar uma s\u00e9rie de bate-papos envolventes, reunindo artistas renomados e pesquisadores engajados.<\/p>\n\n\n\n<p><strong>Informa\u00e7\u00f5es:<\/strong><\/p>\n\n\n\n<ul class=\"wp-block-list\">\n<li><strong>Datas e hor\u00e1rios:<\/strong> De 27 de maio a 2 de junho de 2024.<\/li>\n\n\n\n<li><strong>Local:<\/strong> Teatro dos Banc\u00e1rios e Hotel Ramada.<\/li>\n\n\n\n<li><strong>Entrada:<\/strong> Franca e livre para todos os p\u00fablicos.<\/li>\n<\/ul>\n\n\n\n<p><strong>Temas e palestrantes:<\/strong><\/p>\n\n\n\n<ol class=\"wp-block-list\">\n<li><strong>Diversidade cultural<\/strong> &#8211; 27\/5 \u00e0s 19h, Teatro dos Banc\u00e1rios.<\/li>\n<\/ol>\n\n\n\n<ul class=\"wp-block-list\">\n<li>Participantes: \u00c9rika Kokay, Sebasti\u00e3o Soares, F\u00e1tima Santos, Memei Bastos. Mediador: Claudinei Pirelli.<\/li>\n<\/ul>\n\n\n\n<ol class=\"wp-block-list\">\n<li><strong>O papel da m\u00fasica negra no fortalecimento da identidade cultural brasileira<\/strong> &#8211; 30\/5 \u00e0s 15h30, Hotel Ramada.<\/li>\n<\/ol>\n\n\n\n<ul class=\"wp-block-list\">\n<li>Palestrantes: Sandra S\u00e1 e Ulysses X. Mediador: Pedro Ibarra.<\/li>\n<\/ul>\n\n\n\n<ol class=\"wp-block-list\">\n<li><strong>Qual a cara da nova m\u00fasica brasileira?<\/strong> &#8211; 31\/5 \u00e0s 15h30, Hotel Ramada.<\/li>\n<\/ol>\n\n\n\n<ul class=\"wp-block-list\">\n<li>Palestrantes: Hodari e Let\u00edcia Fialho. Mediador: M\u00e1rio Sartorello.<\/li>\n<\/ul>\n\n\n\n<ol class=\"wp-block-list\">\n<li><strong>M\u00fasica como fator de resist\u00eancia pol\u00edtica<\/strong> &#8211; 1\/6 \u00e0s 15h30, Hotel Ramada.<\/li>\n<\/ol>\n\n\n\n<ul class=\"wp-block-list\">\n<li>Palestrantes: Otto e Murica Suj\u00e3o. Mediadora: Thaty Nardelli.<\/li>\n<\/ul>\n\n\n\n<ol class=\"wp-block-list\">\n<li><strong>Culturas tradicionais e contemporaneidade<\/strong> &#8211; 2\/6 \u00e0s 15h30, Hotel Ramada.<\/li>\n<\/ol>\n\n\n\n<ul class=\"wp-block-list\">\n<li>Palestrantes: Lirinha e Ane \u00caoketu. Mediadora: Fl\u00e1via Aguiar.<\/li>\n<\/ul>\n\n\n\n<p><strong>Inscri\u00e7\u00f5es:<\/strong><\/p>\n\n\n\n<ul class=\"wp-block-list\">\n<li>Os interessados podem se inscrever atrav\u00e9s dos links dispon\u00edveis no site oficial do Festival Mistura Geral.<\/li>\n\n\n\n<li>Inscri\u00e7\u00f5es gratuitas e abertas ao p\u00fablico.<\/li>\n<\/ul>\n\n\n\n<p><strong>Press-kit:<\/strong><br>Para acesso ao press-kit do evento, visite https:\/\/bit.ly\/MisturaGeralMusica.<\/p>\n\n\n\n<p><strong>Mais Informa\u00e7\u00f5es:<\/strong><br>Para mais detalhes sobre o evento, acesse as redes sociais do Festival Mistura Geral (@misturageralfestival) ou entre em contato com Rodrigo Machado, da Territ\u00f3rio Comunica\u00e7\u00e3o, pelo telefone (61) 9.8654.2569.<\/p>\n\n\n\n<p>Mergulhe nas profundezas da m\u00fasica brasileira contempor\u00e2nea, explorando suas nuances culturais, pol\u00edticas e sociais atrav\u00e9s das vozes dos pr\u00f3prios artistas e pesquisadores que moldam essa paisagem sonora vibrante. N\u00e3o perca esta chance de se envolver em conversas inspiradoras e enriquecedoras!<\/p>\n","protected":false},"excerpt":{"rendered":"<p>Foto: Miro A m\u00fasica brasileira contempor\u00e2nea \u00e9 um vasto universo de express\u00e3o cultural que reflete a diversidade e a riqueza do nosso pa\u00eds. Para mergulhar nesse cen\u00e1rio pulsante e provocador, o Mistura Geral M\u00fasica, em parceria com a Cidade CULT, tem o prazer de apresentar uma s\u00e9rie de bate-papos envolventes, reunindo artistas renomados e pesquisadores [&hellip;]<\/p>\n","protected":false},"author":1441,"featured_media":5332,"comment_status":"open","ping_status":"open","sticky":false,"template":"","format":"standard","meta":{"_monsterinsights_skip_tracking":false,"_monsterinsights_sitenote_active":false,"_monsterinsights_sitenote_note":"","_monsterinsights_sitenote_category":0,"footnotes":""},"categories":[41,17,34,6,43],"tags":[1577,1575,611,1578,1576,1574],"class_list":["post-5331","post","type-post","status-publish","format-standard","has-post-thumbnail","hentry","category-agenda","category-bsb","category-destaque","category-music","category-releases","tag-acaradamusicabrasileira","tag-artistas","tag-diversidadecultural","tag-festivalmisturageral","tag-misturageralmusica","tag-musicabrasileiracontemporanea"],"_links":{"self":[{"href":"https:\/\/cidadecult.com.br\/index.php?rest_route=\/wp\/v2\/posts\/5331","targetHints":{"allow":["GET"]}}],"collection":[{"href":"https:\/\/cidadecult.com.br\/index.php?rest_route=\/wp\/v2\/posts"}],"about":[{"href":"https:\/\/cidadecult.com.br\/index.php?rest_route=\/wp\/v2\/types\/post"}],"author":[{"embeddable":true,"href":"https:\/\/cidadecult.com.br\/index.php?rest_route=\/wp\/v2\/users\/1441"}],"replies":[{"embeddable":true,"href":"https:\/\/cidadecult.com.br\/index.php?rest_route=%2Fwp%2Fv2%2Fcomments&post=5331"}],"version-history":[{"count":1,"href":"https:\/\/cidadecult.com.br\/index.php?rest_route=\/wp\/v2\/posts\/5331\/revisions"}],"predecessor-version":[{"id":5333,"href":"https:\/\/cidadecult.com.br\/index.php?rest_route=\/wp\/v2\/posts\/5331\/revisions\/5333"}],"wp:featuredmedia":[{"embeddable":true,"href":"https:\/\/cidadecult.com.br\/index.php?rest_route=\/wp\/v2\/media\/5332"}],"wp:attachment":[{"href":"https:\/\/cidadecult.com.br\/index.php?rest_route=%2Fwp%2Fv2%2Fmedia&parent=5331"}],"wp:term":[{"taxonomy":"category","embeddable":true,"href":"https:\/\/cidadecult.com.br\/index.php?rest_route=%2Fwp%2Fv2%2Fcategories&post=5331"},{"taxonomy":"post_tag","embeddable":true,"href":"https:\/\/cidadecult.com.br\/index.php?rest_route=%2Fwp%2Fv2%2Ftags&post=5331"}],"curies":[{"name":"wp","href":"https:\/\/api.w.org\/{rel}","templated":true}]}}