{"id":5325,"date":"2024-05-24T10:40:27","date_gmt":"2024-05-24T13:40:27","guid":{"rendered":"https:\/\/cidadecult.com.br\/?p=5325"},"modified":"2024-05-24T10:40:29","modified_gmt":"2024-05-24T13:40:29","slug":"sabadao-do-forro-na-casa-do-cantador-maratona-gratuita-de-pe-de-serra","status":"publish","type":"post","link":"https:\/\/cidadecult.com.br\/?p=5325","title":{"rendered":"Sabad\u00e3o do forr\u00f3 na Casa do Cantador: maratona gratuita de p\u00e9 de serra"},"content":{"rendered":"\n<p><em>Foto:\u00a0Samuel Andrade<\/em><\/p>\n\n\n\n<p>A rica cultura popular nordestina segue encantando a comunidade com uma experi\u00eancia imersiva no tradicional patrim\u00f4nio cultural brasileiro: o forr\u00f3. No pr\u00f3ximo s\u00e1bado, 25 de maio, a Casa do Cantador em Ceil\u00e2ndia ser\u00e1 palco do Sabad\u00e3o do Forr\u00f3, um evento imperd\u00edvel para os amantes do g\u00eanero.<\/p>\n\n\n\n<h4 class=\"wp-block-heading\">Sobre o Evento<\/h4>\n\n\n\n<p>Organizado pela Associa\u00e7\u00e3o dos Forrozeiros do Distrito Federal (Asforr\u00f3-DF) com o apoio do Minist\u00e9rio da Cultura, o evento busca celebrar e preservar a vibrante identidade da cultura nordestina. Marques C\u00e9lio, presidente da Asforr\u00f3-DF, destaca a import\u00e2ncia de manter viva essa tradi\u00e7\u00e3o: &#8220;Consideramos o &#8216;Sabad\u00e3o do Forr\u00f3&#8217; um momento de celebra\u00e7\u00e3o. Estamos preservando nossa identidade e resgatando as ra\u00edzes culturais que nos definem.&#8221;<\/p>\n\n\n\n<h4 class=\"wp-block-heading\">Informa\u00e7\u00f5es: <\/h4>\n\n\n\n<ul class=\"wp-block-list\">\n<li><strong>Data:<\/strong> 25 de maio<\/li>\n\n\n\n<li><strong>Hor\u00e1rio:<\/strong> A partir das 20h<\/li>\n<\/ul>\n\n\n\n<h4 class=\"wp-block-heading\">Local<\/h4>\n\n\n\n<ul class=\"wp-block-list\">\n<li><strong>Local:<\/strong> Casa do Cantador, Ceil\u00e2ndia<\/li>\n\n\n\n<li><strong>Endere\u00e7o:<\/strong> [Inserir endere\u00e7o completo da Casa do Cantador]<\/li>\n<\/ul>\n\n\n\n<h4 class=\"wp-block-heading\">Atra\u00e7\u00f5es<\/h4>\n\n\n\n<p>Os trios mais renomados do Distrito Federal se apresentar\u00e3o para animar a noite:<\/p>\n\n\n\n<ul class=\"wp-block-list\">\n<li><strong>Trio Cariri<\/strong><\/li>\n\n\n\n<li><strong>Trio Asa Norte<\/strong><\/li>\n\n\n\n<li><strong>Trio do Nordeste<\/strong><\/li>\n\n\n\n<li><strong>Almirante Aboiador<\/strong><\/li>\n\n\n\n<li><strong>Forroz\u00e3o Ferro de Ouro<\/strong><\/li>\n<\/ul>\n\n\n\n<h4 class=\"wp-block-heading\">Entrada<\/h4>\n\n\n\n<ul class=\"wp-block-list\">\n<li><strong>Entrada:<\/strong> Gratuita<\/li>\n\n\n\n<li><strong>Classifica\u00e7\u00e3o:<\/strong> Livre<\/li>\n<\/ul>\n\n\n\n<h4 class=\"wp-block-heading\">Casa do Cantador<\/h4>\n\n\n\n<p>Conhecida como o Pal\u00e1cio da Poesia, a Casa do Cantador \u00e9 um dos espa\u00e7os culturais mais ic\u00f4nicos do Distrito Federal. Ao longo do ano, em dois s\u00e1bados por m\u00eas, o local se enche dos acordes do forr\u00f3, oferecendo uma programa\u00e7\u00e3o diversificada e empolgante que promete agradar a todos os f\u00e3s do g\u00eanero.<\/p>\n\n\n\n<h4 class=\"wp-block-heading\">N\u00e3o Perca!<\/h4>\n\n\n\n<p>Venha celebrar a cultura nordestina em uma noite repleta de m\u00fasica, dan\u00e7a e alegria. Traga sua fam\u00edlia e amigos para desfrutar do melhor do forr\u00f3 p\u00e9 de serra na Casa do Cantador.<\/p>\n\n\n\n<p>Para mais informa\u00e7\u00f5es, visite nosso site ou entre em contato com a organiza\u00e7\u00e3o do evento. N\u00e3o perca essa oportunidade de vivenciar a tradi\u00e7\u00e3o nordestina em seu auge!<\/p>\n\n\n\n<p><\/p>\n","protected":false},"excerpt":{"rendered":"<p>Foto:\u00a0Samuel Andrade A rica cultura popular nordestina segue encantando a comunidade com uma experi\u00eancia imersiva no tradicional patrim\u00f4nio cultural brasileiro: o forr\u00f3. No pr\u00f3ximo s\u00e1bado, 25 de maio, a Casa do Cantador em Ceil\u00e2ndia ser\u00e1 palco do Sabad\u00e3o do Forr\u00f3, um evento imperd\u00edvel para os amantes do g\u00eanero. Sobre o Evento Organizado pela Associa\u00e7\u00e3o dos [&hellip;]<\/p>\n","protected":false},"author":1441,"featured_media":5326,"comment_status":"open","ping_status":"open","sticky":false,"template":"","format":"standard","meta":{"_monsterinsights_skip_tracking":false,"_monsterinsights_sitenote_active":false,"_monsterinsights_sitenote_note":"","_monsterinsights_sitenote_category":0,"footnotes":""},"categories":[41,34,3,43],"tags":[1572,1570,487,1573,1238,579,1571],"class_list":["post-5325","post","type-post","status-publish","format-standard","has-post-thumbnail","hentry","category-agenda","category-destaque","category-entertainment","category-releases","tag-asforrodf","tag-casadocantador","tag-destaque","tag-forro-2","tag-maio","tag-musica-2","tag-pedeserra"],"_links":{"self":[{"href":"https:\/\/cidadecult.com.br\/index.php?rest_route=\/wp\/v2\/posts\/5325","targetHints":{"allow":["GET"]}}],"collection":[{"href":"https:\/\/cidadecult.com.br\/index.php?rest_route=\/wp\/v2\/posts"}],"about":[{"href":"https:\/\/cidadecult.com.br\/index.php?rest_route=\/wp\/v2\/types\/post"}],"author":[{"embeddable":true,"href":"https:\/\/cidadecult.com.br\/index.php?rest_route=\/wp\/v2\/users\/1441"}],"replies":[{"embeddable":true,"href":"https:\/\/cidadecult.com.br\/index.php?rest_route=%2Fwp%2Fv2%2Fcomments&post=5325"}],"version-history":[{"count":1,"href":"https:\/\/cidadecult.com.br\/index.php?rest_route=\/wp\/v2\/posts\/5325\/revisions"}],"predecessor-version":[{"id":5327,"href":"https:\/\/cidadecult.com.br\/index.php?rest_route=\/wp\/v2\/posts\/5325\/revisions\/5327"}],"wp:featuredmedia":[{"embeddable":true,"href":"https:\/\/cidadecult.com.br\/index.php?rest_route=\/wp\/v2\/media\/5326"}],"wp:attachment":[{"href":"https:\/\/cidadecult.com.br\/index.php?rest_route=%2Fwp%2Fv2%2Fmedia&parent=5325"}],"wp:term":[{"taxonomy":"category","embeddable":true,"href":"https:\/\/cidadecult.com.br\/index.php?rest_route=%2Fwp%2Fv2%2Fcategories&post=5325"},{"taxonomy":"post_tag","embeddable":true,"href":"https:\/\/cidadecult.com.br\/index.php?rest_route=%2Fwp%2Fv2%2Ftags&post=5325"}],"curies":[{"name":"wp","href":"https:\/\/api.w.org\/{rel}","templated":true}]}}