{"id":5322,"date":"2024-05-24T10:15:50","date_gmt":"2024-05-24T13:15:50","guid":{"rendered":"https:\/\/cidadecult.com.br\/?p=5322"},"modified":"2024-05-24T10:15:52","modified_gmt":"2024-05-24T13:15:52","slug":"agenda-cultural-de-brasilia-hoje-a-26-de-maio","status":"publish","type":"post","link":"https:\/\/cidadecult.com.br\/?p=5322","title":{"rendered":"Agenda cultural de Bras\u00edlia: HOJE a 26 de Maio"},"content":{"rendered":"\n<p><em>Foto: Vanessa Acioly<\/em><\/p>\n\n\n\n<p>Os brasilienses t\u00eam um fim de semana repleto de eventos culturais imperd\u00edveis!. Apartir de hoje (24) at\u00e9 domingo (26), a cidade se transforma em um verdadeiro palco para apresenta\u00e7\u00f5es teatrais, festivais de samba e cultura japonesa, al\u00e9m de uma emocionante exposi\u00e7\u00e3o de carros customizados. <\/p>\n\n\n\n<h4 class=\"wp-block-heading\"><strong>Festival Bonecos de Todo Mundo<\/strong><\/h4>\n\n\n\n<ul class=\"wp-block-list\">\n<li><strong>Local:<\/strong> Ponto de Cultura Inven\u00e7\u00e3o Brasileira, Teatro Yara Amaral do Sesi Taguatinga, Taguaparque<\/li>\n\n\n\n<li><strong>Atividades:<\/strong> Espet\u00e1culos, oficinas e rodas de bate-papo<\/li>\n\n\n\n<li><strong>Acessibilidade:<\/strong> Audiodescri\u00e7\u00e3o, visita guiada para deficientes visuais, interpreta\u00e7\u00e3o em Libras, rampas e espa\u00e7os para cadeiras de rodas<\/li>\n\n\n\n<li><strong>Programa\u00e7\u00e3o Completa:<\/strong> Dispon\u00edvel nas redes sociais do evento<\/li>\n<\/ul>\n\n\n\n<p><strong>Espet\u00e1culo &#8220;Carrego o que Posso, Fa\u00e7o Quintal onde D\u00e1&#8221;<\/strong><\/p>\n\n\n\n<ul class=\"wp-block-list\">\n<li><strong>Datas e Locais:<\/strong><\/li>\n\n\n\n<li>Sexta (24): Pra\u00e7a S\u00e3o Sebasti\u00e3o, Planaltina<\/li>\n\n\n\n<li>S\u00e1bado (25): Pra\u00e7a Central, Parano\u00e1<\/li>\n\n\n\n<li>Domingo (26): Pra\u00e7a da Igreja, Vila Planalto<\/li>\n\n\n\n<li><strong>Hor\u00e1rio:<\/strong> 17h30<\/li>\n\n\n\n<li><strong>Descri\u00e7\u00e3o:<\/strong> Montagem que resgata hist\u00f3rias de mulheres que chegaram a Bras\u00edlia no in\u00edcio da constru\u00e7\u00e3o da capital<\/li>\n<\/ul>\n\n\n\n<p><strong>Espet\u00e1culo &#8220;2+2=5&#8221;<\/strong><\/p>\n\n\n\n<ul class=\"wp-block-list\">\n<li><strong>Local:<\/strong> Teatro Sesc Paulo Gracindo, Gama<\/li>\n\n\n\n<li><strong>Datas e Hor\u00e1rios:<\/strong><\/li>\n\n\n\n<li>Sexta (24): 15h e 19h (com presen\u00e7a de estudantes da rede p\u00fablica)<\/li>\n\n\n\n<li>S\u00e1bado (25) e Domingo (26): 19h30<\/li>\n\n\n\n<li><strong>Descri\u00e7\u00e3o:<\/strong> Adapta\u00e7\u00e3o da obra &#8220;1984&#8221; de George Orwell<\/li>\n<\/ul>\n\n\n\n<h4 class=\"wp-block-heading\"><strong>Festivais<\/strong><\/h4>\n\n\n\n<p><strong>12\u00ba Festival do Jap\u00e3o Bras\u00edlia<\/strong><\/p>\n\n\n\n<ul class=\"wp-block-list\">\n<li><strong>Local:<\/strong> Pavilh\u00e3o de Exposi\u00e7\u00f5es do Parque da Cidade<\/li>\n\n\n\n<li><strong>Datas e Hor\u00e1rios:<\/strong> Sexta a domingo, das 10h \u00e0s 22h<\/li>\n\n\n\n<li><strong>Atividades:<\/strong> Dan\u00e7as t\u00edpicas, gastronomia, exposi\u00e7\u00f5es, oficinas de arte, shows e demonstra\u00e7\u00e3o de artes marciais<\/li>\n\n\n\n<li><strong>Ingressos:<\/strong> Dispon\u00edveis no Sympla<\/li>\n<\/ul>\n\n\n\n<p><strong>Festival Sambadeiras<\/strong><\/p>\n\n\n\n<ul class=\"wp-block-list\">\n<li><strong>Local:<\/strong> Taguaparque<\/li>\n\n\n\n<li><strong>Datas:<\/strong> S\u00e1bado (25) e Domingo (26)<\/li>\n\n\n\n<li><strong>Hor\u00e1rio:<\/strong> A partir das 16h<\/li>\n\n\n\n<li><strong>Descri\u00e7\u00e3o:<\/strong> Shows de grandes cantoras de samba do DF, oficina de samba de roda<\/li>\n\n\n\n<li><strong>Acessibilidade:<\/strong> Espa\u00e7os reservados para pessoas com mobilidade reduzida, idosos, deficientes e guia de cegos, tradu\u00e7\u00e3o em Libras<\/li>\n<\/ul>\n\n\n\n<h4 class=\"wp-block-heading\"><strong>Automobilismo<\/strong><\/h4>\n\n\n\n<p><strong>BSB Underground<\/strong><\/p>\n\n\n\n<ul class=\"wp-block-list\">\n<li><strong>Local:<\/strong> Parque de Exposi\u00e7\u00f5es Granja do Torto<\/li>\n\n\n\n<li><strong>Datas:<\/strong> Sexta (24) a Domingo (26)<\/li>\n\n\n\n<li><strong>Hor\u00e1rios:<\/strong> In\u00edcio sexta \u00e0s 14h, t\u00e9rmino domingo \u00e0s 18h<\/li>\n\n\n\n<li><strong>Atividades:<\/strong> Exposi\u00e7\u00e3o de carros customizados, oficinas de grafite, competi\u00e7\u00f5es de drift, apresenta\u00e7\u00f5es de break dance e dan\u00e7as urbanas<\/li>\n\n\n\n<li><strong>Entrada:<\/strong> Gratuita mediante doa\u00e7\u00e3o de 2 kg de alimentos n\u00e3o perec\u00edveis e retirada de ingressos no site Furando a Fila<\/li>\n<\/ul>\n\n\n\n<h4 class=\"wp-block-heading\"><strong>N\u00e3o perca!<\/strong><\/h4>\n\n\n\n<h4 class=\"wp-block-heading\"><strong>Este fim de semana em Bras\u00edlia est\u00e1 repleto de atividades para todos os gostos e idades. Aproveite a programa\u00e7\u00e3o diversificada e gratuita, participe e enrique\u00e7a seu conhecimento cultural. <\/strong><\/h4>\n\n\n\n<hr class=\"wp-block-separator has-alpha-channel-opacity\"\/>\n","protected":false},"excerpt":{"rendered":"<p>Foto: Vanessa Acioly Os brasilienses t\u00eam um fim de semana repleto de eventos culturais imperd\u00edveis!. Apartir de hoje (24) at\u00e9 domingo (26), a cidade se transforma em um verdadeiro palco para apresenta\u00e7\u00f5es teatrais, festivais de samba e cultura japonesa, al\u00e9m de uma emocionante exposi\u00e7\u00e3o de carros customizados. Festival Bonecos de Todo Mundo Espet\u00e1culo &#8220;Carrego o [&hellip;]<\/p>\n","protected":false},"author":1441,"featured_media":5323,"comment_status":"open","ping_status":"open","sticky":false,"template":"","format":"standard","meta":{"_monsterinsights_skip_tracking":false,"_monsterinsights_sitenote_active":false,"_monsterinsights_sitenote_note":"","_monsterinsights_sitenote_category":0,"footnotes":""},"categories":[41,17,34,39,3,43],"tags":[523,419,403,423,408,973,1238,1568],"class_list":["post-5322","post","type-post","status-publish","format-standard","has-post-thumbnail","hentry","category-agenda","category-bsb","category-destaque","category-economics","category-entertainment","category-releases","tag-acessibilidade","tag-brasiliadf-2","tag-cidadecult-2","tag-cidadecultpordentro-2","tag-cultura-2","tag-danca","tag-maio","tag-pontodeculturainvencaobrasileira"],"_links":{"self":[{"href":"https:\/\/cidadecult.com.br\/index.php?rest_route=\/wp\/v2\/posts\/5322","targetHints":{"allow":["GET"]}}],"collection":[{"href":"https:\/\/cidadecult.com.br\/index.php?rest_route=\/wp\/v2\/posts"}],"about":[{"href":"https:\/\/cidadecult.com.br\/index.php?rest_route=\/wp\/v2\/types\/post"}],"author":[{"embeddable":true,"href":"https:\/\/cidadecult.com.br\/index.php?rest_route=\/wp\/v2\/users\/1441"}],"replies":[{"embeddable":true,"href":"https:\/\/cidadecult.com.br\/index.php?rest_route=%2Fwp%2Fv2%2Fcomments&post=5322"}],"version-history":[{"count":1,"href":"https:\/\/cidadecult.com.br\/index.php?rest_route=\/wp\/v2\/posts\/5322\/revisions"}],"predecessor-version":[{"id":5324,"href":"https:\/\/cidadecult.com.br\/index.php?rest_route=\/wp\/v2\/posts\/5322\/revisions\/5324"}],"wp:featuredmedia":[{"embeddable":true,"href":"https:\/\/cidadecult.com.br\/index.php?rest_route=\/wp\/v2\/media\/5323"}],"wp:attachment":[{"href":"https:\/\/cidadecult.com.br\/index.php?rest_route=%2Fwp%2Fv2%2Fmedia&parent=5322"}],"wp:term":[{"taxonomy":"category","embeddable":true,"href":"https:\/\/cidadecult.com.br\/index.php?rest_route=%2Fwp%2Fv2%2Fcategories&post=5322"},{"taxonomy":"post_tag","embeddable":true,"href":"https:\/\/cidadecult.com.br\/index.php?rest_route=%2Fwp%2Fv2%2Ftags&post=5322"}],"curies":[{"name":"wp","href":"https:\/\/api.w.org\/{rel}","templated":true}]}}