{"id":5319,"date":"2024-05-24T09:45:14","date_gmt":"2024-05-24T12:45:14","guid":{"rendered":"https:\/\/cidadecult.com.br\/?p=5319"},"modified":"2024-05-24T09:45:16","modified_gmt":"2024-05-24T12:45:16","slug":"linguas-africanas-que-fazem-o-brasil-celebra-a-influencia-africana-no-idioma-e-na-cultura-brasileira","status":"publish","type":"post","link":"https:\/\/cidadecult.com.br\/?p=5319","title":{"rendered":"&#8220;L\u00ednguas africanas que fazem o Brasil&#8221; celebra a influ\u00eancia africana no idioma e na cultura brasileira"},"content":{"rendered":"\n<p><em>Foto: Rovena Rosa <\/em><\/p>\n\n\n\n<h4 class=\"wp-block-heading\"><strong>O Museu da L\u00edngua Portuguesa, em S\u00e3o Paulo, inaugura nesta sexta-feira (24) a exposi\u00e7\u00e3o &#8220;L\u00ednguas Africanas que Fazem o Brasil&#8221;. Sob a curadoria do m\u00fasico e fil\u00f3sofo Tigan\u00e1 Santana, a mostra destaca a presen\u00e7a das l\u00ednguas africanas no cotidiano brasileiro, evidenciando como essas influ\u00eancias s\u00e3o parte integrante da nossa fala, escrita e cultura.<\/strong><\/h4>\n\n\n\n<h3 class=\"wp-block-heading\">Palavras de origem africana<\/h3>\n\n\n\n<p>Voc\u00ea sabia que palavras como &#8220;fofoca&#8221;, &#8220;canjica&#8221;, &#8220;moleque&#8221;, &#8220;marimbondo&#8221; e &#8220;ca\u00e7ula&#8221; t\u00eam origem africana? A exposi\u00e7\u00e3o apresenta essas e outras palavras, mostrando a profunda conex\u00e3o entre o idioma portugu\u00eas no Brasil e as l\u00ednguas africanas.<\/p>\n\n\n\n<h3 class=\"wp-block-heading\">Uma experi\u00eancia imersiva<\/h3>\n\n\n\n<p>A mostra oferece uma experi\u00eancia sensorial \u00fanica, com v\u00eddeos, sons e instala\u00e7\u00f5es que permitem aos visitantes sentir e vivenciar as l\u00ednguas africanas. A exposi\u00e7\u00e3o abrange n\u00e3o apenas o aspecto verbal, mas tamb\u00e9m elementos culturais presentes na arquitetura, nas festas populares e nos rituais religiosos.<\/p>\n\n\n\n<h3 class=\"wp-block-heading\">Hist\u00f3ria e legado<\/h3>\n\n\n\n<p>Entre os s\u00e9culos 16 e 19, cerca de 4,8 milh\u00f5es de africanos foram trazidos ao Brasil, e suas l\u00ednguas e culturas tiveram um impacto duradouro na forma\u00e7\u00e3o do portugu\u00eas brasileiro. A exposi\u00e7\u00e3o destaca como as l\u00ednguas iorub\u00e1, eve-fom e do grupo bantu foram fundamentais na configura\u00e7\u00e3o do nosso idioma e cultura.<\/p>\n\n\n\n<h3 class=\"wp-block-heading\">Percurso da exposi\u00e7\u00e3o<\/h3>\n\n\n\n<p>Os visitantes s\u00e3o recebidos por 15 palavras de origem africana, penduradas em estruturas ovais de madeira, acompanhadas de grava\u00e7\u00f5es com suas pron\u00fancias. Adinkras, s\u00edmbolos de escrita do povo Ashanti, est\u00e3o espalhados pelas paredes, seguidos por videoinstala\u00e7\u00f5es que conectam o p\u00fablico ao universo lingu\u00edstico africano.<\/p>\n\n\n\n<h3 class=\"wp-block-heading\">Destaques art\u00edsticos<\/h3>\n\n\n\n<p>A exposi\u00e7\u00e3o inclui obras de artistas como Aline Motta, que explora grafias centro-africanas, e esculturas de Rebeca Carapi\u00e1. Al\u00e9m disso, tecidos da designer Goya Lopes e uma obra do multiartista J. Cunha enriquecem a experi\u00eancia, junto com fotografias e proje\u00e7\u00f5es inspiradas no texto &#8220;Racismo e Sexismo na Cultura Brasileira&#8221;, de L\u00e9lia Gonzales. Para complementar a mostra, o Museu da L\u00edngua Portuguesa oferece uma programa\u00e7\u00e3o especial, incluindo um clube liter\u00e1rio e um sarau. A exposi\u00e7\u00e3o &#8220;L\u00ednguas Africanas que Fazem o Brasil&#8221; estar\u00e1 em cartaz at\u00e9 janeiro do pr\u00f3ximo ano, com entrada gratuita aos s\u00e1bados.<\/p>\n\n\n\n<p>Para mais informa\u00e7\u00f5es, visite o <a href=\"https:\/\/www.museudalinguaportuguesa.org.br\">site do Museu da L\u00edngua Portuguesa<\/a>.<\/p>\n","protected":false},"excerpt":{"rendered":"<p>Foto: Rovena Rosa O Museu da L\u00edngua Portuguesa, em S\u00e3o Paulo, inaugura nesta sexta-feira (24) a exposi\u00e7\u00e3o &#8220;L\u00ednguas Africanas que Fazem o Brasil&#8221;. Sob a curadoria do m\u00fasico e fil\u00f3sofo Tigan\u00e1 Santana, a mostra destaca a presen\u00e7a das l\u00ednguas africanas no cotidiano brasileiro, evidenciando como essas influ\u00eancias s\u00e3o parte integrante da nossa fala, escrita e [&hellip;]<\/p>\n","protected":false},"author":1441,"featured_media":5320,"comment_status":"open","ping_status":"open","sticky":false,"template":"","format":"standard","meta":{"_monsterinsights_skip_tracking":false,"_monsterinsights_sitenote_active":false,"_monsterinsights_sitenote_note":"","_monsterinsights_sitenote_category":0,"footnotes":""},"categories":[49,54,34,290,3,281,43],"tags":[439,408,1567,587,1566,1565,588],"class_list":["post-5319","post","type-post","status-publish","format-standard","has-post-thumbnail","hentry","category-artigos","category-brasil","category-destaque","category-educacao","category-entertainment","category-exposicao","category-releases","tag-brasil-2","tag-cultura-2","tag-experienciaimersiva","tag-exposicao-2","tag-idioma","tag-linguasafricanas","tag-saopaulo"],"_links":{"self":[{"href":"https:\/\/cidadecult.com.br\/index.php?rest_route=\/wp\/v2\/posts\/5319","targetHints":{"allow":["GET"]}}],"collection":[{"href":"https:\/\/cidadecult.com.br\/index.php?rest_route=\/wp\/v2\/posts"}],"about":[{"href":"https:\/\/cidadecult.com.br\/index.php?rest_route=\/wp\/v2\/types\/post"}],"author":[{"embeddable":true,"href":"https:\/\/cidadecult.com.br\/index.php?rest_route=\/wp\/v2\/users\/1441"}],"replies":[{"embeddable":true,"href":"https:\/\/cidadecult.com.br\/index.php?rest_route=%2Fwp%2Fv2%2Fcomments&post=5319"}],"version-history":[{"count":1,"href":"https:\/\/cidadecult.com.br\/index.php?rest_route=\/wp\/v2\/posts\/5319\/revisions"}],"predecessor-version":[{"id":5321,"href":"https:\/\/cidadecult.com.br\/index.php?rest_route=\/wp\/v2\/posts\/5319\/revisions\/5321"}],"wp:featuredmedia":[{"embeddable":true,"href":"https:\/\/cidadecult.com.br\/index.php?rest_route=\/wp\/v2\/media\/5320"}],"wp:attachment":[{"href":"https:\/\/cidadecult.com.br\/index.php?rest_route=%2Fwp%2Fv2%2Fmedia&parent=5319"}],"wp:term":[{"taxonomy":"category","embeddable":true,"href":"https:\/\/cidadecult.com.br\/index.php?rest_route=%2Fwp%2Fv2%2Fcategories&post=5319"},{"taxonomy":"post_tag","embeddable":true,"href":"https:\/\/cidadecult.com.br\/index.php?rest_route=%2Fwp%2Fv2%2Ftags&post=5319"}],"curies":[{"name":"wp","href":"https:\/\/api.w.org\/{rel}","templated":true}]}}