{"id":5290,"date":"2024-05-23T12:25:46","date_gmt":"2024-05-23T15:25:46","guid":{"rendered":"https:\/\/cidadecult.com.br\/?p=5290"},"modified":"2024-05-23T12:25:48","modified_gmt":"2024-05-23T15:25:48","slug":"mistura-geral-musica-uma-celebracao-da-diversidade-musical-brasileira","status":"publish","type":"post","link":"https:\/\/cidadecult.com.br\/?p=5290","title":{"rendered":"Mistura Geral M\u00fasica: uma celebra\u00e7\u00e3o da diversidade musical brasileira"},"content":{"rendered":"\n<p><em>Foto: Fl\u00e1vio Charchar<\/em><\/p>\n\n\n\n<p>O Mistura Geral M\u00fasica chega ao Teatro dos Banc\u00e1rios em Bras\u00edlia para uma celebra\u00e7\u00e3o da riqueza e diversidade da m\u00fasica brasileira contempor\u00e2nea. Este evento \u00fanico re\u00fane grandes nomes da m\u00fasica nacional e expoentes da cena musical local, oferecendo uma experi\u00eancia envolvente e culturalmente enriquecedora.<\/p>\n\n\n\n<p><strong>Marque na agenda !<\/strong><\/p>\n\n\n\n<ul class=\"wp-block-list\">\n<li>30 de maio a 2 de junho, a partir das 20h<\/li>\n<\/ul>\n\n\n\n<p><strong>Local:<\/strong><br>Teatro dos Banc\u00e1rios<br>Endere\u00e7o: EQS 314\/315 Bl. A, Bras\u00edlia<\/p>\n\n\n\n<p><strong>Artistas confirmados:<\/strong><\/p>\n\n\n\n<ul class=\"wp-block-list\">\n<li>Sandra S\u00e1<\/li>\n\n\n\n<li>Seu Preto<\/li>\n\n\n\n<li>Hodari<\/li>\n\n\n\n<li>Let\u00edcia Fialho<\/li>\n\n\n\n<li>Puro Suco<\/li>\n\n\n\n<li>Otto<\/li>\n\n\n\n<li>Ane \u00caoketu<\/li>\n\n\n\n<li>Lirinha<\/li>\n<\/ul>\n\n\n\n<p><strong>Programa\u00e7\u00e3o:<\/strong><\/p>\n\n\n\n<ul class=\"wp-block-list\">\n<li>30\/5: Sandra S\u00e1 e Seu Preto<\/li>\n\n\n\n<li>31\/5: Hodari e Let\u00edcia Fialho<\/li>\n\n\n\n<li>1\/6: Otto e Puro Suco<\/li>\n\n\n\n<li>2\/6: Lirinha e Ane \u00caoketu<\/li>\n<\/ul>\n\n\n\n<p><strong>Ingressos:<\/strong><br>Entrada gratuita, mas solicita-se a colabora\u00e7\u00e3o com a campanha &#8220;Quem tem fome tem pressa&#8221; do Sindicato dos Banc\u00e1rios, mediante doa\u00e7\u00e3o de 1 kg de alimento n\u00e3o perec\u00edvel. Os ingressos podem ser retirados online atrav\u00e9s do <a href=\"https:\/\/www.bing.com\/ck\/a?!&amp;&amp;p=589b9247f5e6151aJmltdHM9MTcxNjQyMjQwMCZpZ3VpZD0xM2Q3NzcyNi1lN2E1LTYzYzQtMTY0Yy02MzM4ZTZhNTYyY2EmaW5zaWQ9NTIwNA&amp;ptn=3&amp;ver=2&amp;hsh=3&amp;fclid=13d77726-e7a5-63c4-164c-6338e6a562ca&amp;psq=sympla&amp;u=a1aHR0cHM6Ly93d3cuc3ltcGxhLmNvbS5ici8&amp;ntb=1\" target=\"_blank\" rel=\"noopener\" title=\"Sympla.\">Sympla.<\/a><\/p>\n\n\n\n<p><strong>Oficinas formativas:<\/strong><\/p>\n\n\n\n<ul class=\"wp-block-list\">\n<li>Musiclar &#8211; Instrumentos Musicais Reciclados, com Kaju e Junai<\/li>\n\n\n\n<li>Poesia Popular Nordestina, com Chico de Assis e Jo\u00e3o Santana<\/li>\n<\/ul>\n\n\n\n<p>Para mais informa\u00e7\u00f5es, acesse o perfil do evento no <a href=\"https:\/\/www.instagram.com\/misturageralfestival?utm_source=ig_web_button_share_sheet&amp;igsh=ZDNlZDc0MzIxNw==\" target=\"_blank\" rel=\"noopener\" title=\"Instagram\">Instagram<\/a><\/p>\n\n\n\n<p><\/p>\n","protected":false},"excerpt":{"rendered":"<p>Foto: Fl\u00e1vio Charchar O Mistura Geral M\u00fasica chega ao Teatro dos Banc\u00e1rios em Bras\u00edlia para uma celebra\u00e7\u00e3o da riqueza e diversidade da m\u00fasica brasileira contempor\u00e2nea. Este evento \u00fanico re\u00fane grandes nomes da m\u00fasica nacional e expoentes da cena musical local, oferecendo uma experi\u00eancia envolvente e culturalmente enriquecedora. Marque na agenda ! Local:Teatro dos Banc\u00e1riosEndere\u00e7o: EQS [&hellip;]<\/p>\n","protected":false},"author":1441,"featured_media":5291,"comment_status":"open","ping_status":"open","sticky":false,"template":"","format":"standard","meta":{"_monsterinsights_skip_tracking":false,"_monsterinsights_sitenote_active":false,"_monsterinsights_sitenote_note":"","_monsterinsights_sitenote_category":0,"footnotes":""},"categories":[41,17,34,3,6,43],"tags":[596,423,428,1542,1171,1479,579,1480,1543],"class_list":["post-5290","post","type-post","status-publish","format-standard","has-post-thumbnail","hentry","category-agenda","category-bsb","category-destaque","category-entertainment","category-music","category-releases","tag-agenda","tag-cidadecultpordentro-2","tag-diversidade","tag-diversidademusicalbrasileira","tag-misturageral","tag-mpb","tag-musica-2","tag-musicabrasileira","tag-teatrodosbancarios"],"_links":{"self":[{"href":"https:\/\/cidadecult.com.br\/index.php?rest_route=\/wp\/v2\/posts\/5290","targetHints":{"allow":["GET"]}}],"collection":[{"href":"https:\/\/cidadecult.com.br\/index.php?rest_route=\/wp\/v2\/posts"}],"about":[{"href":"https:\/\/cidadecult.com.br\/index.php?rest_route=\/wp\/v2\/types\/post"}],"author":[{"embeddable":true,"href":"https:\/\/cidadecult.com.br\/index.php?rest_route=\/wp\/v2\/users\/1441"}],"replies":[{"embeddable":true,"href":"https:\/\/cidadecult.com.br\/index.php?rest_route=%2Fwp%2Fv2%2Fcomments&post=5290"}],"version-history":[{"count":1,"href":"https:\/\/cidadecult.com.br\/index.php?rest_route=\/wp\/v2\/posts\/5290\/revisions"}],"predecessor-version":[{"id":5292,"href":"https:\/\/cidadecult.com.br\/index.php?rest_route=\/wp\/v2\/posts\/5290\/revisions\/5292"}],"wp:featuredmedia":[{"embeddable":true,"href":"https:\/\/cidadecult.com.br\/index.php?rest_route=\/wp\/v2\/media\/5291"}],"wp:attachment":[{"href":"https:\/\/cidadecult.com.br\/index.php?rest_route=%2Fwp%2Fv2%2Fmedia&parent=5290"}],"wp:term":[{"taxonomy":"category","embeddable":true,"href":"https:\/\/cidadecult.com.br\/index.php?rest_route=%2Fwp%2Fv2%2Fcategories&post=5290"},{"taxonomy":"post_tag","embeddable":true,"href":"https:\/\/cidadecult.com.br\/index.php?rest_route=%2Fwp%2Fv2%2Ftags&post=5290"}],"curies":[{"name":"wp","href":"https:\/\/api.w.org\/{rel}","templated":true}]}}