{"id":5287,"date":"2024-05-23T12:24:48","date_gmt":"2024-05-23T15:24:48","guid":{"rendered":"https:\/\/cidadecult.com.br\/?p=5287"},"modified":"2024-05-23T12:24:51","modified_gmt":"2024-05-23T15:24:51","slug":"giro-cultural-2024-celebracao-e-capacitacao-da-cultura-junina-nas-escolas-do-df","status":"publish","type":"post","link":"https:\/\/cidadecult.com.br\/?p=5287","title":{"rendered":"Giro Cultural 2024: celebra\u00e7\u00e3o e capacita\u00e7\u00e3o da cultura junina nas escolas do DF"},"content":{"rendered":"\n<p><em>Foto\/divulga\u00e7\u00e3o<\/em><\/p>\n\n\n\n<p>Com grande entusiasmo, o Giro Cultural 2024 est\u00e1 em pleno andamento, trazendo a alegria e a tradi\u00e7\u00e3o das festividades juninas para escolas do Distrito Federal. O projeto j\u00e1 realizou metade das suas 68 apresenta\u00e7\u00f5es programadas e agora avan\u00e7a para a segunda etapa, focada em fomento e capacita\u00e7\u00e3o. A partir de meados de maio, o Giro Cultural oferecer\u00e1 oficinas de maquiagem art\u00edstica para espet\u00e1culos juninos, ampliando ainda mais o alcance e a qualidade das atividades.<\/p>\n\n\n\n<h3 class=\"wp-block-heading\">Fortalecendo a arte junina<\/h3>\n\n\n\n<p>O Giro Cultural 2024 re\u00fane a maioria das quadrilhas do Distrito Federal e do Entorno, promovendo uma jornada dedicada \u00e0 celebra\u00e7\u00e3o e preserva\u00e7\u00e3o das tradi\u00e7\u00f5es juninas do Brasil. Essa iniciativa visa fortalecer a cadeia produtiva da arte junina, envolvendo alunos, artistas, educadores e comunidades locais, garantindo a continuidade e a vitalidade dessa rica manifesta\u00e7\u00e3o cultural.<\/p>\n\n\n\n<h3 class=\"wp-block-heading\">Entusiasmo da comunidade<\/h3>\n\n\n\n<p>Patrese Ricardo, presidente do Gr\u00eamio Recreativo Arrai\u00e1 Formiga da Ro\u00e7a, expressou sua satisfa\u00e7\u00e3o com o entusiasmo demonstrado pela comunidade: \u201cO Giro Cultural demonstra a for\u00e7a do movimento junino local e fomenta a arte junina como instrumento de transforma\u00e7\u00e3o social para a comunidade do DF.\u201d<\/p>\n\n\n\n<p>Maycon Douglas (Maycolla), presidente da Quadrilha Coisas da Ro\u00e7a, do Parano\u00e1, complementa: \u201cA presen\u00e7a do Giro Cultural nas escolas \u00e9 uma oportunidade \u00fanica de enriquecer a experi\u00eancia educacional dos alunos, professores e comunidade.\u201d<\/p>\n\n\n\n<h3 class=\"wp-block-heading\">Impacto educacional e cultural<\/h3>\n\n\n\n<p>O Giro Cultural desempenha um papel fundamental na promo\u00e7\u00e3o da cultura e da educa\u00e7\u00e3o, levando apresenta\u00e7\u00f5es culturais e atividades relacionadas \u00e0s tradi\u00e7\u00f5es juninas diretamente para as escolas. Ao todo, 66 quadrilhas est\u00e3o se apresentando em escolas p\u00fablicas do Distrito Federal, proporcionando uma experi\u00eancia enriquecedora para alunos, professores e a comunidade em geral.<\/p>\n\n\n\n<h3 class=\"wp-block-heading\">Preservando tradi\u00e7\u00f5es e inspirando gera\u00e7\u00f5es<\/h3>\n\n\n\n<p>Com a experi\u00eancia e o sucesso da edi\u00e7\u00e3o anterior como guia, o Giro Cultural 2024 se prop\u00f5e a enriquecer ainda mais a vida das escolas, dos artistas e das comunidades locais. Ao promover a alegria e a tradi\u00e7\u00e3o das festividades juninas, o projeto n\u00e3o apenas preserva as ra\u00edzes culturais, mas tamb\u00e9m inspira uma nova gera\u00e7\u00e3o de brasileiros a valorizar e participar ativamente da diversidade e vitalidade da cultura.<\/p>\n\n\n\n<p><strong>Servi\u00e7o:<\/strong><\/p>\n\n\n\n<ul class=\"wp-block-list\">\n<li><strong>Giro Cultural 2024<\/strong><\/li>\n\n\n\n<li><strong>Etapa de capacita\u00e7\u00e3o de maquiagem<\/strong><\/li>\n\n\n\n<li><strong>Apresenta\u00e7\u00f5es em escolas p\u00fablicas do DF<\/strong><\/li>\n\n\n\n<li><strong>Instagram:<\/strong> <a href=\"https:\/\/www.instagram.com\/girocultural2024\">Giro Cultural 2024<\/a><\/li>\n\n\n\n<li><strong>Atendimento \u00e0 imprensa:<\/strong> Contato dispon\u00edvel no perfil do Instagram.<\/li>\n<\/ul>\n\n\n\n<p>Acompanhe todas as novidades e participe dessa celebra\u00e7\u00e3o cultural do Giro Cultural 2024!<\/p>\n","protected":false},"excerpt":{"rendered":"<p>Foto\/divulga\u00e7\u00e3o Com grande entusiasmo, o Giro Cultural 2024 est\u00e1 em pleno andamento, trazendo a alegria e a tradi\u00e7\u00e3o das festividades juninas para escolas do Distrito Federal. O projeto j\u00e1 realizou metade das suas 68 apresenta\u00e7\u00f5es programadas e agora avan\u00e7a para a segunda etapa, focada em fomento e capacita\u00e7\u00e3o. A partir de meados de maio, o [&hellip;]<\/p>\n","protected":false},"author":1441,"featured_media":5288,"comment_status":"open","ping_status":"open","sticky":false,"template":"","format":"standard","meta":{"_monsterinsights_skip_tracking":false,"_monsterinsights_sitenote_active":false,"_monsterinsights_sitenote_note":"","_monsterinsights_sitenote_category":0,"footnotes":""},"categories":[49,17,34,39,290,43],"tags":[405,423,408,1540,491,431,407],"class_list":["post-5287","post","type-post","status-publish","format-standard","has-post-thumbnail","hentry","category-artigos","category-bsb","category-destaque","category-economics","category-educacao","category-releases","tag-arte-2","tag-cidadecultpordentro-2","tag-cultura-2","tag-culturajunina","tag-df-2","tag-distritofederal-2","tag-entreterimento"],"_links":{"self":[{"href":"https:\/\/cidadecult.com.br\/index.php?rest_route=\/wp\/v2\/posts\/5287","targetHints":{"allow":["GET"]}}],"collection":[{"href":"https:\/\/cidadecult.com.br\/index.php?rest_route=\/wp\/v2\/posts"}],"about":[{"href":"https:\/\/cidadecult.com.br\/index.php?rest_route=\/wp\/v2\/types\/post"}],"author":[{"embeddable":true,"href":"https:\/\/cidadecult.com.br\/index.php?rest_route=\/wp\/v2\/users\/1441"}],"replies":[{"embeddable":true,"href":"https:\/\/cidadecult.com.br\/index.php?rest_route=%2Fwp%2Fv2%2Fcomments&post=5287"}],"version-history":[{"count":1,"href":"https:\/\/cidadecult.com.br\/index.php?rest_route=\/wp\/v2\/posts\/5287\/revisions"}],"predecessor-version":[{"id":5289,"href":"https:\/\/cidadecult.com.br\/index.php?rest_route=\/wp\/v2\/posts\/5287\/revisions\/5289"}],"wp:featuredmedia":[{"embeddable":true,"href":"https:\/\/cidadecult.com.br\/index.php?rest_route=\/wp\/v2\/media\/5288"}],"wp:attachment":[{"href":"https:\/\/cidadecult.com.br\/index.php?rest_route=%2Fwp%2Fv2%2Fmedia&parent=5287"}],"wp:term":[{"taxonomy":"category","embeddable":true,"href":"https:\/\/cidadecult.com.br\/index.php?rest_route=%2Fwp%2Fv2%2Fcategories&post=5287"},{"taxonomy":"post_tag","embeddable":true,"href":"https:\/\/cidadecult.com.br\/index.php?rest_route=%2Fwp%2Fv2%2Ftags&post=5287"}],"curies":[{"name":"wp","href":"https:\/\/api.w.org\/{rel}","templated":true}]}}