{"id":5256,"date":"2024-05-22T12:17:40","date_gmt":"2024-05-22T15:17:40","guid":{"rendered":"https:\/\/cidadecult.com.br\/?p=5256"},"modified":"2024-05-22T12:17:42","modified_gmt":"2024-05-22T15:17:42","slug":"cena-expandida-festival-de-teatro-comunidade-de-brasilia","status":"publish","type":"post","link":"https:\/\/cidadecult.com.br\/?p=5256","title":{"rendered":"Cena Expandida &#8211; Festival de Teatro &#038; Comunidade de Bras\u00edlia"},"content":{"rendered":"\n<p><em>Foto\/divulga\u00e7\u00e3o<\/em><\/p>\n\n\n\n<p>Bem-vindo ao Cena Expandida, um festival vibrante que celebra a diversidade art\u00edstica e cultural de Bras\u00edlia. O Cena Expandida \u00e9 mais do que um simples festival de teatro &#8211; \u00e9 uma celebra\u00e7\u00e3o da comunidade, da arte e da diversidade. Em sua 1\u00aa edi\u00e7\u00e3o, estamos ocupando o Complexo Cultural de Planaltina com uma programa\u00e7\u00e3o imperd\u00edvel de espet\u00e1culos, oficinas e rodas de conversa. <\/p>\n\n\n\n<p><strong>Data e local:<\/strong><br>16 a 24 de maio de 2024<br>Complexo Cultural de Planaltina<br>Avenida Uberdan Cardoso \u2013 St Administrativo Lote 2 \u2013 Planaltina<\/p>\n\n\n\n<p><strong>Entrada gratuita:<\/strong><br>Todas as atividades do Cena Expandida s\u00e3o gratuitas! Venha se juntar a n\u00f3s e mergulhar em uma semana repleta de arte, aprendizado e reflex\u00e3o.<\/p>\n\n\n\n<p><strong>Programa\u00e7\u00e3o:<\/strong><\/p>\n\n\n\n<ul class=\"wp-block-list\">\n<li>7 pe\u00e7as teatrais locais e nacionais que abordam quest\u00f5es sociais, pol\u00edticas e existenciais.<\/li>\n\n\n\n<li>Oficinas ministradas por grupos renomados de S\u00e3o Paulo e Rio de Janeiro.<\/li>\n\n\n\n<li>Rodas de conversa sobre o fazer art\u00edstico, inclus\u00e3o e democratiza\u00e7\u00e3o da arte.<\/li>\n<\/ul>\n\n\n\n<p><strong>Destaques da semana:<\/strong><\/p>\n\n\n\n<ul class=\"wp-block-list\">\n<li><strong>Curso de teatro e performance negra:<\/strong> Grupo Embara\u00e7a (DF)<br>Data: 22 de maio, das 15h \u00e0s 17h<\/li>\n\n\n\n<li><strong>Oficina remixagens biogr\u00e1ficas &#8211; autorrepresenta\u00e7\u00e3o e depoimento:<\/strong> Museu dos Meninos (RJ)<br>Data: 23 de maio, das 14h \u00e0s 16h<\/li>\n<\/ul>\n\n\n\n<p><strong>Homenageados:<\/strong><br>Este ano, estamos honrando duas figuras incr\u00edveis da cena cultural de Bras\u00edlia: Isabel Cavalcante e Preto Rezende. Sua contribui\u00e7\u00e3o para a arte e cultura locais \u00e9 inestim\u00e1vel.<\/p>\n\n\n\n<p><strong>Mais informa\u00e7\u00f5es:<\/strong><br>Para conferir a programa\u00e7\u00e3o completa, hor\u00e1rios e classifica\u00e7\u00e3o indicativa de cada atividade, visite nosso site: <a href=\"www.festivalcenaexpandida.com.br\">www.festivalcenaexpandida.com.br<\/a><\/p>\n\n\n\n<p>Siga-nos tamb\u00e9m no Instagram: <a href=\"https:\/\/www.instagram.com\/festivalcenaexpandida\/\">@festivalcenaexpandida<\/a> para ficar por dentro de todas as novidades e atualiza\u00e7\u00f5es do festival.<\/p>\n\n\n\n<p>Junte-se a n\u00f3s neste encontro \u00fanico de arte, cultura e comunidade!<\/p>\n\n\n\n<p><\/p>\n","protected":false},"excerpt":{"rendered":"<p>Foto\/divulga\u00e7\u00e3o Bem-vindo ao Cena Expandida, um festival vibrante que celebra a diversidade art\u00edstica e cultural de Bras\u00edlia. O Cena Expandida \u00e9 mais do que um simples festival de teatro &#8211; \u00e9 uma celebra\u00e7\u00e3o da comunidade, da arte e da diversidade. Em sua 1\u00aa edi\u00e7\u00e3o, estamos ocupando o Complexo Cultural de Planaltina com uma programa\u00e7\u00e3o imperd\u00edvel [&hellip;]<\/p>\n","protected":false},"author":1441,"featured_media":5257,"comment_status":"open","ping_status":"open","sticky":false,"template":"","format":"standard","meta":{"_monsterinsights_skip_tracking":false,"_monsterinsights_sitenote_active":false,"_monsterinsights_sitenote_note":"","_monsterinsights_sitenote_category":0,"footnotes":""},"categories":[49,17,34,43,401],"tags":[429,1515,828,676,407,1273],"class_list":["post-5256","post","type-post","status-publish","format-standard","has-post-thumbnail","hentry","category-artigos","category-bsb","category-destaque","category-releases","category-teatro","tag-brasilia-3","tag-cenaexpandida","tag-complexocultural","tag-cult","tag-entreterimento","tag-festivaldeteatro"],"_links":{"self":[{"href":"https:\/\/cidadecult.com.br\/index.php?rest_route=\/wp\/v2\/posts\/5256","targetHints":{"allow":["GET"]}}],"collection":[{"href":"https:\/\/cidadecult.com.br\/index.php?rest_route=\/wp\/v2\/posts"}],"about":[{"href":"https:\/\/cidadecult.com.br\/index.php?rest_route=\/wp\/v2\/types\/post"}],"author":[{"embeddable":true,"href":"https:\/\/cidadecult.com.br\/index.php?rest_route=\/wp\/v2\/users\/1441"}],"replies":[{"embeddable":true,"href":"https:\/\/cidadecult.com.br\/index.php?rest_route=%2Fwp%2Fv2%2Fcomments&post=5256"}],"version-history":[{"count":1,"href":"https:\/\/cidadecult.com.br\/index.php?rest_route=\/wp\/v2\/posts\/5256\/revisions"}],"predecessor-version":[{"id":5258,"href":"https:\/\/cidadecult.com.br\/index.php?rest_route=\/wp\/v2\/posts\/5256\/revisions\/5258"}],"wp:featuredmedia":[{"embeddable":true,"href":"https:\/\/cidadecult.com.br\/index.php?rest_route=\/wp\/v2\/media\/5257"}],"wp:attachment":[{"href":"https:\/\/cidadecult.com.br\/index.php?rest_route=%2Fwp%2Fv2%2Fmedia&parent=5256"}],"wp:term":[{"taxonomy":"category","embeddable":true,"href":"https:\/\/cidadecult.com.br\/index.php?rest_route=%2Fwp%2Fv2%2Fcategories&post=5256"},{"taxonomy":"post_tag","embeddable":true,"href":"https:\/\/cidadecult.com.br\/index.php?rest_route=%2Fwp%2Fv2%2Ftags&post=5256"}],"curies":[{"name":"wp","href":"https:\/\/api.w.org\/{rel}","templated":true}]}}