{"id":5151,"date":"2024-05-17T12:57:48","date_gmt":"2024-05-17T15:57:48","guid":{"rendered":"https:\/\/cidadecult.com.br\/?p=5151"},"modified":"2024-05-17T13:05:57","modified_gmt":"2024-05-17T16:05:57","slug":"festival-sambadeiras-celebrando-a-mulher-na-cultura-popular","status":"publish","type":"post","link":"https:\/\/cidadecult.com.br\/?p=5151","title":{"rendered":"Festival Sambadeiras: celebrando a mulher na cultura popular"},"content":{"rendered":"\n<p><em>Foto\/divulga\u00e7\u00e3o<\/em><\/p>\n\n\n\n<p>Venha se encantar com a segunda edi\u00e7\u00e3o do Festival Sambadeiras, um evento que destaca o talento e a import\u00e2ncia da mulher na cultura popular, com foco especial na m\u00fasica do Distrito Federal. Com uma programa\u00e7\u00e3o diversificada, que inclui apresenta\u00e7\u00f5es musicais, oficinas e homenagens, o festival promete uma celebra\u00e7\u00e3o \u00fanica da arte e da inclus\u00e3o.<\/p>\n\n\n\n<p>O Festival Sambadeiras \u00e9 realizado com recursos do Fundo de Apoio \u00e0 Cultura do Distrito Federal (FAC), com apoio da Secretaria de Cultura e Economia Criativa do DF e da Agenda Cultural Bras\u00edlia. Esta iniciativa visa n\u00e3o apenas celebrar a arte e a m\u00fasica, mas tamb\u00e9m promover a diversidade e a inclus\u00e3o, colocando a mulher como protagonista de sua exist\u00eancia na cultura popular.<\/p>\n\n\n\n<p>O Festival Sambadeiras re\u00fane algumas das mais renomadas cantoras de samba do DF, juntamente com o Coletivo Sambadeiras de Roda, formado exclusivamente por mulheres. Al\u00e9m disso, contaremos com a participa\u00e7\u00e3o especial de descendentes de Dona Dalva Damiana de Freitas, a rainha do samba de roda, trazendo um peda\u00e7o do ritmo do Rec\u00f4ncavo Baiano.<\/p>\n\n\n\n<p>Destacamos tamb\u00e9m a realiza\u00e7\u00e3o de uma emocionante oficina de Samba de Roda com Any e Ana Olga, uma oportunidade \u00fanica de mergulhar na tradi\u00e7\u00e3o e na hist\u00f3ria desse ritmo contagiante.<\/p>\n\n\n\n<p><strong>Destaques:<\/strong><\/p>\n\n\n\n<ul class=\"wp-block-list\">\n<li>Apresenta\u00e7\u00f5es de grandes nomes do samba do DF, como Kiki Oliveira, Rosemaria, Martinha do Coco, Renata Jambeiro e muito mais.<\/li>\n\n\n\n<li>Homenagem \u00e0 tradi\u00e7\u00e3o do samba de roda com a participa\u00e7\u00e3o especial de Any e Ana Olga, neta e filha de Dona Dalva.<\/li>\n\n\n\n<li>Acessibilidade garantida com espa\u00e7os reservados para pessoas com mobilidade reduzida, idosos, portadores de defici\u00eancia e servi\u00e7o de guia para cegos.<\/li>\n\n\n\n<li>Tradu\u00e7\u00e3o em LIBRAS para tornar as apresenta\u00e7\u00f5es acess\u00edveis a todos os p\u00fablicos.<\/li>\n<\/ul>\n\n\n\n<p><strong>Informa\u00e7\u00f5es pr\u00e1ticas:<\/strong><\/p>\n\n\n\n<ul class=\"wp-block-list\">\n<li><strong>Local:<\/strong> Taguapark (25\/05 e 01\/06) e Casa de Cultura do Guar\u00e1 (01\/06 e 02\/06)<\/li>\n\n\n\n<li><strong>Data e Hor\u00e1rio:<\/strong> De 25 de maio a 02 de junho. S\u00e1bados e domingos, a partir das 17h.<\/li>\n\n\n\n<li><strong>Entrada:<\/strong> Franca<\/li>\n<\/ul>\n\n\n\n<p>Venha fazer parte desta celebra\u00e7\u00e3o \u00fanica! Junte-se a n\u00f3s no Festival Sambadeiras e deixe-se envolver pela magia do samba e pela for\u00e7a da mulher na cultura brasileira.<\/p>\n","protected":false},"excerpt":{"rendered":"<p>Foto\/divulga\u00e7\u00e3o Venha se encantar com a segunda edi\u00e7\u00e3o do Festival Sambadeiras, um evento que destaca o talento e a import\u00e2ncia da mulher na cultura popular, com foco especial na m\u00fasica do Distrito Federal. Com uma programa\u00e7\u00e3o diversificada, que inclui apresenta\u00e7\u00f5es musicais, oficinas e homenagens, o festival promete uma celebra\u00e7\u00e3o \u00fanica da arte e da inclus\u00e3o. [&hellip;]<\/p>\n","protected":false},"author":1441,"featured_media":5155,"comment_status":"open","ping_status":"open","sticky":false,"template":"","format":"standard","meta":{"_monsterinsights_skip_tracking":false,"_monsterinsights_sitenote_active":false,"_monsterinsights_sitenote_note":"","_monsterinsights_sitenote_category":0,"footnotes":""},"categories":[41,17,34,3,43],"tags":[405,419,407,1451,1452,579],"class_list":["post-5151","post","type-post","status-publish","format-standard","has-post-thumbnail","hentry","category-agenda","category-bsb","category-destaque","category-entertainment","category-releases","tag-arte-2","tag-brasiliadf-2","tag-entreterimento","tag-festivalsambadeiras","tag-mulhernaculturapopular","tag-musica-2"],"_links":{"self":[{"href":"https:\/\/cidadecult.com.br\/index.php?rest_route=\/wp\/v2\/posts\/5151","targetHints":{"allow":["GET"]}}],"collection":[{"href":"https:\/\/cidadecult.com.br\/index.php?rest_route=\/wp\/v2\/posts"}],"about":[{"href":"https:\/\/cidadecult.com.br\/index.php?rest_route=\/wp\/v2\/types\/post"}],"author":[{"embeddable":true,"href":"https:\/\/cidadecult.com.br\/index.php?rest_route=\/wp\/v2\/users\/1441"}],"replies":[{"embeddable":true,"href":"https:\/\/cidadecult.com.br\/index.php?rest_route=%2Fwp%2Fv2%2Fcomments&post=5151"}],"version-history":[{"count":1,"href":"https:\/\/cidadecult.com.br\/index.php?rest_route=\/wp\/v2\/posts\/5151\/revisions"}],"predecessor-version":[{"id":5153,"href":"https:\/\/cidadecult.com.br\/index.php?rest_route=\/wp\/v2\/posts\/5151\/revisions\/5153"}],"wp:featuredmedia":[{"embeddable":true,"href":"https:\/\/cidadecult.com.br\/index.php?rest_route=\/wp\/v2\/media\/5155"}],"wp:attachment":[{"href":"https:\/\/cidadecult.com.br\/index.php?rest_route=%2Fwp%2Fv2%2Fmedia&parent=5151"}],"wp:term":[{"taxonomy":"category","embeddable":true,"href":"https:\/\/cidadecult.com.br\/index.php?rest_route=%2Fwp%2Fv2%2Fcategories&post=5151"},{"taxonomy":"post_tag","embeddable":true,"href":"https:\/\/cidadecult.com.br\/index.php?rest_route=%2Fwp%2Fv2%2Ftags&post=5151"}],"curies":[{"name":"wp","href":"https:\/\/api.w.org\/{rel}","templated":true}]}}