{"id":5022,"date":"2024-05-13T10:45:35","date_gmt":"2024-05-13T13:45:35","guid":{"rendered":"https:\/\/cidadecult.com.br\/?p=5022"},"modified":"2024-05-13T10:45:37","modified_gmt":"2024-05-13T13:45:37","slug":"governo-do-distrito-federal-envia-equipe-especializada-para-auxiliar-vitimas-das-enchentes-no-rio-grande-do-sul","status":"publish","type":"post","link":"https:\/\/cidadecult.com.br\/?p=5022","title":{"rendered":"Governo do Distrito Federal envia equipe especializada para auxiliar v\u00edtimas das enchentes no Rio Grande do Sul"},"content":{"rendered":"\n<p><em>Foto: Renato Alves<\/em><\/p>\n\n\n\n<p>Em um gesto de solidariedade e coopera\u00e7\u00e3o, o Governo do Distrito Federal (GDF) mobilizou uma equipe de servidores altamente capacitados para refor\u00e7ar as opera\u00e7\u00f5es de assist\u00eancia social no Rio Grande do Sul, regi\u00e3o assolada por enchentes e temporais devastadores. Esses especialistas, treinados para lidar com calamidades p\u00fablicas, foram enviados em parceria com o Minist\u00e9rio do Desenvolvimento Social para atuar na gest\u00e3o de abrigos e prestar apoio direto \u00e0s fam\u00edlias impactadas por essa trag\u00e9dia.<\/p>\n\n\n\n<p>Al\u00e9m disso, o GDF est\u00e1 liderando uma campanha abrangente de arrecada\u00e7\u00e3o de doa\u00e7\u00f5es, reunindo recursos e suprimentos essenciais para ajudar a suprir as necessidades imediatas das comunidades afetadas. Essa iniciativa envolve n\u00e3o apenas \u00f3rg\u00e3os governamentais, mas tamb\u00e9m a participa\u00e7\u00e3o ativa da sociedade civil, demonstrando uma resposta unida e solid\u00e1ria diante dos desafios enfrentados pelos nossos compatriotas no Sul do pa\u00eds.<\/p>\n\n\n\n<p>Essa a\u00e7\u00e3o coordenada reflete o compromisso do GDF em n\u00e3o apenas oferecer assist\u00eancia pr\u00e1tica, mas tamb\u00e9m em expressar empatia e solidariedade para com aqueles que enfrentam momentos de adversidade. \u00c9 um testemunho poderoso do esp\u00edrito de comunidade e da capacidade de colabora\u00e7\u00e3o entre diferentes regi\u00f5es do Brasil, em tempos de necessidade.<\/p>\n\n\n\n<p><\/p>\n","protected":false},"excerpt":{"rendered":"<p>Foto: Renato Alves Em um gesto de solidariedade e coopera\u00e7\u00e3o, o Governo do Distrito Federal (GDF) mobilizou uma equipe de servidores altamente capacitados para refor\u00e7ar as opera\u00e7\u00f5es de assist\u00eancia social no Rio Grande do Sul, regi\u00e3o assolada por enchentes e temporais devastadores. Esses especialistas, treinados para lidar com calamidades p\u00fablicas, foram enviados em parceria com [&hellip;]<\/p>\n","protected":false},"author":1441,"featured_media":5023,"comment_status":"open","ping_status":"open","sticky":false,"template":"","format":"standard","meta":{"_monsterinsights_skip_tracking":false,"_monsterinsights_sitenote_active":false,"_monsterinsights_sitenote_note":"","_monsterinsights_sitenote_category":0,"footnotes":""},"categories":[49,54,17,34,43],"tags":[746,423,1360,431,520,1280,216],"class_list":["post-5022","post","type-post","status-publish","format-standard","has-post-thumbnail","hentry","category-artigos","category-brasil","category-bsb","category-destaque","category-releases","tag-2024-2","tag-cidadecultpordentro-2","tag-cidadecultporummundomelhor","tag-distritofederal-2","tag-gdf-2","tag-riograndedosul","tag-solidariedade"],"_links":{"self":[{"href":"https:\/\/cidadecult.com.br\/index.php?rest_route=\/wp\/v2\/posts\/5022","targetHints":{"allow":["GET"]}}],"collection":[{"href":"https:\/\/cidadecult.com.br\/index.php?rest_route=\/wp\/v2\/posts"}],"about":[{"href":"https:\/\/cidadecult.com.br\/index.php?rest_route=\/wp\/v2\/types\/post"}],"author":[{"embeddable":true,"href":"https:\/\/cidadecult.com.br\/index.php?rest_route=\/wp\/v2\/users\/1441"}],"replies":[{"embeddable":true,"href":"https:\/\/cidadecult.com.br\/index.php?rest_route=%2Fwp%2Fv2%2Fcomments&post=5022"}],"version-history":[{"count":1,"href":"https:\/\/cidadecult.com.br\/index.php?rest_route=\/wp\/v2\/posts\/5022\/revisions"}],"predecessor-version":[{"id":5024,"href":"https:\/\/cidadecult.com.br\/index.php?rest_route=\/wp\/v2\/posts\/5022\/revisions\/5024"}],"wp:featuredmedia":[{"embeddable":true,"href":"https:\/\/cidadecult.com.br\/index.php?rest_route=\/wp\/v2\/media\/5023"}],"wp:attachment":[{"href":"https:\/\/cidadecult.com.br\/index.php?rest_route=%2Fwp%2Fv2%2Fmedia&parent=5022"}],"wp:term":[{"taxonomy":"category","embeddable":true,"href":"https:\/\/cidadecult.com.br\/index.php?rest_route=%2Fwp%2Fv2%2Fcategories&post=5022"},{"taxonomy":"post_tag","embeddable":true,"href":"https:\/\/cidadecult.com.br\/index.php?rest_route=%2Fwp%2Fv2%2Ftags&post=5022"}],"curies":[{"name":"wp","href":"https:\/\/api.w.org\/{rel}","templated":true}]}}