{"id":5019,"date":"2024-05-13T10:33:50","date_gmt":"2024-05-13T13:33:50","guid":{"rendered":"https:\/\/cidadecult.com.br\/?p=5019"},"modified":"2024-05-13T10:33:53","modified_gmt":"2024-05-13T13:33:53","slug":"festival-de-teatro-comunidade-de-brasilia-ocupando-espacos-celebrando-a-arte-e-a-diversidade","status":"publish","type":"post","link":"https:\/\/cidadecult.com.br\/?p=5019","title":{"rendered":"Festival de Teatro &amp; Comunidade de Bras\u00edlia: ocupando espa\u00e7os, celebrando a arte e a diversidade"},"content":{"rendered":"\n<p><em>Foto\/divulga\u00e7\u00e3o<\/em><\/p>\n\n\n\n<p>Seja bem-vindo \u00e0<strong> 1\u00aa edi\u00e7\u00e3o<\/strong> do <strong>Cena Expandida &#8211; Festival de Teatro &amp; Comunidade de Bras\u00edlia!<\/strong>. Este evento \u00fanico promete uma semana repleta de espet\u00e1culos emocionantes, oficinas inspiradoras e rodas de conversa enriquecedoras. Marcando presen\u00e7a no cora\u00e7\u00e3o cultural da cidade, o Complexo Cultural de Planaltina, estamos prontos para mergulhar nas profundezas das narrativas teatrais, promovendo a reflex\u00e3o, a celebra\u00e7\u00e3o da diversidade e a busca por espa\u00e7os mais inclusivos e democr\u00e1ticos.<\/p>\n\n\n\n<p><strong>Sobre o festival:<\/strong><br>O Cena Expandida nasce da vis\u00e3o de artistas comprometidos com a promo\u00e7\u00e3o da arte como um meio de transforma\u00e7\u00e3o social. Idealizado por Jonathan Andrade e Wellington de Oliveira, duas figuras proeminentes na cena cultural local e nacional, o festival \u00e9 realizado com o apoio do Fundo de Apoio \u00e0 Cultura do Distrito Federal (FAC\/DF). Nosso objetivo \u00e9 proporcionar um encontro verdadeiramente inclusivo, unindo artistas, produtores e o p\u00fablico em geral para explorar os desafios e as maravilhas do fazer art\u00edstico de maneira coletiva.<\/p>\n\n\n\n<p>Prepare-se para uma programa\u00e7\u00e3o diversificada e emocionante! Com sete pe\u00e7as teatrais, oficinas conduzidas por grupos renomados de S\u00e3o Paulo e Rio de Janeiro, al\u00e9m de rodas de conversa abordando temas essenciais como inclus\u00e3o, acessibilidade e democratiza\u00e7\u00e3o da arte, o Cena Expandida promete uma experi\u00eancia enriquecedora para todos os participantes. Desde os espet\u00e1culos que abordam quest\u00f5es sociais e pol\u00edticas at\u00e9 as atividades formativas que incentivam a express\u00e3o criativa, h\u00e1 algo para todos os gostos e interesses.<\/p>\n\n\n\n<p><strong>Data:<\/strong> 16 a 24 de maio de 2024<br><strong>Local:<\/strong> Complexo Cultural de Planaltina (Avenida Uberdan Cardoso \u2013 St Administrativo Lote 2 \u2013 Planaltina)<br><strong>Entrada:<\/strong> Gratuita<\/p>\n\n\n\n<p><strong>Destaque da programa\u00e7\u00e3o:<\/strong><\/p>\n\n\n\n<ul class=\"wp-block-list\">\n<li><em>Ledores do Breu<\/em> &#8211; Cia do Tijolo (SP)<\/li>\n\n\n\n<li><em>Pai Nosso<\/em> &#8211; Coletivo ARAR (DF)<\/li>\n\n\n\n<li><em>Atos de F\u00e9 \u2013 O Que Te Move?<\/em> &#8211; Transi\u00e7\u00f5es Cia de Dan\u00e7a e Arte (DF)<\/li>\n\n\n\n<li><em>Afeto<\/em> &#8211; Grupo Embara\u00e7a (DF)<\/li>\n\n\n\n<li><em>Ovelha Dolly<\/em> &#8211; Michele Santini e Fernando Carvalho (DF)<\/li>\n\n\n\n<li><em>Bendita Dica<\/em> &#8211; Cia Burlesca (DF)<\/li>\n\n\n\n<li><em>Arqueologias do Futuro<\/em> &#8211; Museu dos Meninos (RJ)<\/li>\n<\/ul>\n\n\n\n<p>N\u00e3o perca a oportunidade de participar de oficinas inspiradoras e interativas, ministradas por alguns dos mais talentosos grupos de teatro do pa\u00eds. Aprenda, experimente e conecte-se com outros apaixonados por arte!<\/p>\n\n\n\n<p><strong>Homenagens especiais:<\/strong><br>Este ano, o Cena Expandida tem a honra de homenagear Isabel Cavalcante e Preto Rezende, duas personalidades que contribu\u00edram imensamente para o cen\u00e1rio cultural de Bras\u00edlia e do Distrito Federal.<\/p>\n\n\n\n<p><strong>Como Participar:<\/strong><br>A entrada \u00e9 gratuita para todos os eventos do festival. Consulte a programa\u00e7\u00e3o completa, hor\u00e1rios, atividades e classifica\u00e7\u00e3o indicativa de cada espet\u00e1culo\/oficina em nosso site oficial: <a href=\"www.festivalcenaexpandida.com.br\">www.festivalcenaexpandida.com.br<\/a>. Para mais informa\u00e7\u00f5es, siga-nos no Instagram: @festivalcenaexpandida.<\/p>\n\n\n\n<p><strong>Venha fazer parte deste momento \u00fanico de celebra\u00e7\u00e3o da arte, da diversidade e da comunidade! Nos vemos no Cena Expandida &#8211; Festival de Teatro &amp; Comunidade de Bras\u00edlia!<\/strong><\/p>\n","protected":false},"excerpt":{"rendered":"<p>Foto\/divulga\u00e7\u00e3o Seja bem-vindo \u00e0 1\u00aa edi\u00e7\u00e3o do Cena Expandida &#8211; Festival de Teatro &amp; Comunidade de Bras\u00edlia!. Este evento \u00fanico promete uma semana repleta de espet\u00e1culos emocionantes, oficinas inspiradoras e rodas de conversa enriquecedoras. Marcando presen\u00e7a no cora\u00e7\u00e3o cultural da cidade, o Complexo Cultural de Planaltina, estamos prontos para mergulhar nas profundezas das narrativas teatrais, [&hellip;]<\/p>\n","protected":false},"author":1441,"featured_media":5020,"comment_status":"open","ping_status":"open","sticky":false,"template":"","format":"standard","meta":{"_monsterinsights_skip_tracking":false,"_monsterinsights_sitenote_active":false,"_monsterinsights_sitenote_note":"","_monsterinsights_sitenote_category":0,"footnotes":""},"categories":[41,17,34,39,43,401],"tags":[405,429,403,423,408,431,428,407,640],"class_list":["post-5019","post","type-post","status-publish","format-standard","has-post-thumbnail","hentry","category-agenda","category-bsb","category-destaque","category-economics","category-releases","category-teatro","tag-arte-2","tag-brasilia-3","tag-cidadecult-2","tag-cidadecultpordentro-2","tag-cultura-2","tag-distritofederal-2","tag-diversidade","tag-entreterimento","tag-teatro-2"],"_links":{"self":[{"href":"https:\/\/cidadecult.com.br\/index.php?rest_route=\/wp\/v2\/posts\/5019","targetHints":{"allow":["GET"]}}],"collection":[{"href":"https:\/\/cidadecult.com.br\/index.php?rest_route=\/wp\/v2\/posts"}],"about":[{"href":"https:\/\/cidadecult.com.br\/index.php?rest_route=\/wp\/v2\/types\/post"}],"author":[{"embeddable":true,"href":"https:\/\/cidadecult.com.br\/index.php?rest_route=\/wp\/v2\/users\/1441"}],"replies":[{"embeddable":true,"href":"https:\/\/cidadecult.com.br\/index.php?rest_route=%2Fwp%2Fv2%2Fcomments&post=5019"}],"version-history":[{"count":1,"href":"https:\/\/cidadecult.com.br\/index.php?rest_route=\/wp\/v2\/posts\/5019\/revisions"}],"predecessor-version":[{"id":5021,"href":"https:\/\/cidadecult.com.br\/index.php?rest_route=\/wp\/v2\/posts\/5019\/revisions\/5021"}],"wp:featuredmedia":[{"embeddable":true,"href":"https:\/\/cidadecult.com.br\/index.php?rest_route=\/wp\/v2\/media\/5020"}],"wp:attachment":[{"href":"https:\/\/cidadecult.com.br\/index.php?rest_route=%2Fwp%2Fv2%2Fmedia&parent=5019"}],"wp:term":[{"taxonomy":"category","embeddable":true,"href":"https:\/\/cidadecult.com.br\/index.php?rest_route=%2Fwp%2Fv2%2Fcategories&post=5019"},{"taxonomy":"post_tag","embeddable":true,"href":"https:\/\/cidadecult.com.br\/index.php?rest_route=%2Fwp%2Fv2%2Ftags&post=5019"}],"curies":[{"name":"wp","href":"https:\/\/api.w.org\/{rel}","templated":true}]}}