{"id":4995,"date":"2024-05-10T10:08:19","date_gmt":"2024-05-10T13:08:19","guid":{"rendered":"https:\/\/cidadecult.com.br\/?p=4995"},"modified":"2024-05-10T10:08:21","modified_gmt":"2024-05-10T13:08:21","slug":"exposicao-no-mis-destaca-o-olhar-de-sebastiao-salgado-sobre-a-revolucao-dos-cravos-em-portugal","status":"publish","type":"post","link":"https:\/\/cidadecult.com.br\/?p=4995","title":{"rendered":"Exposi\u00e7\u00e3o no MIS destaca o olhar de Sebasti\u00e3o Salgado sobre a revolu\u00e7\u00e3o dos cravos em Portugal"},"content":{"rendered":"\n<p><em>\u00a0Foto:\u00a0<\/em>Rovena Rosa<\/p>\n\n\n\n<p>Uma emocionante exposi\u00e7\u00e3o est\u00e1 prestes a ser inaugurada no Museu da Imagem e do Som (MIS) em S\u00e3o Paulo, trazendo \u00e0 luz o trabalho ic\u00f4nico do renomado fot\u00f3grafo brasileiro Sebasti\u00e3o Salgado. A mostra, intitulada &#8220;50 anos da Revolu\u00e7\u00e3o dos Cravos em Portugal&#8221;, oferece um olhar profundo e aut\u00eantico sobre o hist\u00f3rico evento que marcou o fim da ditadura em Portugal e o advento da democracia.<\/p>\n\n\n\n<p>Organizada pela curadoria de L\u00e9lia Wanick Salgado, esposa de Sebasti\u00e3o Salgado, a exposi\u00e7\u00e3o apresenta dezenas de fotografias in\u00e9ditas em preto e branco, capturadas durante os primeiros anos da carreira do fot\u00f3grafo. Essas imagens n\u00e3o apenas documentam os acontecimentos da Revolu\u00e7\u00e3o dos Cravos, mas tamb\u00e9m refletem a perspectiva subjetiva e interpretativa de Salgado sobre esse momento crucial da hist\u00f3ria.<\/p>\n\n\n\n<p>Al\u00e9m da exposi\u00e7\u00e3o de Salgado, o MIS tamb\u00e9m abriga outras seis mostras fotogr\u00e1ficas, que variam desde trabalhos experimentais at\u00e9 registros hist\u00f3ricos e \u00edntimos. Entre elas, destacam-se &#8220;Infravermelho, uma Realidade Oculta&#8221;, do talentoso artista Bruno Mathias, e &#8220;Encontros&#8221;, da fot\u00f3grafa Thereza Eug\u00eania, que oferece um olhar \u00edntimo sobre a conviv\u00eancia de artistas brasileiros renomados.<\/p>\n\n\n\n<p>O Maio Fotografia no MIS promete ser um evento imperd\u00edvel para todos os entusiastas da arte visual. Com uma programa\u00e7\u00e3o diversificada que inclui lan\u00e7amentos de livros, conversas com artistas e uma variedade de atividades relacionadas \u00e0 fotografia, esta \u00e9 uma oportunidade \u00fanica para mergulhar no mundo da fotografia e explorar sua capacidade de capturar momentos hist\u00f3ricos e emocionantes.<\/p>\n\n\n\n<p>Para mais informa\u00e7\u00f5es sobre o Maio Fotografia no MIS e as exposi\u00e7\u00f5es em destaque, visite o <a href=\"https:\/\/mis-sp.org.br\/exposicao\/maio-fotografia-no-mis-2024\/\" target=\"_blank\" rel=\"noopener\" title=\"site do museu \">site do museu <\/a>e garanta sua visita. N\u00e3o perca essa chance de vivenciar a arte e a hist\u00f3ria atrav\u00e9s das lentes de alguns dos fot\u00f3grafos mais talentosos do Brasil e do mundo.<\/p>\n","protected":false},"excerpt":{"rendered":"<p>\u00a0Foto:\u00a0Rovena Rosa Uma emocionante exposi\u00e7\u00e3o est\u00e1 prestes a ser inaugurada no Museu da Imagem e do Som (MIS) em S\u00e3o Paulo, trazendo \u00e0 luz o trabalho ic\u00f4nico do renomado fot\u00f3grafo brasileiro Sebasti\u00e3o Salgado. A mostra, intitulada &#8220;50 anos da Revolu\u00e7\u00e3o dos Cravos em Portugal&#8221;, oferece um olhar profundo e aut\u00eantico sobre o hist\u00f3rico evento que [&hellip;]<\/p>\n","protected":false},"author":1441,"featured_media":4996,"comment_status":"open","ping_status":"open","sticky":false,"template":"","format":"standard","meta":{"_monsterinsights_skip_tracking":false,"_monsterinsights_sitenote_active":false,"_monsterinsights_sitenote_note":"","_monsterinsights_sitenote_category":0,"footnotes":""},"categories":[49,54,34,290,3,281,43],"tags":[405,439,403,423,408,435,407,1337],"class_list":["post-4995","post","type-post","status-publish","format-standard","has-post-thumbnail","hentry","category-artigos","category-brasil","category-destaque","category-educacao","category-entertainment","category-exposicao","category-releases","tag-arte-2","tag-brasil-2","tag-cidadecult-2","tag-cidadecultpordentro-2","tag-cultura-2","tag-educacao-2","tag-entreterimento","tag-portugal"],"_links":{"self":[{"href":"https:\/\/cidadecult.com.br\/index.php?rest_route=\/wp\/v2\/posts\/4995","targetHints":{"allow":["GET"]}}],"collection":[{"href":"https:\/\/cidadecult.com.br\/index.php?rest_route=\/wp\/v2\/posts"}],"about":[{"href":"https:\/\/cidadecult.com.br\/index.php?rest_route=\/wp\/v2\/types\/post"}],"author":[{"embeddable":true,"href":"https:\/\/cidadecult.com.br\/index.php?rest_route=\/wp\/v2\/users\/1441"}],"replies":[{"embeddable":true,"href":"https:\/\/cidadecult.com.br\/index.php?rest_route=%2Fwp%2Fv2%2Fcomments&post=4995"}],"version-history":[{"count":1,"href":"https:\/\/cidadecult.com.br\/index.php?rest_route=\/wp\/v2\/posts\/4995\/revisions"}],"predecessor-version":[{"id":4997,"href":"https:\/\/cidadecult.com.br\/index.php?rest_route=\/wp\/v2\/posts\/4995\/revisions\/4997"}],"wp:featuredmedia":[{"embeddable":true,"href":"https:\/\/cidadecult.com.br\/index.php?rest_route=\/wp\/v2\/media\/4996"}],"wp:attachment":[{"href":"https:\/\/cidadecult.com.br\/index.php?rest_route=%2Fwp%2Fv2%2Fmedia&parent=4995"}],"wp:term":[{"taxonomy":"category","embeddable":true,"href":"https:\/\/cidadecult.com.br\/index.php?rest_route=%2Fwp%2Fv2%2Fcategories&post=4995"},{"taxonomy":"post_tag","embeddable":true,"href":"https:\/\/cidadecult.com.br\/index.php?rest_route=%2Fwp%2Fv2%2Ftags&post=4995"}],"curies":[{"name":"wp","href":"https:\/\/api.w.org\/{rel}","templated":true}]}}