{"id":4992,"date":"2024-05-10T09:57:10","date_gmt":"2024-05-10T12:57:10","guid":{"rendered":"https:\/\/cidadecult.com.br\/?p=4992"},"modified":"2024-05-10T09:57:12","modified_gmt":"2024-05-10T12:57:12","slug":"fim-de-semana-cultural-agitado-no-distrito-federal","status":"publish","type":"post","link":"https:\/\/cidadecult.com.br\/?p=4992","title":{"rendered":"Fim de semana cultural agitado no Distrito Federal !"},"content":{"rendered":"\n<p><em>Foto\/divulga\u00e7\u00e3o<\/em><\/p>\n\n\n\n<p>Este fim de semana, o Distrito Federal se prepara para uma explos\u00e3o de cultura e divers\u00e3o com uma variedade de eventos gratuitos para todas as idades e interesses. Organizados com o apoio das secretarias de Turismo e de Cultura e Economia Criativa, e acontecendo em locais p\u00fablicos de gest\u00e3o do Governo do Distrito Federal, estas atividades prometem encantar brasilienses e visitantes.<\/p>\n\n\n\n<p><strong>Destaques:<\/strong><\/p>\n\n\n\n<ul class=\"wp-block-list\">\n<li><strong>Cinema brasiliense no Cine Bras\u00edlia:<\/strong> Ap\u00f3s uma s\u00e9rie de obras de manuten\u00e7\u00e3o, o Cine Bras\u00edlia abre suas portas para a mostra cinema brasiliense, apresentando filmes produzidos por talentosos cineastas da capital. A sele\u00e7\u00e3o inclui longas e curtas-metragens, oferecendo uma vis\u00e3o \u00fanica da criatividade local. A mostra \u00e9 gratuita e vai at\u00e9 o dia 19 de maio.<\/li>\n\n\n\n<li><strong>142\u00aa Festa do Divino Esp\u00edrito Santo de Planaltina:<\/strong> Para os devotos e interessados na cultura religiosa, a 142\u00aa Festa do Divino Esp\u00edrito Santo em Planaltina \u00e9 uma oportunidade imperd\u00edvel. As celebra\u00e7\u00f5es incluem missas, novenas e eventos festivos, proporcionando uma experi\u00eancia espiritual e cultural \u00fanica que culmina no Domingo de Pentecostes.<\/li>\n\n\n\n<li><strong>Canteiro do Samba De Roda:<\/strong> A tradi\u00e7\u00e3o do samba ganha vida no Canteiro do Samba De Roda, que acontece na Galeria dos Estados, Setor Comercial Sul. Com duas rodas de samba e cinco atra\u00e7\u00f5es, este evento promete anima\u00e7\u00e3o sem fim para os amantes da m\u00fasica e da dan\u00e7a. A entrada \u00e9 gratuita, mas os ingressos devem ser retirados antecipadamente na plataforma Sympla.<\/li>\n\n\n\n<li><strong>17\u00ba Sal\u00e3o do artesanato:<\/strong> Explore a riqueza da arte e cultura brasileira no 17\u00ba Sal\u00e3o do Artesanato, localizado na varanda do shopping P\u00e1tio Brasil. Com mais de 800 pe\u00e7as em exibi\u00e7\u00e3o, esta \u00e9 uma oportunidade \u00fanica para adquirir obras exclusivas e mergulhar na diversidade das t\u00e9cnicas artesanais de todo o pa\u00eds. O evento oferece tamb\u00e9m oficinas gratuitas de diversas pr\u00e1ticas artesanais.<\/li>\n\n\n\n<li><strong>Mestres do Brasil \u2013 I encontro de mestras e mestres das culturas populares:<\/strong> Celebre a diversidade das tradi\u00e7\u00f5es culturais brasileiras no Mestres do Brasil, um encontro que re\u00fane mestres e mestras de diferentes estados para compartilhar saberes, apresentar m\u00fasicas e brincadeiras populares, e discutir pol\u00edticas p\u00fablicas para preserva\u00e7\u00e3o e valoriza\u00e7\u00e3o da cultura popular. O evento \u00e9 gratuito e acontece no Eixo Cultural Ibero-americano at\u00e9 domingo.<\/li>\n<\/ul>\n\n\n\n<p>Com uma programa\u00e7\u00e3o t\u00e3o diversificada e gratuita, o fim de semana no Distrito Federal promete ser inesquec\u00edvel, proporcionando momentos de cultura, divers\u00e3o e aprendizado para toda a fam\u00edlia. N\u00e3o perca a oportunidade de participar desses eventos incr\u00edveis e celebrar a riqueza cultural da nossa cidade!<\/p>\n","protected":false},"excerpt":{"rendered":"<p>Foto\/divulga\u00e7\u00e3o Este fim de semana, o Distrito Federal se prepara para uma explos\u00e3o de cultura e divers\u00e3o com uma variedade de eventos gratuitos para todas as idades e interesses. Organizados com o apoio das secretarias de Turismo e de Cultura e Economia Criativa, e acontecendo em locais p\u00fablicos de gest\u00e3o do Governo do Distrito Federal, [&hellip;]<\/p>\n","protected":false},"author":1441,"featured_media":4993,"comment_status":"open","ping_status":"open","sticky":false,"template":"","format":"standard","meta":{"_monsterinsights_skip_tracking":false,"_monsterinsights_sitenote_active":false,"_monsterinsights_sitenote_note":"","_monsterinsights_sitenote_category":0,"footnotes":""},"categories":[41,49,17,34,3,43],"tags":[405,429,403,423,408,431,407,499,520,1335],"class_list":["post-4992","post","type-post","status-publish","format-standard","has-post-thumbnail","hentry","category-agenda","category-artigos","category-bsb","category-destaque","category-entertainment","category-releases","tag-arte-2","tag-brasilia-3","tag-cidadecult-2","tag-cidadecultpordentro-2","tag-cultura-2","tag-distritofederal-2","tag-entreterimento","tag-fimdesemanacultural","tag-gdf-2","tag-riquezacultural"],"_links":{"self":[{"href":"https:\/\/cidadecult.com.br\/index.php?rest_route=\/wp\/v2\/posts\/4992","targetHints":{"allow":["GET"]}}],"collection":[{"href":"https:\/\/cidadecult.com.br\/index.php?rest_route=\/wp\/v2\/posts"}],"about":[{"href":"https:\/\/cidadecult.com.br\/index.php?rest_route=\/wp\/v2\/types\/post"}],"author":[{"embeddable":true,"href":"https:\/\/cidadecult.com.br\/index.php?rest_route=\/wp\/v2\/users\/1441"}],"replies":[{"embeddable":true,"href":"https:\/\/cidadecult.com.br\/index.php?rest_route=%2Fwp%2Fv2%2Fcomments&post=4992"}],"version-history":[{"count":1,"href":"https:\/\/cidadecult.com.br\/index.php?rest_route=\/wp\/v2\/posts\/4992\/revisions"}],"predecessor-version":[{"id":4994,"href":"https:\/\/cidadecult.com.br\/index.php?rest_route=\/wp\/v2\/posts\/4992\/revisions\/4994"}],"wp:featuredmedia":[{"embeddable":true,"href":"https:\/\/cidadecult.com.br\/index.php?rest_route=\/wp\/v2\/media\/4993"}],"wp:attachment":[{"href":"https:\/\/cidadecult.com.br\/index.php?rest_route=%2Fwp%2Fv2%2Fmedia&parent=4992"}],"wp:term":[{"taxonomy":"category","embeddable":true,"href":"https:\/\/cidadecult.com.br\/index.php?rest_route=%2Fwp%2Fv2%2Fcategories&post=4992"},{"taxonomy":"post_tag","embeddable":true,"href":"https:\/\/cidadecult.com.br\/index.php?rest_route=%2Fwp%2Fv2%2Ftags&post=4992"}],"curies":[{"name":"wp","href":"https:\/\/api.w.org\/{rel}","templated":true}]}}