{"id":4986,"date":"2024-05-09T12:27:33","date_gmt":"2024-05-09T15:27:33","guid":{"rendered":"https:\/\/cidadecult.com.br\/?p=4986"},"modified":"2024-05-09T12:27:35","modified_gmt":"2024-05-09T15:27:35","slug":"fernanda-abreu-e-blitz-no-capital-moto-week-2024-uma-noite-memoravel-de-musica-e-emocao","status":"publish","type":"post","link":"https:\/\/cidadecult.com.br\/?p=4986","title":{"rendered":"Fernanda Abreu e Blitz no Capital Moto Week 2024: uma noite memor\u00e1vel de m\u00fasica e emo\u00e7\u00e3o"},"content":{"rendered":"\n<p><em>Foto\/divulga\u00e7\u00e3o<\/em><\/p>\n\n\n\n<p>Uma fus\u00e3o \u00fanica de talento e nostalgia aguarda os f\u00e3s de m\u00fasica e motociclismo no Capital Moto Week 2024. Fernanda Abreu e Blitz v\u00e3o incendiar o palco principal com uma mistura arrebatadora de sucessos solo e cl\u00e1ssicos da banda. Prepare-se para uma noite que vai ficar marcada na hist\u00f3ria deste lend\u00e1rio festival!<\/p>\n\n\n\n<p>Prepare-se para uma experi\u00eancia musical que transcende o ordin\u00e1rio! No encerramento do Capital Moto Week 2024, no dia 27 de julho, Bras\u00edlia vai testemunhar um espet\u00e1culo que promete unir gera\u00e7\u00f5es e estilos. Fernanda Abreu e Blitz, duas for\u00e7as incontest\u00e1veis da m\u00fasica brasileira, se re\u00fanem em uma noite memor\u00e1vel que promete empolgar at\u00e9 os cora\u00e7\u00f5es mais exigentes.<\/p>\n\n\n\n<p>Fernanda Abreu, a ic\u00f4nica cantora, compositora e bailarina que conquistou o pa\u00eds com sua irrever\u00eancia e talento, vai iluminar o palco com sua presen\u00e7a marcante. Desde os primeiros acordes at\u00e9 os movimentos de dan\u00e7a contagiantes, ela nos levar\u00e1 por uma jornada atrav\u00e9s de seus maiores sucessos, incluindo &#8220;Veneno da Lata&#8221;, &#8220;Jorge de Capad\u00f3cia&#8221; e &#8220;Rio 40 graus&#8221;. E como cereja do bolo, uma emocionante reuni\u00e3o com sua antiga banda, a Blitz, para uma participa\u00e7\u00e3o especial que certamente vai reavivar mem\u00f3rias e emocionar os f\u00e3s de longa data.<\/p>\n\n\n\n<p>E falando em Blitz, essa lenda do rock nacional n\u00e3o precisa de apresenta\u00e7\u00f5es. Com seu estilo \u00fanico que mescla rock, pop, funk, reggae, samba e blues, a banda conquistou o cora\u00e7\u00e3o do Brasil nos anos 80 e continua a encantar plateias at\u00e9 os dias de hoje. Prepare-se para cantar e dan\u00e7ar ao som de cl\u00e1ssicos como &#8220;Voc\u00ea n\u00e3o soube me amar&#8221; e &#8220;Mais uma de amor (Geme Geme)&#8221; em uma performance que promete elevar a temperatura do festival a n\u00edveis estratosf\u00e9ricos.<\/p>\n\n\n\n<p>Para os amantes da m\u00fasica e das duas rodas, o Capital Moto Week 2024 \u00e9 o lugar onde a divers\u00e3o e a emo\u00e7\u00e3o se encontram. N\u00e3o perca a oportunidade de fazer parte deste momento hist\u00f3rico e garanta j\u00e1 o seu ingresso para uma noite que ser\u00e1 lembrada por muito tempo!<\/p>\n\n\n\n<p><strong>Informa\u00e7\u00f5es:<\/strong><\/p>\n\n\n\n<ul class=\"wp-block-list\">\n<li><strong>Quando:<\/strong> 18 a 27 de julho de 2024<\/li>\n\n\n\n<li><strong>Onde:<\/strong> Parque Granja do Torto | Bras\u00edlia (DF)<\/li>\n\n\n\n<li><strong>Ingressos:<\/strong> Dispon\u00edveis em www.bilheteriadigital.com\/capitalmotoweek<\/li>\n\n\n\n<li><strong>Informa\u00e7\u00f5es para Imprensa:<\/strong> (11) 99541-1710 | (61) 98112-2757<\/li>\n\n\n\n<li><strong>Banco de Imagens:<\/strong> Drive CMW | E-mail: imprensa@capitalmotoweek.com.br<\/li>\n\n\n\n<li><strong>Sala de Imprensa:<\/strong> <a href=\"https:\/\/www.capitalmotoweek.com.br\/news\">https:\/\/www.capitalmotoweek.com.br\/news<\/a><\/li>\n<\/ul>\n\n\n\n<p><strong>Observa\u00e7\u00f5es:<\/strong><\/p>\n\n\n\n<ul class=\"wp-block-list\">\n<li>Motociclistas sem garupa e pilotando n\u00e3o pagam.<\/li>\n\n\n\n<li>Motos com garupa entram gr\u00e1tis de segunda a sexta-feira at\u00e9 as 18h e, aos s\u00e1bados e domingos, at\u00e9 \u00e0s 15h.<\/li>\n\n\n\n<li>Crian\u00e7as de at\u00e9 12 anos n\u00e3o pagam, desde que acompanhadas de seu respons\u00e1vel.<\/li>\n\n\n\n<li>Menores de 16 anos somente acompanhados de um respons\u00e1vel legal.<\/li>\n\n\n\n<li>Ingresso solid\u00e1rio \u00e9 concedido para quem levar lixo eletr\u00f4nico ou 1kg de alimento n\u00e3o perec\u00edvel.<\/li>\n\n\n\n<li>PCD tem acesso gr\u00e1tis e, se necessitar de acompanhante, este tamb\u00e9m tem gratuidade.<\/li>\n\n\n\n<li>Pessoas 60 anos ou mais t\u00eam direito \u00e0 meia-entrada.<\/li>\n\n\n\n<li>Obrigat\u00f3ria apresenta\u00e7\u00e3o de documento de comprova\u00e7\u00e3o v\u00e1lido de meia-entrada no momento do acesso.<\/li>\n<\/ul>\n","protected":false},"excerpt":{"rendered":"<p>Foto\/divulga\u00e7\u00e3o Uma fus\u00e3o \u00fanica de talento e nostalgia aguarda os f\u00e3s de m\u00fasica e motociclismo no Capital Moto Week 2024. Fernanda Abreu e Blitz v\u00e3o incendiar o palco principal com uma mistura arrebatadora de sucessos solo e cl\u00e1ssicos da banda. Prepare-se para uma noite que vai ficar marcada na hist\u00f3ria deste lend\u00e1rio festival! Prepare-se para [&hellip;]<\/p>\n","protected":false},"author":1441,"featured_media":4987,"comment_status":"open","ping_status":"open","sticky":false,"template":"","format":"standard","meta":{"_monsterinsights_skip_tracking":false,"_monsterinsights_sitenote_active":false,"_monsterinsights_sitenote_note":"","_monsterinsights_sitenote_category":0,"footnotes":""},"categories":[41,17,34,43],"tags":[405,429,419,808,403,423,408,431,407,579],"class_list":["post-4986","post","type-post","status-publish","format-standard","has-post-thumbnail","hentry","category-agenda","category-bsb","category-destaque","category-releases","tag-arte-2","tag-brasilia-3","tag-brasiliadf-2","tag-capitalmotoweek24","tag-cidadecult-2","tag-cidadecultpordentro-2","tag-cultura-2","tag-distritofederal-2","tag-entreterimento","tag-musica-2"],"_links":{"self":[{"href":"https:\/\/cidadecult.com.br\/index.php?rest_route=\/wp\/v2\/posts\/4986","targetHints":{"allow":["GET"]}}],"collection":[{"href":"https:\/\/cidadecult.com.br\/index.php?rest_route=\/wp\/v2\/posts"}],"about":[{"href":"https:\/\/cidadecult.com.br\/index.php?rest_route=\/wp\/v2\/types\/post"}],"author":[{"embeddable":true,"href":"https:\/\/cidadecult.com.br\/index.php?rest_route=\/wp\/v2\/users\/1441"}],"replies":[{"embeddable":true,"href":"https:\/\/cidadecult.com.br\/index.php?rest_route=%2Fwp%2Fv2%2Fcomments&post=4986"}],"version-history":[{"count":1,"href":"https:\/\/cidadecult.com.br\/index.php?rest_route=\/wp\/v2\/posts\/4986\/revisions"}],"predecessor-version":[{"id":4988,"href":"https:\/\/cidadecult.com.br\/index.php?rest_route=\/wp\/v2\/posts\/4986\/revisions\/4988"}],"wp:featuredmedia":[{"embeddable":true,"href":"https:\/\/cidadecult.com.br\/index.php?rest_route=\/wp\/v2\/media\/4987"}],"wp:attachment":[{"href":"https:\/\/cidadecult.com.br\/index.php?rest_route=%2Fwp%2Fv2%2Fmedia&parent=4986"}],"wp:term":[{"taxonomy":"category","embeddable":true,"href":"https:\/\/cidadecult.com.br\/index.php?rest_route=%2Fwp%2Fv2%2Fcategories&post=4986"},{"taxonomy":"post_tag","embeddable":true,"href":"https:\/\/cidadecult.com.br\/index.php?rest_route=%2Fwp%2Fv2%2Ftags&post=4986"}],"curies":[{"name":"wp","href":"https:\/\/api.w.org\/{rel}","templated":true}]}}