{"id":4975,"date":"2024-05-09T11:01:07","date_gmt":"2024-05-09T14:01:07","guid":{"rendered":"https:\/\/cidadecult.com.br\/?p=4975"},"modified":"2024-05-09T11:01:08","modified_gmt":"2024-05-09T14:01:08","slug":"viva-uma-noite-de-musica-classica-concerto-de-violao-erudito-com-ramon-paraguai-no-4o-festival-estacao-da-musica","status":"publish","type":"post","link":"https:\/\/cidadecult.com.br\/?p=4975","title":{"rendered":"Viva uma noite de m\u00fasica cl\u00e1ssica: concerto de viol\u00e3o erudito com Ramon Paraguai no 4\u00ba Festival Esta\u00e7\u00e3o da M\u00fasica"},"content":{"rendered":"\n<p><em>Foto\/divulga\u00e7\u00e3o<\/em><\/p>\n\n\n\n<p>Junte-se a n\u00f3s para uma noite de deleite musical e descubra os encantos do viol\u00e3o erudito sob os talentosos dedos de Ramon Paraguai. Nascido em Luzi\u00e2nia\/GO e com forma\u00e7\u00e3o na Escola de M\u00fasica de Bras\u00edlia, Ramon \u00e9 um m\u00fasico talentoso que traz consigo uma fus\u00e3o \u00fanica de influ\u00eancias sul-americanas e arranjos originais para o viol\u00e3o. Sua paix\u00e3o pela m\u00fasica cl\u00e1ssica e sua dedica\u00e7\u00e3o aos estudos s\u00e3o evidentes em cada nota que ele toca.<\/p>\n\n\n\n<p>Este evento faz parte do compromisso em promover e apoiar a cena cultural local. O Festival Esta\u00e7\u00e3o da M\u00fasica \u00e9 uma oportunidade para os amantes da m\u00fasica cl\u00e1ssica mergulharem em um mundo de beleza sonora e talento art\u00edstico. Al\u00e9m da apresenta\u00e7\u00e3o de Ramon Paraguai, o festival conta com uma variedade de artistas, incluindo solistas, duos, trios e quartetos, oferecendo uma experi\u00eancia diversificada e enriquecedora para o p\u00fablico.<\/p>\n\n\n\n<p>A entrada \u00e9 mediante contribui\u00e7\u00e3o volunt\u00e1ria, tornando este evento acess\u00edvel a todos os membros da comunidade. Traga sua fam\u00edlia, convide seus amigos e venha se encantar com a magia da m\u00fasica cl\u00e1ssica em uma noite que promete ser memor\u00e1vel.<\/p>\n\n\n\n<p><strong>Informa\u00e7\u00f5es:<\/strong><\/p>\n\n\n\n<ul class=\"wp-block-list\">\n<li><strong>Data:<\/strong> 9 e 10 de maio de 2024<\/li>\n\n\n\n<li><strong>Hor\u00e1rio:<\/strong> 20 horas<\/li>\n<\/ul>\n\n\n\n<p><strong>Local:<\/strong><br>Teatro da Cia L\u00e1bios da Lua<br>Quadra 4, lote 16 &#8211; Setor Sul Comercial &#8211; Gama<\/p>\n\n\n\n<p><strong>Ingressos:<\/strong><br>Contribui\u00e7\u00e3o Volunt\u00e1ria &#8211; Sua generosidade apoia a cultura local!<\/p>\n\n\n\n<p><strong>Classifica\u00e7\u00e3o:<\/strong><br>Livre &#8211; Um evento para todas as idades!<\/p>\n\n\n\n<p><strong>N\u00e3o perca esta oportunidade \u00fanica de desfrutar de m\u00fasica de alta qualidade e celebrar a cultura local. <\/strong><\/p>\n","protected":false},"excerpt":{"rendered":"<p>Foto\/divulga\u00e7\u00e3o Junte-se a n\u00f3s para uma noite de deleite musical e descubra os encantos do viol\u00e3o erudito sob os talentosos dedos de Ramon Paraguai. Nascido em Luzi\u00e2nia\/GO e com forma\u00e7\u00e3o na Escola de M\u00fasica de Bras\u00edlia, Ramon \u00e9 um m\u00fasico talentoso que traz consigo uma fus\u00e3o \u00fanica de influ\u00eancias sul-americanas e arranjos originais para o [&hellip;]<\/p>\n","protected":false},"author":1441,"featured_media":4976,"comment_status":"open","ping_status":"open","sticky":false,"template":"","format":"standard","meta":{"_monsterinsights_skip_tracking":false,"_monsterinsights_sitenote_active":false,"_monsterinsights_sitenote_note":"","_monsterinsights_sitenote_category":0,"footnotes":""},"categories":[41,17,34,3,6,35],"tags":[405,403,423,1327,408,845,407,579],"class_list":["post-4975","post","type-post","status-publish","format-standard","has-post-thumbnail","hentry","category-agenda","category-bsb","category-destaque","category-entertainment","category-music","category-business-news365","tag-arte-2","tag-cidadecult-2","tag-cidadecultpordentro-2","tag-concerto4festivalestacaodamusica","tag-cultura-2","tag-emb","tag-entreterimento","tag-musica-2"],"_links":{"self":[{"href":"https:\/\/cidadecult.com.br\/index.php?rest_route=\/wp\/v2\/posts\/4975","targetHints":{"allow":["GET"]}}],"collection":[{"href":"https:\/\/cidadecult.com.br\/index.php?rest_route=\/wp\/v2\/posts"}],"about":[{"href":"https:\/\/cidadecult.com.br\/index.php?rest_route=\/wp\/v2\/types\/post"}],"author":[{"embeddable":true,"href":"https:\/\/cidadecult.com.br\/index.php?rest_route=\/wp\/v2\/users\/1441"}],"replies":[{"embeddable":true,"href":"https:\/\/cidadecult.com.br\/index.php?rest_route=%2Fwp%2Fv2%2Fcomments&post=4975"}],"version-history":[{"count":1,"href":"https:\/\/cidadecult.com.br\/index.php?rest_route=\/wp\/v2\/posts\/4975\/revisions"}],"predecessor-version":[{"id":4977,"href":"https:\/\/cidadecult.com.br\/index.php?rest_route=\/wp\/v2\/posts\/4975\/revisions\/4977"}],"wp:featuredmedia":[{"embeddable":true,"href":"https:\/\/cidadecult.com.br\/index.php?rest_route=\/wp\/v2\/media\/4976"}],"wp:attachment":[{"href":"https:\/\/cidadecult.com.br\/index.php?rest_route=%2Fwp%2Fv2%2Fmedia&parent=4975"}],"wp:term":[{"taxonomy":"category","embeddable":true,"href":"https:\/\/cidadecult.com.br\/index.php?rest_route=%2Fwp%2Fv2%2Fcategories&post=4975"},{"taxonomy":"post_tag","embeddable":true,"href":"https:\/\/cidadecult.com.br\/index.php?rest_route=%2Fwp%2Fv2%2Ftags&post=4975"}],"curies":[{"name":"wp","href":"https:\/\/api.w.org\/{rel}","templated":true}]}}