{"id":4972,"date":"2024-05-09T10:45:56","date_gmt":"2024-05-09T13:45:56","guid":{"rendered":"https:\/\/cidadecult.com.br\/?p=4972"},"modified":"2024-05-09T10:45:57","modified_gmt":"2024-05-09T13:45:57","slug":"descubra-as-raizes-negras-de-brasilia-tour-brasilia-negra","status":"publish","type":"post","link":"https:\/\/cidadecult.com.br\/?p=4972","title":{"rendered":"Descubra as ra\u00edzes negras de Bras\u00edlia &#8220;Tour Bras\u00edlia Negra&#8221;"},"content":{"rendered":"\n<p><em>Foto\/divulga\u00e7\u00e3o<\/em><\/p>\n\n\n\n<p>Embarque em uma jornada fascinante pelas ra\u00edzes afro-brasileiras da capital federal com o <strong>Tour Bras\u00edlia Negra<\/strong>. Conduzido pela renomada ag\u00eancia &#8220;Me Leva Cerrado&#8221; em parceria com a plataforma de <em>Afroturismo Guia Negro<\/em>, este passeio oferece uma experi\u00eancia imersiva que celebra as contribui\u00e7\u00f5es hist\u00f3ricas e culturais da comunidade negra em Bras\u00edlia.<\/p>\n\n\n\n<p><strong>Data e hor\u00e1rio:<\/strong> Marque na sua agenda o dia <strong>11 de Maio<\/strong>, <strong>das 9h30 \u00e0s 13h30<\/strong>, para uma viv\u00eancia \u00fanica e enriquecedora.<\/p>\n\n\n\n<p><strong>Ponto de encontro:<\/strong> Nos encontraremos na vibrante <strong>Pra\u00e7a Zumbi dos Palmares, localizada no Conic (SDS)<\/strong>, um espa\u00e7o simb\u00f3lico que reflete a resist\u00eancia e a luta pela liberdade. O endere\u00e7o completo \u00e9 <strong>Pra\u00e7a Zumbi dos Palmares &#8211; SDS &#8211; Bras\u00edlia, DF, 70297-400.<\/strong><\/p>\n\n\n\n<p><strong>O que esperar:<\/strong><\/p>\n\n\n\n<ol class=\"wp-block-list\">\n<li><strong>Explora\u00e7\u00e3o profunda:<\/strong> Durante aproximadamente 4 horas, voc\u00ea ser\u00e1 guiado(a) por oito pontos tur\u00edsticos ic\u00f4nicos da capital, mergulhando nas hist\u00f3rias muitas vezes negligenciadas nos registros convencionais.<\/li>\n\n\n\n<li><strong>Narrativas significativas:<\/strong> Descubra personalidades negras influentes, mergulhe na rica espiritualidade da religi\u00e3o afro-brasileira e conhe\u00e7a os eventos marcantes que moldaram Bras\u00edlia.<\/li>\n\n\n\n<li><strong>Lideran\u00e7a especializada:<\/strong> Seu guia ser\u00e1 Bianca D\u2019Aya, uma experiente bacharela em turismo, que combina conhecimento especializado com uma abordagem leve e descontra\u00edda, garantindo uma experi\u00eancia educativa e cativante.<\/li>\n<\/ol>\n\n\n\n<p>Os <strong>ingressos <\/strong>para este evento imperd\u00edvel est\u00e3o dispon\u00edveis por apenas R$ 120,00. Reserve seu lugar agora mesmo atrav\u00e9s do link <a href=\"linktr.ee\/melevacerrado\">linktr.ee\/melevacerrado<\/a> e garanta sua participa\u00e7\u00e3o nesta jornada \u00fanica.<\/p>\n\n\n\n<p><strong>Uma experi\u00eancia educativa:<\/strong> Al\u00e9m de proporcionar uma vis\u00e3o fascinante da hist\u00f3ria negra de Bras\u00edlia, o Tour Bras\u00edlia Negra \u00e9 uma pr\u00e1tica antirracista que busca conscientizar sobre a import\u00e2ncia e a riqueza da heran\u00e7a afro-brasileira da cidade.<\/p>\n\n\n\n<p><strong>Reconhecimento e impacto:<\/strong> Este passeio figura entre as melhores experi\u00eancias tur\u00edsticas de Bras\u00edlia, com uma classifica\u00e7\u00e3o destacada entre os 10 melhores no TripAdvisor. Sua reputa\u00e7\u00e3o \u00e9 um testemunho do valor e do impacto positivo que ele tem na comunidade.<\/p>\n\n\n\n<p><strong>Conecte-se:<\/strong> Siga-os nas redes sociais <a href=\"https:\/\/www.instagram.com\/melevacerrado\/\">@melevacerrado<\/a> para ficar por dentro das \u00faltimas novidades, atualiza\u00e7\u00f5es e inspira\u00e7\u00f5es relacionadas ao Tour Bras\u00edlia Negra.<\/p>\n\n\n\n<p>Junte-se a n\u00f3s nesta jornada inesquec\u00edvel para celebrar a diversidade e a hist\u00f3ria <em>afrocentrada <\/em>de Bras\u00edlia. N\u00e3o perca esta oportunidade de explorar as ra\u00edzes culturais profundas da capital federal em uma experi\u00eancia enriquecedora e transformadora. Estamos ansiosos para receb\u00ea-lo(a) nesta emocionante viagem pelo cora\u00e7\u00e3o da cultura negra em Bras\u00edlia!<\/p>\n","protected":false},"excerpt":{"rendered":"<p>Foto\/divulga\u00e7\u00e3o Embarque em uma jornada fascinante pelas ra\u00edzes afro-brasileiras da capital federal com o Tour Bras\u00edlia Negra. Conduzido pela renomada ag\u00eancia &#8220;Me Leva Cerrado&#8221; em parceria com a plataforma de Afroturismo Guia Negro, este passeio oferece uma experi\u00eancia imersiva que celebra as contribui\u00e7\u00f5es hist\u00f3ricas e culturais da comunidade negra em Bras\u00edlia. Data e hor\u00e1rio: Marque [&hellip;]<\/p>\n","protected":false},"author":1441,"featured_media":4973,"comment_status":"open","ping_status":"open","sticky":false,"template":"","format":"standard","meta":{"_monsterinsights_skip_tracking":false,"_monsterinsights_sitenote_active":false,"_monsterinsights_sitenote_note":"","_monsterinsights_sitenote_category":0,"footnotes":""},"categories":[41,17,34,39,3,43],"tags":[596,419,423,1325,1326],"class_list":["post-4972","post","type-post","status-publish","format-standard","has-post-thumbnail","hentry","category-agenda","category-bsb","category-destaque","category-economics","category-entertainment","category-releases","tag-agenda","tag-brasiliadf-2","tag-cidadecultpordentro-2","tag-raizesnegrasdebrasilia","tag-tourbrasilianegra"],"_links":{"self":[{"href":"https:\/\/cidadecult.com.br\/index.php?rest_route=\/wp\/v2\/posts\/4972","targetHints":{"allow":["GET"]}}],"collection":[{"href":"https:\/\/cidadecult.com.br\/index.php?rest_route=\/wp\/v2\/posts"}],"about":[{"href":"https:\/\/cidadecult.com.br\/index.php?rest_route=\/wp\/v2\/types\/post"}],"author":[{"embeddable":true,"href":"https:\/\/cidadecult.com.br\/index.php?rest_route=\/wp\/v2\/users\/1441"}],"replies":[{"embeddable":true,"href":"https:\/\/cidadecult.com.br\/index.php?rest_route=%2Fwp%2Fv2%2Fcomments&post=4972"}],"version-history":[{"count":1,"href":"https:\/\/cidadecult.com.br\/index.php?rest_route=\/wp\/v2\/posts\/4972\/revisions"}],"predecessor-version":[{"id":4974,"href":"https:\/\/cidadecult.com.br\/index.php?rest_route=\/wp\/v2\/posts\/4972\/revisions\/4974"}],"wp:featuredmedia":[{"embeddable":true,"href":"https:\/\/cidadecult.com.br\/index.php?rest_route=\/wp\/v2\/media\/4973"}],"wp:attachment":[{"href":"https:\/\/cidadecult.com.br\/index.php?rest_route=%2Fwp%2Fv2%2Fmedia&parent=4972"}],"wp:term":[{"taxonomy":"category","embeddable":true,"href":"https:\/\/cidadecult.com.br\/index.php?rest_route=%2Fwp%2Fv2%2Fcategories&post=4972"},{"taxonomy":"post_tag","embeddable":true,"href":"https:\/\/cidadecult.com.br\/index.php?rest_route=%2Fwp%2Fv2%2Ftags&post=4972"}],"curies":[{"name":"wp","href":"https:\/\/api.w.org\/{rel}","templated":true}]}}