{"id":4969,"date":"2024-05-09T09:50:08","date_gmt":"2024-05-09T12:50:08","guid":{"rendered":"https:\/\/cidadecult.com.br\/?p=4969"},"modified":"2024-05-09T09:50:10","modified_gmt":"2024-05-09T12:50:10","slug":"desperte-seus-sentidos-ultimos-dias-para-explorar-a-exposicao-a-r-l-vida-e-obra","status":"publish","type":"post","link":"https:\/\/cidadecult.com.br\/?p=4969","title":{"rendered":"Desperte seus sentidos: \u00faltimos dias para explorar a exposi\u00e7\u00e3o &#8220;A.R.L. Vida e Obra&#8221;"},"content":{"rendered":"\n<p><em>Foto: Mateus Baranowski<\/em><\/p>\n\n\n\n<p>A contagem regressiva come\u00e7ou! Os \u00faltimos dias da exposi\u00e7\u00e3o &#8220;A.R.L. Vida e Obra&#8221; est\u00e3o se esvaecendo no <strong>Centro Cultural Banco do Brasil Bras\u00edlia<\/strong>. \u00c9 hora de despertar seus sentidos e mergulhar no universo criativo de Ant\u00f4nio Roseno de Lima antes que seja tarde demais.<\/p>\n\n\n\n<p>At\u00e9 19 de maio, voc\u00ea tem a chance de explorar a mente brilhante por tr\u00e1s das obras vibrantes e cativantes deste artista autodidata. Descoberto nos anos 80 pelo professor Geraldo Porto da UNICAMP, Roseno deixou uma marca indel\u00e9vel na cena art\u00edstica brasileira, transformando sua vida e suas experi\u00eancias em uma arte bruta e emocionante.<\/p>\n\n\n\n<p>A exposi\u00e7\u00e3o \u00e9 uma jornada \u00edntima pela vida e obra de Roseno, revelando suas m\u00faltiplas facetas como fot\u00f3grafo, pintor e escritor. Utilizando materiais simples e improvisados, como peda\u00e7os de latas e papel\u00e3o, ele deu vida a uma paleta de cores vibrantes e figuras marcantes.<\/p>\n\n\n\n<p>Cada obra exposta \u00e9 uma hist\u00f3ria em si mesma, desde os retratos alucinados em &#8220;O B\u00eabado&#8221; at\u00e9 as homenagens a figuras hist\u00f3ricas em &#8220;Presidentes&#8221;. A exposi\u00e7\u00e3o \u00e9 uma celebra\u00e7\u00e3o da criatividade sem limites deste artista excepcional, que encontrou inspira\u00e7\u00e3o mesmo nas adversidades da vida.<\/p>\n\n\n\n<p>N\u00e3o deixe para depois! A <strong>entrada \u00e9 gratuita<\/strong>, mas os dias est\u00e3o contados.<strong> Visite o CCBB Bras\u00edlia de ter\u00e7a a domingo, das 9h \u00e0s 21h (com entrada na galeria at\u00e9 20h40)<\/strong>. Garanta seu ingresso pelo <a href=\"http:\/\/bb.com.br\/cultura\" target=\"_blank\" rel=\"noopener\" title=\"site \">site<\/a> ou na bilheteria f\u00edsica.<\/p>\n\n\n\n<p>Para mais informa\u00e7\u00f5es, ligue para <strong>(61) 3108-7600<\/strong> ou visite o <a href=\"http:\/\/bb.com.br\/cultura\" target=\"_blank\" rel=\"noopener\" title=\"site oficial do CCBB Bras\u00edlia \">site oficial do CCBB Bras\u00edlia<\/a>. <\/p>\n\n\n\n<p><strong>Venha desbravar as fronteiras da arte bruta de Ant\u00f4nio Roseno de Lima e deixe-se envolver por sua energia e paix\u00e3o. E prepare-se para uma despedida cheia de arte, risadas e boas lembran\u00e7as! N\u00e3o perca esta oportunidade de vivenciar uma aventura art\u00edstica como nenhuma outra.<\/strong><\/p>\n","protected":false},"excerpt":{"rendered":"<p>Foto: Mateus Baranowski A contagem regressiva come\u00e7ou! Os \u00faltimos dias da exposi\u00e7\u00e3o &#8220;A.R.L. Vida e Obra&#8221; est\u00e3o se esvaecendo no Centro Cultural Banco do Brasil Bras\u00edlia. \u00c9 hora de despertar seus sentidos e mergulhar no universo criativo de Ant\u00f4nio Roseno de Lima antes que seja tarde demais. At\u00e9 19 de maio, voc\u00ea tem a chance [&hellip;]<\/p>\n","protected":false},"author":1441,"featured_media":4970,"comment_status":"open","ping_status":"open","sticky":false,"template":"","format":"standard","meta":{"_monsterinsights_skip_tracking":false,"_monsterinsights_sitenote_active":false,"_monsterinsights_sitenote_note":"","_monsterinsights_sitenote_category":0,"footnotes":""},"categories":[41,17,34,3,281,43],"tags":[1323,405,429,419,541,403,423,408,431,1324,1322],"class_list":["post-4969","post","type-post","status-publish","format-standard","has-post-thumbnail","hentry","category-agenda","category-bsb","category-destaque","category-entertainment","category-exposicao","category-releases","tag-arlvidaeobra","tag-arte-2","tag-brasilia-3","tag-brasiliadf-2","tag-ccbb-2","tag-cidadecult-2","tag-cidadecultpordentro-2","tag-cultura-2","tag-distritofederal-2","tag-explore","tag-exposicaoarl"],"_links":{"self":[{"href":"https:\/\/cidadecult.com.br\/index.php?rest_route=\/wp\/v2\/posts\/4969","targetHints":{"allow":["GET"]}}],"collection":[{"href":"https:\/\/cidadecult.com.br\/index.php?rest_route=\/wp\/v2\/posts"}],"about":[{"href":"https:\/\/cidadecult.com.br\/index.php?rest_route=\/wp\/v2\/types\/post"}],"author":[{"embeddable":true,"href":"https:\/\/cidadecult.com.br\/index.php?rest_route=\/wp\/v2\/users\/1441"}],"replies":[{"embeddable":true,"href":"https:\/\/cidadecult.com.br\/index.php?rest_route=%2Fwp%2Fv2%2Fcomments&post=4969"}],"version-history":[{"count":1,"href":"https:\/\/cidadecult.com.br\/index.php?rest_route=\/wp\/v2\/posts\/4969\/revisions"}],"predecessor-version":[{"id":4971,"href":"https:\/\/cidadecult.com.br\/index.php?rest_route=\/wp\/v2\/posts\/4969\/revisions\/4971"}],"wp:featuredmedia":[{"embeddable":true,"href":"https:\/\/cidadecult.com.br\/index.php?rest_route=\/wp\/v2\/media\/4970"}],"wp:attachment":[{"href":"https:\/\/cidadecult.com.br\/index.php?rest_route=%2Fwp%2Fv2%2Fmedia&parent=4969"}],"wp:term":[{"taxonomy":"category","embeddable":true,"href":"https:\/\/cidadecult.com.br\/index.php?rest_route=%2Fwp%2Fv2%2Fcategories&post=4969"},{"taxonomy":"post_tag","embeddable":true,"href":"https:\/\/cidadecult.com.br\/index.php?rest_route=%2Fwp%2Fv2%2Ftags&post=4969"}],"curies":[{"name":"wp","href":"https:\/\/api.w.org\/{rel}","templated":true}]}}