{"id":4959,"date":"2024-05-08T16:38:03","date_gmt":"2024-05-08T19:38:03","guid":{"rendered":"https:\/\/cidadecult.com.br\/?p=4959"},"modified":"2024-05-08T16:38:04","modified_gmt":"2024-05-08T19:38:04","slug":"espetaculo-questao-de-fe-leva-leituras-dramaticas-a-escolas-do-df","status":"publish","type":"post","link":"https:\/\/cidadecult.com.br\/?p=4959","title":{"rendered":"Espet\u00e1culo &#8216;Quest\u00e3o de F\u00e9&#8217; leva leituras dram\u00e1ticas a escolas do DF"},"content":{"rendered":"\n<p><\/p>\n\n\n\n<p>O Coletivo Coletivo, grupo de artistas da cena brasiliense, liderado pelo diretor e professor Fernando Guimar\u00e3es, lan\u00e7a o projeto &#8220;Quest\u00e3o de F\u00e9&#8221;, que apresentar\u00e1 leituras dram\u00e1ticas em v\u00e1rias escolas p\u00fablicas do Distrito Federal. O projeto acontecer\u00e1 em datas selecionadas durante o m\u00eas de maio, abrangendo locais como o CED do Lago Norte e o CEM 01 de Sobradinho 1.<\/p>\n\n\n\n<figure class=\"wp-block-image size-large\"><img loading=\"lazy\" decoding=\"async\" width=\"1024\" height=\"683\" src=\"https:\/\/cidadecult.com.br\/wp-content\/uploads\/2024\/05\/2M5A9141-aj-1024x683.jpg\" alt=\"\" class=\"wp-image-4960\" srcset=\"https:\/\/cidadecult.com.br\/wp-content\/uploads\/2024\/05\/2M5A9141-aj-1024x683.jpg 1024w, https:\/\/cidadecult.com.br\/wp-content\/uploads\/2024\/05\/2M5A9141-aj-300x200.jpg 300w, https:\/\/cidadecult.com.br\/wp-content\/uploads\/2024\/05\/2M5A9141-aj-768x512.jpg 768w, https:\/\/cidadecult.com.br\/wp-content\/uploads\/2024\/05\/2M5A9141-aj-1536x1024.jpg 1536w, https:\/\/cidadecult.com.br\/wp-content\/uploads\/2024\/05\/2M5A9141-aj-2048x1365.jpg 2048w, https:\/\/cidadecult.com.br\/wp-content\/uploads\/2024\/05\/2M5A9141-aj-750x500.jpg 750w, https:\/\/cidadecult.com.br\/wp-content\/uploads\/2024\/05\/2M5A9141-aj-1140x760.jpg 1140w\" sizes=\"auto, (max-width: 1024px) 100vw, 1024px\" \/><figcaption class=\"wp-element-caption\">Cr\u00e9dito: F\u00e1tima Meira<\/figcaption><\/figure>\n\n\n\n<p>Este formato de apresenta\u00e7\u00e3o teatral enfatiza a voz dos atores para transmitir o texto, sem a utiliza\u00e7\u00e3o de cen\u00e1rios ou figurinos, proporcionando uma experi\u00eancia teatral enriquecedora e acess\u00edvel. A iniciativa busca fomentar o debate sobre a f\u00e9 na contemporaneidade, abordando temas como \u00e9tica, ci\u00eancia, e os desafios sociais de hoje, tudo isso sem promover proselitismo religioso.<\/p>\n\n\n\n<p>Al\u00e9m das leituras, o projeto inclui oficinas de leitura dram\u00e1tica e sess\u00f5es de media\u00e7\u00e3o conduzidas pela atriz Bete Virgens, visando um interc\u00e2mbio de aprendizado e reflex\u00e3o com os estudantes. Essas atividades complementares permitir\u00e3o aos alunos explorar elementos das artes c\u00eanicas como voz, corpo, atua\u00e7\u00e3o e escrita dramat\u00fargica.<\/p>\n\n\n\n<p>&#8220;Quest\u00e3o de F\u00e9&#8221; n\u00e3o s\u00f3 proporciona entretenimento e educa\u00e7\u00e3o atrav\u00e9s das artes, mas tamb\u00e9m promove uma discuss\u00e3o valiosa sobre como a f\u00e9 se relaciona com quest\u00f5es morais contempor\u00e2neas, influenciando desde rela\u00e7\u00f5es de poder institucionais at\u00e9 a forma\u00e7\u00e3o de valores individuais.<br><br><strong>Ficha T\u00e9cnica<\/strong><\/p>\n\n\n\n<p>Dire\u00e7\u00e3o Art\u00edstica Geral: Bete Virgens<br>Dire\u00e7\u00e3o das Leituras: Adair Oliveira<br>Supervis\u00e3o C\u00eanica: Fernando Guimar\u00e3es<br>Elenco: Alex Ribeiro, Bete Virgens, Logan D\u2019Marte, Luana Coelho, M\u00f4nica Gaspar, S\u00e9rgio Tavares, Su\u00e9llem<\/p>\n\n\n\n<p>Ara\u00fajo, Yara de Cunto.<br>Coordena\u00e7\u00e3o Administrativa: Cristian Lampert<br>Coordena\u00e7\u00e3o de Produ\u00e7\u00e3o: S\u00e9rgio Tavares<br>Oficineiros: Adair Oliveira, Bete Virgens, Logan D\u2019Marte<br>Cenografia: Lucas Moreira<br>Figurino: Fernando Guimar\u00e3es<br>Dire\u00e7\u00e3o T\u00e9cnica: Josenildo de Souza<br>Fotografia: F\u00e1tima Meira<br>M\u00eddias Sociais: Luana Coelho<br>Designer Gr\u00e1fico: Alex Ribeiro<br>Assessoria de Imprensa: Luzete Fernandez<\/p>\n\n\n\n<p>Int\u00e9rprete de Libras: Ariane Fernandes<\/p>\n","protected":false},"excerpt":{"rendered":"<p>O Coletivo Coletivo, grupo de artistas da cena brasiliense, liderado pelo diretor e professor Fernando Guimar\u00e3es, lan\u00e7a o projeto &#8220;Quest\u00e3o de F\u00e9&#8221;, que apresentar\u00e1 leituras dram\u00e1ticas em v\u00e1rias escolas p\u00fablicas do Distrito Federal. O projeto acontecer\u00e1 em datas selecionadas durante o m\u00eas de maio, abrangendo locais como o CED do Lago Norte e o CEM [&hellip;]<\/p>\n","protected":false},"author":777,"featured_media":4961,"comment_status":"open","ping_status":"open","sticky":false,"template":"","format":"standard","meta":{"_monsterinsights_skip_tracking":false,"_monsterinsights_sitenote_active":false,"_monsterinsights_sitenote_note":"","_monsterinsights_sitenote_category":0,"footnotes":""},"categories":[290,401],"tags":[133,278,1313],"class_list":["post-4959","post","type-post","status-publish","format-standard","has-post-thumbnail","hentry","category-educacao","category-teatro","tag-arte","tag-educacao","tag-escolas"],"_links":{"self":[{"href":"https:\/\/cidadecult.com.br\/index.php?rest_route=\/wp\/v2\/posts\/4959","targetHints":{"allow":["GET"]}}],"collection":[{"href":"https:\/\/cidadecult.com.br\/index.php?rest_route=\/wp\/v2\/posts"}],"about":[{"href":"https:\/\/cidadecult.com.br\/index.php?rest_route=\/wp\/v2\/types\/post"}],"author":[{"embeddable":true,"href":"https:\/\/cidadecult.com.br\/index.php?rest_route=\/wp\/v2\/users\/777"}],"replies":[{"embeddable":true,"href":"https:\/\/cidadecult.com.br\/index.php?rest_route=%2Fwp%2Fv2%2Fcomments&post=4959"}],"version-history":[{"count":2,"href":"https:\/\/cidadecult.com.br\/index.php?rest_route=\/wp\/v2\/posts\/4959\/revisions"}],"predecessor-version":[{"id":4963,"href":"https:\/\/cidadecult.com.br\/index.php?rest_route=\/wp\/v2\/posts\/4959\/revisions\/4963"}],"wp:featuredmedia":[{"embeddable":true,"href":"https:\/\/cidadecult.com.br\/index.php?rest_route=\/wp\/v2\/media\/4961"}],"wp:attachment":[{"href":"https:\/\/cidadecult.com.br\/index.php?rest_route=%2Fwp%2Fv2%2Fmedia&parent=4959"}],"wp:term":[{"taxonomy":"category","embeddable":true,"href":"https:\/\/cidadecult.com.br\/index.php?rest_route=%2Fwp%2Fv2%2Fcategories&post=4959"},{"taxonomy":"post_tag","embeddable":true,"href":"https:\/\/cidadecult.com.br\/index.php?rest_route=%2Fwp%2Fv2%2Ftags&post=4959"}],"curies":[{"name":"wp","href":"https:\/\/api.w.org\/{rel}","templated":true}]}}