{"id":4938,"date":"2024-05-08T10:12:40","date_gmt":"2024-05-08T13:12:40","guid":{"rendered":"https:\/\/cidadecult.com.br\/?p=4938"},"modified":"2024-05-08T10:13:03","modified_gmt":"2024-05-08T13:13:03","slug":"desfile-civico-militar-e-diversos-eventos-marcam-as-comemoracoes-do-aniversario-do-guara","status":"publish","type":"post","link":"https:\/\/cidadecult.com.br\/?p=4938","title":{"rendered":"Desfile c\u00edvico-militar e diversos eventos marcam as comemora\u00e7\u00f5es do anivers\u00e1rio do Guar\u00e1"},"content":{"rendered":"\n<p><em>Foto\/divulga\u00e7\u00e3o<\/em><\/p>\n\n\n\n<p>O Guar\u00e1 celebrou seu anivers\u00e1rio com um desfile c\u00edvico-militar que atraiu mais de tr\u00eas mil pessoas, destacando a participa\u00e7\u00e3o das escolas p\u00fablicas ap\u00f3s cinco anos de aus\u00eancia. Este evento emblem\u00e1tico foi apenas o come\u00e7o das celebra\u00e7\u00f5es, que continuam com uma variedade de atividades at\u00e9 o final do m\u00eas.<\/p>\n\n\n\n<p>O desfile c\u00edvico-militar foi um grande sucesso, unindo a comunidade em torno de valores como paz, harmonia e solidariedade. Mais de 40 institui\u00e7\u00f5es participaram, incluindo escolas, associa\u00e7\u00f5es ambientais, grupos culturais e entidades assistenciais e esportivas. Os mais de dois mil alunos das redes p\u00fablica e particular que desfilaram trouxeram uma energia especial para o evento, refor\u00e7ando o esp\u00edrito de uni\u00e3o e celebra\u00e7\u00e3o.<\/p>\n\n\n\n<p>Al\u00e9m do desfile, uma s\u00e9rie de eventos est\u00e1 programada para continuar as comemora\u00e7\u00f5es do anivers\u00e1rio do Guar\u00e1. Desde bailes e festas at\u00e9 feiras e atividades religiosas, h\u00e1 algo para todos os gostos e idades. Destacamos alguns eventos que acontecer\u00e3o nos pr\u00f3ximos dias:<\/p>\n\n\n\n<ul class=\"wp-block-list\">\n<li><strong>Baile da Folia do Divino:<\/strong> Sexta-feira, 10 de maio, a partir das 21h, no Sal\u00e3o de M\u00faltiplas Fun\u00e7\u00f5es.<\/li>\n\n\n\n<li><strong>Feira de orqu\u00eddeas:<\/strong> De sexta a domingo, 12 de maio, das 8h \u00e0s 18h, na Casa de Cultura.<\/li>\n\n\n\n<li><strong>Circuito do lazer:<\/strong> Dia 18 de maio, das 9h \u00e0s 18h, na pra\u00e7a da QE 04\/06.<\/li>\n\n\n\n<li><strong>Festival do Guar\u00e1 \u2013 edi\u00e7\u00e3o especial de anivers\u00e1rio:<\/strong> Dia 19 de maio, a partir das 15h, na QE 38.<\/li>\n\n\n\n<li><strong>Baile da cidade:<\/strong> Dia 25 de maio, \u00e0s 19h, no Sal\u00e3o de M\u00faltiplas Fun\u00e7\u00f5es.<\/li>\n\n\n\n<li><strong>Rua do Lazer \u2013 edi\u00e7\u00e3o especial de anivers\u00e1rio:<\/strong> Dia 26 de maio, das 6h \u00e0s 16h, na Avenida Central do Guar\u00e1 II.<\/li>\n<\/ul>\n\n\n\n<p>Estes s\u00e3o apenas alguns dos eventos emocionantes que fazem parte das celebra\u00e7\u00f5es do anivers\u00e1rio do Guar\u00e1. A diversidade de atividades reflete a riqueza cultural e comunit\u00e1ria da regi\u00e3o.<\/p>\n\n\n\n<p>As comemora\u00e7\u00f5es do anivers\u00e1rio do Guar\u00e1 est\u00e3o em pleno andamento, trazendo alegria e divers\u00e3o para toda a comunidade. Com eventos como o desfile c\u00edvico-militar e uma variedade de atividades planejadas, este \u00e9 um momento para celebrar n\u00e3o apenas o passado, mas tamb\u00e9m o presente e o futuro vibrantes desta cidade t\u00e3o especial. Aproveite as festividades e junte-se \u00e0 celebra\u00e7\u00e3o!<\/p>\n","protected":false},"excerpt":{"rendered":"<p>Foto\/divulga\u00e7\u00e3o O Guar\u00e1 celebrou seu anivers\u00e1rio com um desfile c\u00edvico-militar que atraiu mais de tr\u00eas mil pessoas, destacando a participa\u00e7\u00e3o das escolas p\u00fablicas ap\u00f3s cinco anos de aus\u00eancia. Este evento emblem\u00e1tico foi apenas o come\u00e7o das celebra\u00e7\u00f5es, que continuam com uma variedade de atividades at\u00e9 o final do m\u00eas. O desfile c\u00edvico-militar foi um grande [&hellip;]<\/p>\n","protected":false},"author":1441,"featured_media":4939,"comment_status":"open","ping_status":"open","sticky":false,"template":"","format":"standard","meta":{"_monsterinsights_skip_tracking":false,"_monsterinsights_sitenote_active":false,"_monsterinsights_sitenote_note":"","_monsterinsights_sitenote_category":0,"footnotes":""},"categories":[17,34,39,3,43],"tags":[439,403,423,1293,407,1296,1295],"class_list":["post-4938","post","type-post","status-publish","format-standard","has-post-thumbnail","hentry","category-bsb","category-destaque","category-economics","category-entertainment","category-releases","tag-brasil-2","tag-cidadecult-2","tag-cidadecultpordentro-2","tag-desfilecivicomilitar","tag-entreterimento","tag-harmonia","tag-paz"],"_links":{"self":[{"href":"https:\/\/cidadecult.com.br\/index.php?rest_route=\/wp\/v2\/posts\/4938","targetHints":{"allow":["GET"]}}],"collection":[{"href":"https:\/\/cidadecult.com.br\/index.php?rest_route=\/wp\/v2\/posts"}],"about":[{"href":"https:\/\/cidadecult.com.br\/index.php?rest_route=\/wp\/v2\/types\/post"}],"author":[{"embeddable":true,"href":"https:\/\/cidadecult.com.br\/index.php?rest_route=\/wp\/v2\/users\/1441"}],"replies":[{"embeddable":true,"href":"https:\/\/cidadecult.com.br\/index.php?rest_route=%2Fwp%2Fv2%2Fcomments&post=4938"}],"version-history":[{"count":1,"href":"https:\/\/cidadecult.com.br\/index.php?rest_route=\/wp\/v2\/posts\/4938\/revisions"}],"predecessor-version":[{"id":4940,"href":"https:\/\/cidadecult.com.br\/index.php?rest_route=\/wp\/v2\/posts\/4938\/revisions\/4940"}],"wp:featuredmedia":[{"embeddable":true,"href":"https:\/\/cidadecult.com.br\/index.php?rest_route=\/wp\/v2\/media\/4939"}],"wp:attachment":[{"href":"https:\/\/cidadecult.com.br\/index.php?rest_route=%2Fwp%2Fv2%2Fmedia&parent=4938"}],"wp:term":[{"taxonomy":"category","embeddable":true,"href":"https:\/\/cidadecult.com.br\/index.php?rest_route=%2Fwp%2Fv2%2Fcategories&post=4938"},{"taxonomy":"post_tag","embeddable":true,"href":"https:\/\/cidadecult.com.br\/index.php?rest_route=%2Fwp%2Fv2%2Ftags&post=4938"}],"curies":[{"name":"wp","href":"https:\/\/api.w.org\/{rel}","templated":true}]}}