{"id":4935,"date":"2024-05-08T12:23:54","date_gmt":"2024-05-08T15:23:54","guid":{"rendered":"https:\/\/cidadecult.com.br\/?p=4935"},"modified":"2024-05-08T12:23:56","modified_gmt":"2024-05-08T15:23:56","slug":"nova-paisagem-florestal-parque-da-cidade-recebe-2-mil-arvores-nativas-do-cerrado","status":"publish","type":"post","link":"https:\/\/cidadecult.com.br\/?p=4935","title":{"rendered":"Nova paisagem florestal: parque da cidade recebe 2 mil \u00e1rvores nativas do Cerrado"},"content":{"rendered":"\n<p id=\"caption-attachment-620826\"><em>Foto: Matheus H. Souza<\/em><\/p>\n\n\n\n<p>O Parque da Cidade Dona Sarah Kubitschek, um \u00edcone verde de Bras\u00edlia, est\u00e1 passando por uma transforma\u00e7\u00e3o not\u00e1vel. Mais de 2 mil \u00e1rvores nativas do Cerrado foram recentemente plantadas para substituir os antigos pinheiros, criando um novo cen\u00e1rio florestal que promete n\u00e3o apenas embelezar, mas tamb\u00e9m fortalecer o ecossistema local.<\/p>\n\n\n\n<p>O plantio das 2 mil mudas de 65 esp\u00e9cies diferentes \u00e9 o resultado de um esfor\u00e7o conjunto do Governo do Distrito Federal e da Novacap. Esse empreendimento visa n\u00e3o s\u00f3 revitalizar a paisagem do parque, mas tamb\u00e9m restaurar ecossistemas nativos e promover um ambiente mais seguro e sustent\u00e1vel para os visitantes.<\/p>\n\n\n\n<p>O cuidado dedicado ao projeto \u00e9 evidente no acompanhamento constante do crescimento das mudas. Embora leve algum tempo para que as novas \u00e1rvores atinjam sua plenitude, medidas de manuten\u00e7\u00e3o especializada est\u00e3o garantindo um desenvolvimento saud\u00e1vel e acelerado.<\/p>\n\n\n\n<p>Com a diversidade de esp\u00e9cies selecionadas, como ip\u00eas, pequizeiros e pitangueiras, o novo bosque n\u00e3o s\u00f3 proporcionar\u00e1 uma experi\u00eancia visualmente atraente, mas tamb\u00e9m trar\u00e1 benef\u00edcios ambientais significativos, incluindo a preserva\u00e7\u00e3o da biodiversidade e a melhoria da qualidade do ar.<\/p>\n\n\n\n<p>Al\u00e9m disso, a escolha cuidadosa das \u00e1rvores levou em considera\u00e7\u00e3o n\u00e3o apenas sua beleza, mas tamb\u00e9m sua adapta\u00e7\u00e3o ao clima local e sua resist\u00eancia a quedas, garantindo um ambiente mais seguro para os frequentadores do parque.<\/p>\n\n\n\n<p>A decis\u00e3o de adiar eventos de grande porte na \u00e1rea renovada at\u00e9 que as mudas estejam bem estabelecidas demonstra um compromisso com o sucesso a longo prazo desse projeto de revitaliza\u00e7\u00e3o.<\/p>\n\n\n\n<p>A renova\u00e7\u00e3o do Parque da Cidade representa mais do que uma simples mudan\u00e7a de paisagem. \u00c9 um testemunho do compromisso de Bras\u00edlia com a preserva\u00e7\u00e3o ambiental e o bem-estar de sua comunidade. Ao receber essas 2 mil \u00e1rvores nativas do Cerrado, o parque est\u00e1 se transformando em um ref\u00fagio verde vivo e vibrante, pronto para ser apreciado por gera\u00e7\u00f5es futuras.<\/p>\n","protected":false},"excerpt":{"rendered":"<p>Foto: Matheus H. Souza O Parque da Cidade Dona Sarah Kubitschek, um \u00edcone verde de Bras\u00edlia, est\u00e1 passando por uma transforma\u00e7\u00e3o not\u00e1vel. Mais de 2 mil \u00e1rvores nativas do Cerrado foram recentemente plantadas para substituir os antigos pinheiros, criando um novo cen\u00e1rio florestal que promete n\u00e3o apenas embelezar, mas tamb\u00e9m fortalecer o ecossistema local. O [&hellip;]<\/p>\n","protected":false},"author":1441,"featured_media":4936,"comment_status":"open","ping_status":"open","sticky":false,"template":"","format":"standard","meta":{"_monsterinsights_skip_tracking":false,"_monsterinsights_sitenote_active":false,"_monsterinsights_sitenote_note":"","_monsterinsights_sitenote_category":0,"footnotes":""},"categories":[49,17,34,248,43],"tags":[429,419,1290,403,423,1291,1289,1292,421],"class_list":["post-4935","post","type-post","status-publish","format-standard","has-post-thumbnail","hentry","category-artigos","category-bsb","category-destaque","category-qualquer-dia-todo-dia","category-releases","tag-brasilia-3","tag-brasiliadf-2","tag-cerrado","tag-cidadecult-2","tag-cidadecultpordentro-2","tag-donasarahkubitschek","tag-duasmilarvoresnativas","tag-novacap","tag-parquedacidade"],"_links":{"self":[{"href":"https:\/\/cidadecult.com.br\/index.php?rest_route=\/wp\/v2\/posts\/4935","targetHints":{"allow":["GET"]}}],"collection":[{"href":"https:\/\/cidadecult.com.br\/index.php?rest_route=\/wp\/v2\/posts"}],"about":[{"href":"https:\/\/cidadecult.com.br\/index.php?rest_route=\/wp\/v2\/types\/post"}],"author":[{"embeddable":true,"href":"https:\/\/cidadecult.com.br\/index.php?rest_route=\/wp\/v2\/users\/1441"}],"replies":[{"embeddable":true,"href":"https:\/\/cidadecult.com.br\/index.php?rest_route=%2Fwp%2Fv2%2Fcomments&post=4935"}],"version-history":[{"count":1,"href":"https:\/\/cidadecult.com.br\/index.php?rest_route=\/wp\/v2\/posts\/4935\/revisions"}],"predecessor-version":[{"id":4937,"href":"https:\/\/cidadecult.com.br\/index.php?rest_route=\/wp\/v2\/posts\/4935\/revisions\/4937"}],"wp:featuredmedia":[{"embeddable":true,"href":"https:\/\/cidadecult.com.br\/index.php?rest_route=\/wp\/v2\/media\/4936"}],"wp:attachment":[{"href":"https:\/\/cidadecult.com.br\/index.php?rest_route=%2Fwp%2Fv2%2Fmedia&parent=4935"}],"wp:term":[{"taxonomy":"category","embeddable":true,"href":"https:\/\/cidadecult.com.br\/index.php?rest_route=%2Fwp%2Fv2%2Fcategories&post=4935"},{"taxonomy":"post_tag","embeddable":true,"href":"https:\/\/cidadecult.com.br\/index.php?rest_route=%2Fwp%2Fv2%2Ftags&post=4935"}],"curies":[{"name":"wp","href":"https:\/\/api.w.org\/{rel}","templated":true}]}}