{"id":4783,"date":"2024-04-30T10:37:10","date_gmt":"2024-04-30T13:37:10","guid":{"rendered":"https:\/\/cidadecult.com.br\/?p=4783"},"modified":"2024-04-30T10:38:21","modified_gmt":"2024-04-30T13:38:21","slug":"alexandre-carlo-do-natiruts-fala-sobre-sua-ultima-turne-e-novos-rumos-em-entrevista-exclusiva-para-o-dr-com-demori","status":"publish","type":"post","link":"https:\/\/cidadecult.com.br\/?p=4783","title":{"rendered":"Alexandre Carlo, do Natiruts, fala sobre sua \u00faltima turn\u00ea e novos rumos em entrevista exclusiva para o &#8216;DR com Demori'&#8221;"},"content":{"rendered":"\n<p><em>Foto: Jo\u00e9dson Alves<\/em><\/p>\n\n\n\n<p>Em uma entrevista exclusiva concedida ao renomado programa &#8220;DR com Demori&#8221;, Alexandre Carlo, vocalista da ic\u00f4nica banda Natiruts, abriu o cora\u00e7\u00e3o e compartilhou detalhes emocionantes sobre a iminente turn\u00ea de despedida da banda e seus projetos futuros. A conversa, marcada para ser transmitida hoje (30), promete revelar aos f\u00e3s os bastidores da decis\u00e3o de encerrar um cap\u00edtulo t\u00e3o significativo na hist\u00f3ria da m\u00fasica brasileira.<\/p>\n\n\n\n<p>Nascido e criado em Bras\u00edlia, ber\u00e7o do rock nacional, Alexandre Carlo mergulhou no universo musical influenciado pelo \u00edcone do reggae, Bob Marley, gra\u00e7as \u00e0 inspira\u00e7\u00e3o de seu irm\u00e3o. Essa jornada musical culminou na forma\u00e7\u00e3o da banda Natiruts nos anos 90, que se destacou pela fus\u00e3o \u00fanica de ritmos brasileiros com o reggae jamaicano.<\/p>\n\n\n\n<p>Durante a entrevista, Alexandre mergulha em temas que v\u00e3o al\u00e9m da m\u00fasica, abordando quest\u00f5es pol\u00edticas, sociais e culturais que moldaram sua vis\u00e3o de mundo. Al\u00e9m disso, ele compartilha suas reflex\u00f5es sobre o encerramento da banda, destacando a import\u00e2ncia de explorar novos horizontes art\u00edsticos enquanto mant\u00e9m suas ra\u00edzes musicais.<\/p>\n\n\n\n<p>A turn\u00ea de despedida da banda Natiruts est\u00e1 programada para os pr\u00f3ximos dois anos, prometendo uma experi\u00eancia emocionante para os f\u00e3s ao redor do Brasil e do mundo. Ser\u00e1 uma oportunidade \u00fanica para celebrar os sucessos e legado deixado pela banda ao longo de d\u00e9cadas.<\/p>\n\n\n\n<p>O programa &#8220;DR com Demori&#8221; tem sido reconhecido por oferecer um espa\u00e7o \u00edntimo e aut\u00eantico para personalidades compartilharem suas hist\u00f3rias e reflex\u00f5es. Desde l\u00edderes pol\u00edticos at\u00e9 \u00edcones da m\u00fasica, o programa continua proporcionando conversas significativas e reveladoras para os espectadores.<\/p>\n\n\n\n<p>Com o encerramento da banda Natiruts, surge uma nova fase na carreira de Alexandre Carlo, marcada pela promessa de novas aventuras musicais e pessoais. Esta entrevista exclusiva \u00e9 uma oportunidade imperd\u00edvel para os f\u00e3s conhecerem de perto os sentimentos e pensamentos por tr\u00e1s dessa decis\u00e3o t\u00e3o significativa.<\/p>\n","protected":false},"excerpt":{"rendered":"<p>Foto: Jo\u00e9dson Alves Em uma entrevista exclusiva concedida ao renomado programa &#8220;DR com Demori&#8221;, Alexandre Carlo, vocalista da ic\u00f4nica banda Natiruts, abriu o cora\u00e7\u00e3o e compartilhou detalhes emocionantes sobre a iminente turn\u00ea de despedida da banda e seus projetos futuros. A conversa, marcada para ser transmitida hoje (30), promete revelar aos f\u00e3s os bastidores da [&hellip;]<\/p>\n","protected":false},"author":1441,"featured_media":4784,"comment_status":"open","ping_status":"open","sticky":false,"template":"","format":"standard","meta":{"_monsterinsights_skip_tracking":false,"_monsterinsights_sitenote_active":false,"_monsterinsights_sitenote_note":"","_monsterinsights_sitenote_category":0,"footnotes":""},"categories":[54,34,3,14,6],"tags":[405,439,403,423,431,1170,407,1169,1167],"class_list":["post-4783","post","type-post","status-publish","format-standard","has-post-thumbnail","hentry","category-brasil","category-destaque","category-entertainment","category-entrevista","category-music","tag-arte-2","tag-brasil-2","tag-cidadecult-2","tag-cidadecultpordentro-2","tag-distritofederal-2","tag-drcomdemori","tag-entreterimento","tag-entrevista-2","tag-natiruts"],"_links":{"self":[{"href":"https:\/\/cidadecult.com.br\/index.php?rest_route=\/wp\/v2\/posts\/4783","targetHints":{"allow":["GET"]}}],"collection":[{"href":"https:\/\/cidadecult.com.br\/index.php?rest_route=\/wp\/v2\/posts"}],"about":[{"href":"https:\/\/cidadecult.com.br\/index.php?rest_route=\/wp\/v2\/types\/post"}],"author":[{"embeddable":true,"href":"https:\/\/cidadecult.com.br\/index.php?rest_route=\/wp\/v2\/users\/1441"}],"replies":[{"embeddable":true,"href":"https:\/\/cidadecult.com.br\/index.php?rest_route=%2Fwp%2Fv2%2Fcomments&post=4783"}],"version-history":[{"count":1,"href":"https:\/\/cidadecult.com.br\/index.php?rest_route=\/wp\/v2\/posts\/4783\/revisions"}],"predecessor-version":[{"id":4785,"href":"https:\/\/cidadecult.com.br\/index.php?rest_route=\/wp\/v2\/posts\/4783\/revisions\/4785"}],"wp:featuredmedia":[{"embeddable":true,"href":"https:\/\/cidadecult.com.br\/index.php?rest_route=\/wp\/v2\/media\/4784"}],"wp:attachment":[{"href":"https:\/\/cidadecult.com.br\/index.php?rest_route=%2Fwp%2Fv2%2Fmedia&parent=4783"}],"wp:term":[{"taxonomy":"category","embeddable":true,"href":"https:\/\/cidadecult.com.br\/index.php?rest_route=%2Fwp%2Fv2%2Fcategories&post=4783"},{"taxonomy":"post_tag","embeddable":true,"href":"https:\/\/cidadecult.com.br\/index.php?rest_route=%2Fwp%2Fv2%2Ftags&post=4783"}],"curies":[{"name":"wp","href":"https:\/\/api.w.org\/{rel}","templated":true}]}}