{"id":4776,"date":"2024-04-30T09:48:11","date_gmt":"2024-04-30T12:48:11","guid":{"rendered":"https:\/\/cidadecult.com.br\/?p=4776"},"modified":"2024-04-30T09:48:14","modified_gmt":"2024-04-30T12:48:14","slug":"a-amazonia-chama-estendido-o-prazo-para-nossa-cidade-se-unir-na-preservacao-florestal","status":"publish","type":"post","link":"https:\/\/cidadecult.com.br\/?p=4776","title":{"rendered":"A Amaz\u00f4nia chama: estendido o prazo para nossa cidade se unir na preserva\u00e7\u00e3o florestal!"},"content":{"rendered":"\n<p><em>Foto\/divulga\u00e7\u00e3o<\/em><\/p>\n\n\n\n<p>A Amaz\u00f4nia, nosso pulm\u00e3o verde, clama por nossa a\u00e7\u00e3o conjunta e imediata. \u00c9 com grande satisfa\u00e7\u00e3o que trazemos uma not\u00edcia que ecoa como um convite urgente: o prazo para nossa cidade se unir ao esfor\u00e7o coletivo de preserva\u00e7\u00e3o florestal foi estendido at\u00e9 31 de maio. Esta \u00e9 uma oportunidade \u00fanica para que nossa cidade se engaje ativamente nesse esfor\u00e7o coletivo em defesa de um dos tesouros naturais mais preciosos do mundo.<\/p>\n\n\n\n<p>Lan\u00e7ado recentemente, o programa tem como objetivo n\u00e3o apenas conter e monitorar as atividades prejudiciais \u00e0 Amaz\u00f4nia, mas tamb\u00e9m promover uma s\u00e9rie de a\u00e7\u00f5es abrangentes voltadas para a sua preserva\u00e7\u00e3o. Isso inclui desde a regulariza\u00e7\u00e3o ambiental at\u00e9 a recupera\u00e7\u00e3o de \u00e1reas degradadas e o est\u00edmulo \u00e0 produ\u00e7\u00e3o sustent\u00e1vel. Trata-se de uma abordagem hol\u00edstica que reconhece a complexidade e a urg\u00eancia da situa\u00e7\u00e3o em que se encontra a maior floresta tropical do planeta.<\/p>\n\n\n\n<p><strong>Benef\u00edcios da participa\u00e7\u00e3o:<\/strong><br>Ao aderir a este programa, nossa cidade ter\u00e1 acesso a recursos financeiros e suporte t\u00e9cnico especializado, visando fortalecer nossa capacidade de implementar medidas eficazes de preserva\u00e7\u00e3o e monitoramento. Al\u00e9m disso, a cria\u00e7\u00e3o de escrit\u00f3rios de governan\u00e7a local e o apoio para a forma\u00e7\u00e3o de brigadas municipais de combate a inc\u00eandios florestais representam passos concretos rumo \u00e0 constru\u00e7\u00e3o de uma resposta mais robusta e eficiente aos desafios ambientais que enfrentamos.<\/p>\n\n\n\n<p>\u00c9 importante destacar que as cidades participantes ser\u00e3o recompensadas com recursos adicionais com base nos resultados obtidos na redu\u00e7\u00e3o dos \u00edndices de desmatamento. Isso demonstra o compromisso do programa em reconhecer e incentivar os esfor\u00e7os das comunidades locais na prote\u00e7\u00e3o desse patrim\u00f4nio natural de valor inestim\u00e1vel.<\/p>\n\n\n\n<p><strong>Como participar:<\/strong><br>N\u00e3o perca esta oportunidade de fazer a diferen\u00e7a! Entre em contato com a prefeitura e descubra como nossa cidade pode se engajar ativamente no programa &#8220;Uni\u00e3o com Munic\u00edpios pela Redu\u00e7\u00e3o do Desmatamento e Inc\u00eandios Florestais na Amaz\u00f4nia&#8221;. Juntos, podemos desempenhar um papel fundamental na preserva\u00e7\u00e3o deste ecossistema \u00fanico e vital para a sa\u00fade do nosso planeta.<\/p>\n\n\n\n<p>A preserva\u00e7\u00e3o da Amaz\u00f4nia \u00e9 uma responsabilidade que compartilhamos como cidad\u00e3os do mundo. Portanto, n\u00e3o podemos deixar passar esta oportunidade de contribuir ativamente para essa causa t\u00e3o importante. Junte-se a n\u00f3s e vamos trabalhar juntos em prol da prote\u00e7\u00e3o e conserva\u00e7\u00e3o deste tesouro natural que tanto enriquece e sustenta a vida em nosso planeta.<\/p>\n\n\n\n<p><\/p>\n\n\n\n<p><\/p>\n","protected":false},"excerpt":{"rendered":"<p>Foto\/divulga\u00e7\u00e3o A Amaz\u00f4nia, nosso pulm\u00e3o verde, clama por nossa a\u00e7\u00e3o conjunta e imediata. \u00c9 com grande satisfa\u00e7\u00e3o que trazemos uma not\u00edcia que ecoa como um convite urgente: o prazo para nossa cidade se unir ao esfor\u00e7o coletivo de preserva\u00e7\u00e3o florestal foi estendido at\u00e9 31 de maio. Esta \u00e9 uma oportunidade \u00fanica para que nossa cidade [&hellip;]<\/p>\n","protected":false},"author":1441,"featured_media":4777,"comment_status":"open","ping_status":"open","sticky":false,"template":"","format":"standard","meta":{"_monsterinsights_skip_tracking":false,"_monsterinsights_sitenote_active":false,"_monsterinsights_sitenote_note":"","_monsterinsights_sitenote_category":0,"footnotes":""},"categories":[41,49,54,34],"tags":[1159,439,1161,423,1163,1160,1162],"class_list":["post-4776","post","type-post","status-publish","format-standard","has-post-thumbnail","hentry","category-agenda","category-artigos","category-brasil","category-destaque","tag-aamazoniachama","tag-brasil-2","tag-cidadecultemacao","tag-cidadecultpordentro-2","tag-juntosparaumfuturomelhor","tag-preservacaoflorestal","tag-pulmaoverde"],"_links":{"self":[{"href":"https:\/\/cidadecult.com.br\/index.php?rest_route=\/wp\/v2\/posts\/4776","targetHints":{"allow":["GET"]}}],"collection":[{"href":"https:\/\/cidadecult.com.br\/index.php?rest_route=\/wp\/v2\/posts"}],"about":[{"href":"https:\/\/cidadecult.com.br\/index.php?rest_route=\/wp\/v2\/types\/post"}],"author":[{"embeddable":true,"href":"https:\/\/cidadecult.com.br\/index.php?rest_route=\/wp\/v2\/users\/1441"}],"replies":[{"embeddable":true,"href":"https:\/\/cidadecult.com.br\/index.php?rest_route=%2Fwp%2Fv2%2Fcomments&post=4776"}],"version-history":[{"count":1,"href":"https:\/\/cidadecult.com.br\/index.php?rest_route=\/wp\/v2\/posts\/4776\/revisions"}],"predecessor-version":[{"id":4778,"href":"https:\/\/cidadecult.com.br\/index.php?rest_route=\/wp\/v2\/posts\/4776\/revisions\/4778"}],"wp:featuredmedia":[{"embeddable":true,"href":"https:\/\/cidadecult.com.br\/index.php?rest_route=\/wp\/v2\/media\/4777"}],"wp:attachment":[{"href":"https:\/\/cidadecult.com.br\/index.php?rest_route=%2Fwp%2Fv2%2Fmedia&parent=4776"}],"wp:term":[{"taxonomy":"category","embeddable":true,"href":"https:\/\/cidadecult.com.br\/index.php?rest_route=%2Fwp%2Fv2%2Fcategories&post=4776"},{"taxonomy":"post_tag","embeddable":true,"href":"https:\/\/cidadecult.com.br\/index.php?rest_route=%2Fwp%2Fv2%2Ftags&post=4776"}],"curies":[{"name":"wp","href":"https:\/\/api.w.org\/{rel}","templated":true}]}}