{"id":4773,"date":"2024-04-30T09:32:49","date_gmt":"2024-04-30T12:32:49","guid":{"rendered":"https:\/\/cidadecult.com.br\/?p=4773"},"modified":"2024-04-30T09:32:51","modified_gmt":"2024-04-30T12:32:51","slug":"carlos-eduardo-pereira-debate-o-poder-transformador-da-literatura-no-programa-trilha-de-letras","status":"publish","type":"post","link":"https:\/\/cidadecult.com.br\/?p=4773","title":{"rendered":"Carlos Eduardo Pereira debate o poder transformador da literatura no programa Trilha de Letras"},"content":{"rendered":"\n<p><em>Foto\/divulga\u00e7\u00e3o<\/em><\/p>\n\n\n\n<p>A literatura \u00e9 mais do que uma forma de entretenimento; \u00e9 uma ferramenta poderosa para explorar e compreender quest\u00f5es sociais complexas. Nesta ter\u00e7a-feira, o programa Trilha de Letras convida o autor Carlos Eduardo Pereira para uma conversa profunda sobre o papel da literatura na promo\u00e7\u00e3o da empatia e na abordagem de temas como o racismo no Brasil.<\/p>\n\n\n\n<p>Carlos Eduardo Pereira, conhecido por suas narrativas profundamente humanas, apresentar\u00e1 seu romance mais recente, &#8220;Agora Agora&#8221;. O livro mergulha nas vidas de tr\u00eas gera\u00e7\u00f5es de homens negros, todos chamados Jorge, oferecendo uma reflex\u00e3o intensa sobre a experi\u00eancia negra no Brasil e os desafios enfrentados por essa comunidade ao longo do tempo.<\/p>\n\n\n\n<p>Durante o programa, Pereira discutir\u00e1 como a literatura tem o poder de gerar identifica\u00e7\u00e3o e empatia, convidando os leitores a se colocarem no lugar do outro e a entenderem diferentes perspectivas. Ele destacar\u00e1 como hist\u00f3rias como as de &#8220;Agora Agora&#8221; n\u00e3o apenas informam, mas tamb\u00e9m transformam, ajudando a moldar uma sociedade mais justa e inclusiva.<\/p>\n\n\n\n<p>O Trilha de Letras, conhecido por seus debates instigantes sobre literatura e sociedade, promete oferecer uma experi\u00eancia enriquecedora para os espectadores. Sob a dire\u00e7\u00e3o da jornalista Em\u00edlia Ferraz e agora apresentado por Eliana Alves Cruz, o programa continua sua miss\u00e3o de explorar os limites da express\u00e3o liter\u00e1ria e seu impacto no mundo ao nosso redor.<\/p>\n\n\n\n<p>N\u00e3o perca esta oportunidade de participar de uma conversa significativa sobre literatura, empatia e transforma\u00e7\u00e3o social com Carlos Eduardo Pereira no programa Trilha de Letras. A transmiss\u00e3o acontece na TV Brasil \u00e0s ter\u00e7as-feiras \u00e0s 22h30, com op\u00e7\u00f5es de reprise e disponibilidade sob demanda no TV Brasil Play e no canal do YouTube da emissora.<\/p>\n","protected":false},"excerpt":{"rendered":"<p>Foto\/divulga\u00e7\u00e3o A literatura \u00e9 mais do que uma forma de entretenimento; \u00e9 uma ferramenta poderosa para explorar e compreender quest\u00f5es sociais complexas. Nesta ter\u00e7a-feira, o programa Trilha de Letras convida o autor Carlos Eduardo Pereira para uma conversa profunda sobre o papel da literatura na promo\u00e7\u00e3o da empatia e na abordagem de temas como o [&hellip;]<\/p>\n","protected":false},"author":1441,"featured_media":4774,"comment_status":"open","ping_status":"open","sticky":false,"template":"","format":"standard","meta":{"_monsterinsights_skip_tracking":false,"_monsterinsights_sitenote_active":false,"_monsterinsights_sitenote_note":"","_monsterinsights_sitenote_category":0,"footnotes":""},"categories":[41,49,54,34,290,3,43],"tags":[1155,403,440,423,449,1156],"class_list":["post-4773","post","type-post","status-publish","format-standard","has-post-thumbnail","hentry","category-agenda","category-artigos","category-brasil","category-destaque","category-educacao","category-entertainment","category-releases","tag-carloseduardopereira","tag-cidadecult-2","tag-cidadecultbrasil-2","tag-cidadecultpordentro-2","tag-literatura","tag-opodertransformadordaliteratura"],"_links":{"self":[{"href":"https:\/\/cidadecult.com.br\/index.php?rest_route=\/wp\/v2\/posts\/4773","targetHints":{"allow":["GET"]}}],"collection":[{"href":"https:\/\/cidadecult.com.br\/index.php?rest_route=\/wp\/v2\/posts"}],"about":[{"href":"https:\/\/cidadecult.com.br\/index.php?rest_route=\/wp\/v2\/types\/post"}],"author":[{"embeddable":true,"href":"https:\/\/cidadecult.com.br\/index.php?rest_route=\/wp\/v2\/users\/1441"}],"replies":[{"embeddable":true,"href":"https:\/\/cidadecult.com.br\/index.php?rest_route=%2Fwp%2Fv2%2Fcomments&post=4773"}],"version-history":[{"count":1,"href":"https:\/\/cidadecult.com.br\/index.php?rest_route=\/wp\/v2\/posts\/4773\/revisions"}],"predecessor-version":[{"id":4775,"href":"https:\/\/cidadecult.com.br\/index.php?rest_route=\/wp\/v2\/posts\/4773\/revisions\/4775"}],"wp:featuredmedia":[{"embeddable":true,"href":"https:\/\/cidadecult.com.br\/index.php?rest_route=\/wp\/v2\/media\/4774"}],"wp:attachment":[{"href":"https:\/\/cidadecult.com.br\/index.php?rest_route=%2Fwp%2Fv2%2Fmedia&parent=4773"}],"wp:term":[{"taxonomy":"category","embeddable":true,"href":"https:\/\/cidadecult.com.br\/index.php?rest_route=%2Fwp%2Fv2%2Fcategories&post=4773"},{"taxonomy":"post_tag","embeddable":true,"href":"https:\/\/cidadecult.com.br\/index.php?rest_route=%2Fwp%2Fv2%2Ftags&post=4773"}],"curies":[{"name":"wp","href":"https:\/\/api.w.org\/{rel}","templated":true}]}}