{"id":4767,"date":"2024-04-29T17:57:09","date_gmt":"2024-04-29T20:57:09","guid":{"rendered":"https:\/\/cidadecult.com.br\/?p=4767"},"modified":"2024-04-29T17:57:10","modified_gmt":"2024-04-29T20:57:10","slug":"pabllo-vittar-celebra-ritmos-brasileiros-em-batidao-tropical-vol-2-e-conquista-recorde-de-estreia","status":"publish","type":"post","link":"https:\/\/cidadecult.com.br\/?p=4767","title":{"rendered":"Pabllo Vittar celebra ritmos brasileiros em &#8216;Batid\u00e3o Tropical Vol.2&#8217; e conquista recorde de estreia"},"content":{"rendered":"\n<p>A cantora Pabllo Vittar, uma das maiores representantes do pop brasileiro, lan\u00e7ou em abril o esperado &#8220;Batid\u00e3o Tropical Vol.2&#8221;, alcan\u00e7ando um novo marco em sua carreira com mais de 4,7 milh\u00f5es de streamings nas primeiras 24 horas. Este \u00e1lbum, o sexto de sua trajet\u00f3ria, segue o sucesso do primeiro volume, lan\u00e7ado em 2021, que j\u00e1 havia sido um grande hit.<\/p>\n\n\n\n<p>Nascida no Maranh\u00e3o e criada entre as culturas ricas do Maranh\u00e3o e do Par\u00e1, Pabllo mant\u00e9m suas ra\u00edzes vivas ao homenagear os ritmos nortistas e nordestinos do Brasil. O \u00e1lbum conta com 14 faixas, incluindo regrava\u00e7\u00f5es de cl\u00e1ssicos do forr\u00f3 eletr\u00f4nico, eletrobrega e hits de bandas ic\u00f4nicas como Calypso, Djav\u00fa, e Magn\u00edficos, al\u00e9m de uma vers\u00e3o inovadora de &#8220;I don&#8217;t want to get hurt&#8221; dos Roxette, cantada em portugu\u00eas com Gaby Amarantos.<\/p>\n\n\n\n<figure class=\"wp-block-image size-full\"><img loading=\"lazy\" decoding=\"async\" width=\"675\" height=\"450\" src=\"https:\/\/cidadecult.com.br\/wp-content\/uploads\/2024\/04\/pablo-vittar-1.jpg\" alt=\"\" class=\"wp-image-4769\" srcset=\"https:\/\/cidadecult.com.br\/wp-content\/uploads\/2024\/04\/pablo-vittar-1.jpg 675w, https:\/\/cidadecult.com.br\/wp-content\/uploads\/2024\/04\/pablo-vittar-1-300x200.jpg 300w\" sizes=\"auto, (max-width: 675px) 100vw, 675px\" \/><figcaption class=\"wp-element-caption\"><em>Pabllo Vittar lan\u00e7a segundo volume de Batid\u00e3o tropical &#8211; (cr\u00e9dito: Gabriel Renn\u00e9\/ Divulga\u00e7\u00e3o)<\/em><\/figcaption><\/figure>\n\n\n\n<p>Diferente do volume anterior, &#8220;Batid\u00e3o Tropical Vol.2&#8221; traz colabora\u00e7\u00f5es com artistas como os DJs Will Love e Maderito, e a cantora de forr\u00f3 Taty Girl, refor\u00e7ando o aspecto colaborativo e comunit\u00e1rio do projeto. O \u00e1lbum n\u00e3o s\u00f3 celebra a m\u00fasica, mas tamb\u00e9m a intera\u00e7\u00e3o com os f\u00e3s, atrav\u00e9s de faixas secretas que jogam com a expectativa do p\u00fablico sobre futuros lan\u00e7amentos.<\/p>\n\n\n\n<p>Pabllo Vittar, que j\u00e1 foi reconhecida como a Melhor Artista Brasileiro pela MTV EMA em 2019 e listada pela revista Time como uma das l\u00edderes da nova gera\u00e7\u00e3o, continua a fazer hist\u00f3ria com sua turn\u00ea &#8220;Batid\u00e3o Tropical&#8221;, que se estender\u00e1 at\u00e9 o final do ano, incluindo uma parada em Bras\u00edlia em agosto.<\/p>\n\n\n\n<p>Este \u00e1lbum n\u00e3o apenas refor\u00e7a o talento de Pabllo Vittar como cantora e \u00edcone cultural, mas tamb\u00e9m atesta sua habilidade em conectar e celebrar as diversas express\u00f5es musicais brasileiras, fazendo dele um fen\u00f4meno tanto nacional quanto internacional.<\/p>\n","protected":false},"excerpt":{"rendered":"<p>A cantora Pabllo Vittar, uma das maiores representantes do pop brasileiro, lan\u00e7ou em abril o esperado &#8220;Batid\u00e3o Tropical Vol.2&#8221;, alcan\u00e7ando um novo marco em sua carreira com mais de 4,7 milh\u00f5es de streamings nas primeiras 24 horas. Este \u00e1lbum, o sexto de sua trajet\u00f3ria, segue o sucesso do primeiro volume, lan\u00e7ado em 2021, que j\u00e1 [&hellip;]<\/p>\n","protected":false},"author":777,"featured_media":4768,"comment_status":"open","ping_status":"open","sticky":false,"template":"","format":"standard","meta":{"_monsterinsights_skip_tracking":false,"_monsterinsights_sitenote_active":false,"_monsterinsights_sitenote_note":"","_monsterinsights_sitenote_category":0,"footnotes":""},"categories":[35],"tags":[1153,95,1152,1154],"class_list":["post-4767","post","type-post","status-publish","format-standard","has-post-thumbnail","hentry","category-business-news365","tag-batidao-tropical","tag-musica","tag-pablo-vittar","tag-volume-ii"],"_links":{"self":[{"href":"https:\/\/cidadecult.com.br\/index.php?rest_route=\/wp\/v2\/posts\/4767","targetHints":{"allow":["GET"]}}],"collection":[{"href":"https:\/\/cidadecult.com.br\/index.php?rest_route=\/wp\/v2\/posts"}],"about":[{"href":"https:\/\/cidadecult.com.br\/index.php?rest_route=\/wp\/v2\/types\/post"}],"author":[{"embeddable":true,"href":"https:\/\/cidadecult.com.br\/index.php?rest_route=\/wp\/v2\/users\/777"}],"replies":[{"embeddable":true,"href":"https:\/\/cidadecult.com.br\/index.php?rest_route=%2Fwp%2Fv2%2Fcomments&post=4767"}],"version-history":[{"count":1,"href":"https:\/\/cidadecult.com.br\/index.php?rest_route=\/wp\/v2\/posts\/4767\/revisions"}],"predecessor-version":[{"id":4770,"href":"https:\/\/cidadecult.com.br\/index.php?rest_route=\/wp\/v2\/posts\/4767\/revisions\/4770"}],"wp:featuredmedia":[{"embeddable":true,"href":"https:\/\/cidadecult.com.br\/index.php?rest_route=\/wp\/v2\/media\/4768"}],"wp:attachment":[{"href":"https:\/\/cidadecult.com.br\/index.php?rest_route=%2Fwp%2Fv2%2Fmedia&parent=4767"}],"wp:term":[{"taxonomy":"category","embeddable":true,"href":"https:\/\/cidadecult.com.br\/index.php?rest_route=%2Fwp%2Fv2%2Fcategories&post=4767"},{"taxonomy":"post_tag","embeddable":true,"href":"https:\/\/cidadecult.com.br\/index.php?rest_route=%2Fwp%2Fv2%2Ftags&post=4767"}],"curies":[{"name":"wp","href":"https:\/\/api.w.org\/{rel}","templated":true}]}}