{"id":474,"date":"2022-08-22T10:36:41","date_gmt":"2022-08-22T13:36:41","guid":{"rendered":"https:\/\/cidadecult.com.br\/novo\/festa-flashback-homenageia-anos-70-80-e-90\/"},"modified":"2022-08-22T10:36:41","modified_gmt":"2022-08-22T13:36:41","slug":"festa-flashback-homenageia-anos-70-80-e-90","status":"publish","type":"post","link":"https:\/\/cidadecult.com.br\/?p=474","title":{"rendered":"Festa flashback homenageia anos 70, 80 e 90"},"content":{"rendered":"<p><i style=\"color: #222222; font-family: tahoma, sans-serif; font-size: small; text-align: center;\">&#8220;Discoteca&#8221; acontece no\u00a0dia 10 de setembro no COPM &#8211; Clube dos Oficiais da PM no Setor de Clubes Sul<\/i><\/p>\n<p><span style=\"color: #222222; font-family: tahoma, sans-serif; font-size: small;\">\u00a0\u00a0T\u00e1 chegando mais uma edi\u00e7\u00e3o &#8220;Discoteca&#8221;, a festa flashback mais famosa de Bras\u00edlia, com DJ Marcelo BG e todas aquelas\u00a0 m\u00fasicas inesquec\u00edveis que marcaram as d\u00e9cadas de 70, 80 e 90!<\/span><br style=\"color: #222222; font-family: tahoma, sans-serif; font-size: small;\" \/><br style=\"color: #222222; font-family: tahoma, sans-serif; font-size: small;\" \/><span style=\"color: #222222; font-family: tahoma, sans-serif; font-size: small;\">\u00a0 \u00a0 \u00a0O evento geralmente acontece nos sal\u00f5es dos maiores clubes da capital, com o intuito de reunir pessoas que viveram as saudosas d\u00e9cadas passadas e, claro, buscando ainda atrair o p\u00fablico mais jovem que gosta de dan\u00e7ar, encontrar os amigos e se divertir ao som das &#8220;antigas&#8221;. &#8220;Discoteca&#8221; surgiu em 2011 na Churrascaria Chamas Grill, no Setor Hoteleiro Sul,\u00a0 nas noites de s\u00e1bado, para que todos pudessem curtir as m\u00fasicas que marcaram os anos 70,80 e 90. O sucesso foi tanto que a festa ganhou mais edi\u00e7\u00f5es e um p\u00fablico fiel, sendo realizada quatro vezes ao ano, aos s\u00e1bados ou em v\u00e9speras de feriado, com dura\u00e7\u00e3o de seis horas para todo mundo se divertir e achar o maior barato!<\/span><br style=\"color: #222222; font-family: tahoma, sans-serif; font-size: small;\" \/><br style=\"color: #222222; font-family: tahoma, sans-serif; font-size: small;\" \/><span style=\"color: #222222; font-family: tahoma, sans-serif; font-size: small;\">\u00a0 \u00a0 \u00a0Neste ano, em sua 25\u00aa edi\u00e7\u00e3o, a &#8220;Discoteca&#8221;, acontece no dia 10 de setembro, s\u00e1bado, \u00e0s 21h, no COPM &#8211; Clube dos Oficiais da Pol\u00edcia Militar, no Setor de Clubes Sul, Trecho 1, ao lado do Clube Nipo. O evento tematizado ter\u00e1 como atra\u00e7\u00e3o principal o DJ Marcelo BG e muitas outras surpresas para os convidados!<\/span><\/p>\n","protected":false},"excerpt":{"rendered":"<p><i style=\"color: #222222; font-family: tahoma, sans-serif; font-size: small; text-align: center;\">&#8220;Discoteca&#8221; acontece no\u00a0dia 10 de setembro no COPM &#8211; Clube dos Oficiais da PM no Setor de Clubes Sul<\/i><\/p>\n","protected":false},"author":3,"featured_media":0,"comment_status":"open","ping_status":"open","sticky":false,"template":"","format":"standard","meta":{"_monsterinsights_skip_tracking":false,"_monsterinsights_sitenote_active":false,"_monsterinsights_sitenote_note":"","_monsterinsights_sitenote_category":0,"footnotes":""},"categories":[34],"tags":[],"class_list":["post-474","post","type-post","status-publish","format-standard","hentry","category-destaque"],"_links":{"self":[{"href":"https:\/\/cidadecult.com.br\/index.php?rest_route=\/wp\/v2\/posts\/474","targetHints":{"allow":["GET"]}}],"collection":[{"href":"https:\/\/cidadecult.com.br\/index.php?rest_route=\/wp\/v2\/posts"}],"about":[{"href":"https:\/\/cidadecult.com.br\/index.php?rest_route=\/wp\/v2\/types\/post"}],"author":[{"embeddable":true,"href":"https:\/\/cidadecult.com.br\/index.php?rest_route=\/wp\/v2\/users\/3"}],"replies":[{"embeddable":true,"href":"https:\/\/cidadecult.com.br\/index.php?rest_route=%2Fwp%2Fv2%2Fcomments&post=474"}],"version-history":[{"count":0,"href":"https:\/\/cidadecult.com.br\/index.php?rest_route=\/wp\/v2\/posts\/474\/revisions"}],"wp:attachment":[{"href":"https:\/\/cidadecult.com.br\/index.php?rest_route=%2Fwp%2Fv2%2Fmedia&parent=474"}],"wp:term":[{"taxonomy":"category","embeddable":true,"href":"https:\/\/cidadecult.com.br\/index.php?rest_route=%2Fwp%2Fv2%2Fcategories&post=474"},{"taxonomy":"post_tag","embeddable":true,"href":"https:\/\/cidadecult.com.br\/index.php?rest_route=%2Fwp%2Fv2%2Ftags&post=474"}],"curies":[{"name":"wp","href":"https:\/\/api.w.org\/{rel}","templated":true}]}}