{"id":471,"date":"2022-08-09T18:48:20","date_gmt":"2022-08-09T21:48:20","guid":{"rendered":"https:\/\/cidadecult.com.br\/novo\/metodo-ram\/"},"modified":"2022-08-09T18:48:20","modified_gmt":"2022-08-09T21:48:20","slug":"metodo-ram","status":"publish","type":"post","link":"https:\/\/cidadecult.com.br\/?p=471","title":{"rendered":"M\u00c9TODO RAM &#8211; Farlley Derze lan\u00e7a livro que prop\u00f5e abordagem in\u00e9dita sobre Rearmoniza\u00e7\u00e3o Musical"},"content":{"rendered":"<p class=\"MsoNormal\" style=\"margin: 0cm 0cm 8pt; color: #222222; text-align: center; line-height: 15.6933px; font-size: 11pt; font-family: Calibri, sans-serif;\" align=\"center\"><span style=\"font-size: 13pt; line-height: 18.5467px; font-family: 'Calibri Light', sans-serif;\">Durante noite de aut\u00f3grafos e sarau na Escola de M\u00fasica de Bras\u00edlia, o pianista e professor de m\u00fasica\u00a0<b>Farlley Derze<\/b>\u00a0lan\u00e7ar\u00e1, em 15 de agosto, o \u201cM\u00e9todo Ram\u201d, projeto viabilizado pelo Fundo de Apoio \u00e0 Cultura da Secretaria de Cultura e Economia Criativa do Distrito Federal.<\/span><\/p>\n<p class=\"MsoNormal\" style=\"margin: 0cm 0cm 8pt; color: #222222; line-height: 15.6933px; font-size: 11pt; font-family: Calibri, sans-serif; text-align: justify;\" align=\"center\"><span style=\"font-size: 13pt; line-height: 18.5467px; font-family: 'Calibri Light', sans-serif;\">O evento contar\u00e1 com a participa\u00e7\u00e3o de m\u00fasicos convidados, como o baixista\u00a0<b>Oswaldo Amorim<\/b>, baterista\u00a0<b>Marc\u00e3o Brito<\/b>, trompetista\u00a0<b>Argemiro Oliveira Junior<\/b>\u00a0e saxofonista\u00a0<b>Isaac Gomes<\/b>, que interpretar\u00e3o obras a partir do m\u00e9todo do autor.<\/span><\/p>\n<p class=\"MsoNormal\" style=\"margin: 0cm 0cm 8pt; color: #222222; text-align: justify; line-height: 15.6933px; font-size: 11pt; font-family: Calibri, sans-serif;\"><span style=\"font-size: 13pt; line-height: 18.5467px; font-family: 'Calibri Light', sans-serif;\">A sofisticada proposta de rearmoniza\u00e7\u00e3o musical foi desenvolvida por Farlley ao longo de quatro anos de pesquisa no campo da Harmonia Musical, dando origem ao livro que trata do tema com profundidade. E se a leitura \u00e9 mais voltada para o universo acad\u00eamico e m\u00fasicos profissionais, o M\u00e9todo, atrav\u00e9s de linguagem acess\u00edvel, ser\u00e1 disponibilizado em uma s\u00e9rie de v\u00eddeo-aulas, alcan\u00e7ando amantes da m\u00fasica, em geral, e tamb\u00e9m em escolas. \u00a0<\/span><\/p>\n<p class=\"MsoNormal\" style=\"margin: 0cm 0cm 8pt; color: #222222; text-align: justify; line-height: 15.6933px; font-size: 11pt; font-family: Calibri, sans-serif;\"><span style=\"font-size: 13pt; line-height: 18.5467px; font-family: 'Calibri Light', sans-serif;\">\u201c<i>O que aconteceria com uma m\u00fasica se ela fosse rearmonizada apenas com acordes menores? Afinal, sem acordes maiores n\u00e3o haveria o jogo tradicional de acordes de \u201cpergunta e resposta\u201d ou \u2018tens\u00e3o e relaxamento\u2019, ou, tecnicamente falando, a elimina\u00e7\u00e3o da rela\u00e7\u00e3o polarizada entre acordes de s\u00e9tima da dominante e acordes da t\u00f4nica<\/i>\u201d, questiona Farlley. De fato, principalmente para leigos, o tema parece complexo. E \u00e9! Da\u00ed o car\u00e1ter revolucion\u00e1rio do m\u00e9todo, que aponta, justamente, para a simplifica\u00e7\u00e3o do processo na constru\u00e7\u00e3o da harmonia, sem o preju\u00edzo de seu teor art\u00edstico. \u201c<i>Tenho a impress\u00e3o de que a exclus\u00e3o dos acordes de dominante \u00e9 uma quebra no padr\u00e3o de pensamento. \u00c9 sair do quadrado. Gostei muito dessa onda. \u00c9 um conceito novo. Quebra o paradigma<\/i>\u201d, afirma o guitarrista\u00a0<b>Fernando \u00c1vila<\/b>. \u201c<i>\u00c9 um trabalho in\u00e9dito na hist\u00f3ria da m\u00fasica<\/i>\u201d, complementa o saxofonista\u00a0<b>Isaac Gomes<\/b>.<\/span><\/p>\n<p class=\"MsoNormal\" style=\"margin: 0cm 0cm 8pt; color: #222222; text-align: justify; line-height: 15.6933px; font-size: 11pt; font-family: Calibri, sans-serif;\"><span style=\"font-size: 13pt; line-height: 18.5467px; font-family: 'Calibri Light', sans-serif;\">Enquanto desenvolvia o projeto, Derze mostrou-o a v\u00e1rios m\u00fasicos atrav\u00e9s da execu\u00e7\u00e3o de repert\u00f3rio conhecido. Cl\u00e1ssicos populares como \u201cGarota de Ipanema\u201d, \u201cCarinhoso\u201d, \u201cS\u00f3 Dan\u00e7o Samba\u201d e \u201cStella by Starlight\u201d foram rearmonizados a partir do M\u00e9todo RAM: ou seja, tocados com acordes menores.\u00a0<b>Alciomar Oliveira<\/b>, trombonista e professor de Harmonia e Improvisa\u00e7\u00e3o da Universidade de Bras\u00edlia (UnB), chegou a assistir a uma dessas performances, no Clube do Choro, e convidou o artista para um bate-papo musical com os seus alunos. Foi quando a novidade come\u00e7ou a se espalhar no meio acad\u00eamico e art\u00edstico. Segundo Alciomar, \u201c<i>\u00c9 um assunto in\u00e9dito. Acima de tudo, uma abordagem art\u00edstica sobre um dos t\u00f3picos te\u00f3ricos mais t\u00e9cnicos da m\u00fasica<\/i>\u201d. J\u00e1 o flautista\u00a0<b>Daniel Pantoja<\/b>\u00a0destaca o seu car\u00e1ter inovador: \u201c<i>\u00c9 novo. O ouvido se interessa. Um ouvido cansado passa a ter um novo frescor com essa experi\u00eancia<\/i>\u201d.<\/span><\/p>\n<p class=\"MsoNormal\" style=\"margin: 0cm 0cm 8pt; color: #222222; text-align: justify; line-height: 15.6933px; font-size: 11pt; font-family: Calibri, sans-serif;\"><span style=\"font-size: 13pt; line-height: 18.5467px; font-family: 'Calibri Light', sans-serif;\">A primeira edi\u00e7\u00e3o do livro chega compartilhando seis par\u00e2metros para a utiliza\u00e7\u00e3o do m\u00e9todo. \u201c<i>Novos par\u00e2metros podem surgir com a participa\u00e7\u00e3o dos m\u00fasicos, cujas ideias ser\u00e3o bem-vindas para ampliar o m\u00e9todo<\/i>\u201d, sugere Farlley. Como explica, a m\u00fasica ocidental conta com um vasto campo te\u00f3rico do qual faz parte o estudo da Harmonia, onde se encaixa o M\u00e9todo RAM, inaugurando um novo cap\u00edtulo no campo da Harmonia. \u201c<i>A aplica\u00e7\u00e3o do M\u00e9todo muda a \u2018cara\u2019 da m\u00fasica. Mant\u00e9m a melodia e cria outro espectro sonoro. \u00c9 uma proposta que d\u00e1 outro colorido \u00e0 m\u00fasica. Achei fant\u00e1stico, gostei demais e se encaixa com a minha concep\u00e7\u00e3o de harmonia, que n\u00e3o precisa ser aquela coisa fechada.<\/i>\u201d, avalia a guitarrista\u00a0<b>Marlene Souza<\/b>. \u00a0<\/span><\/p>\n<p class=\"MsoNormal\" style=\"margin: 0cm 0cm 8pt; color: #222222; text-align: justify; line-height: 15.6933px; font-size: 11pt; font-family: Calibri, sans-serif;\"><span style=\"font-size: 13pt; line-height: 18.5467px; font-family: 'Calibri Light', sans-serif;\">O M\u00e9todo RAM nasce como uma filosofia sonora que convida os m\u00fasicos a compartilharem suas ideias musicais, no terreno da rearmoniza\u00e7\u00e3o. O pianista\u00a0<b>Eladio Oduber<\/b>, vai al\u00e9m: \u201c<i>O M\u00e9todo RAM \u00e9 quase uma liturgia. Temos de admir\u00e1-la e estud\u00e1-la<\/i>\u201d.<\/span><\/p>\n","protected":false},"excerpt":{"rendered":"<p class=\"MsoNormal\" style=\"margin: 0cm 0cm 8pt; color: #222222; text-align: center; line-height: 15.6933px; font-size: 11pt; font-family: Calibri, sans-serif;\" align=\"center\"><span style=\"font-size: 13pt; line-height: 18.5467px; font-family: 'Calibri Light', sans-serif;\">Durante noite de aut\u00f3grafos e sarau na Escola de M\u00fasica de Bras\u00edlia, o pianista e professor de m\u00fasica\u00a0<b>Farlley Derze<\/b>\u00a0lan\u00e7ar\u00e1, em 15 de agosto, o \u201cM\u00e9todo Ram\u201d, projeto viabilizado pelo Fundo de Apoio \u00e0 Cultura da Secretaria de Cultura e Economia Criativa do Distrito Federal.<\/span><\/p>\n","protected":false},"author":3,"featured_media":0,"comment_status":"open","ping_status":"open","sticky":false,"template":"","format":"standard","meta":{"_monsterinsights_skip_tracking":false,"_monsterinsights_sitenote_active":false,"_monsterinsights_sitenote_note":"","_monsterinsights_sitenote_category":0,"footnotes":""},"categories":[34],"tags":[],"class_list":["post-471","post","type-post","status-publish","format-standard","hentry","category-destaque"],"_links":{"self":[{"href":"https:\/\/cidadecult.com.br\/index.php?rest_route=\/wp\/v2\/posts\/471","targetHints":{"allow":["GET"]}}],"collection":[{"href":"https:\/\/cidadecult.com.br\/index.php?rest_route=\/wp\/v2\/posts"}],"about":[{"href":"https:\/\/cidadecult.com.br\/index.php?rest_route=\/wp\/v2\/types\/post"}],"author":[{"embeddable":true,"href":"https:\/\/cidadecult.com.br\/index.php?rest_route=\/wp\/v2\/users\/3"}],"replies":[{"embeddable":true,"href":"https:\/\/cidadecult.com.br\/index.php?rest_route=%2Fwp%2Fv2%2Fcomments&post=471"}],"version-history":[{"count":0,"href":"https:\/\/cidadecult.com.br\/index.php?rest_route=\/wp\/v2\/posts\/471\/revisions"}],"wp:attachment":[{"href":"https:\/\/cidadecult.com.br\/index.php?rest_route=%2Fwp%2Fv2%2Fmedia&parent=471"}],"wp:term":[{"taxonomy":"category","embeddable":true,"href":"https:\/\/cidadecult.com.br\/index.php?rest_route=%2Fwp%2Fv2%2Fcategories&post=471"},{"taxonomy":"post_tag","embeddable":true,"href":"https:\/\/cidadecult.com.br\/index.php?rest_route=%2Fwp%2Fv2%2Ftags&post=471"}],"curies":[{"name":"wp","href":"https:\/\/api.w.org\/{rel}","templated":true}]}}