{"id":470,"date":"2022-08-08T10:20:13","date_gmt":"2022-08-08T13:20:13","guid":{"rendered":"https:\/\/cidadecult.com.br\/novo\/toca-literaria-do-cerrado-promove-encontro-da-arte-com-a-sustentabilidade\/"},"modified":"2022-08-08T10:20:13","modified_gmt":"2022-08-08T13:20:13","slug":"toca-literaria-do-cerrado-promove-encontro-da-arte-com-a-sustentabilidade","status":"publish","type":"post","link":"https:\/\/cidadecult.com.br\/?p=470","title":{"rendered":"Toca Liter\u00e1ria do Cerrado promove encontro da arte com a sustentabilidade"},"content":{"rendered":"<div style=\"color: #222222; font-family: Arial, Helvetica, sans-serif; font-size: small; text-align: center;\">\u00a0<\/div>\n<div style=\"color: #222222; font-family: Arial, Helvetica, sans-serif; font-size: small;\">\n<div style=\"text-align: center;\"><span style=\"font-size: large;\"><span style=\"font-size: large;\"><i>At\u00e9 final de agosto, evento liter\u00e1rio da regi\u00e3o leva literatura, sustentabilidade e biodiversidade para comunidade rural no Park Way<\/i><\/span><\/span>\n<\/div>\n<p><span style=\"font-size: large;\">\u00a0<br \/>Uma estrutura de bambu em formato de toca, erguida no meio do cerrado, abriga dois mundos transformadores: o da literatura e o do desenvolvimento sustent\u00e1vel. A partir de 30 de julho at\u00e9 27\/08, a primeira edi\u00e7\u00e3o da Toca Liter\u00e1ria do Cerrado ir\u00e1 levar para toda a popula\u00e7\u00e3o uma programa\u00e7\u00e3o repleta de viv\u00eancias, oficinas, passeios-guiados, rodas de leitura liter\u00e1rias e muito mais. Todas as atividades s\u00e3o abertas e gratuitas e ocorrem na Vargem Bonita &#8211; Park Way.<br \/>\u00a0<br \/>Para participar das atividades, basta acessar o link\u00a0<a style=\"color: #1155cc;\" href=\"https:\/\/apptuts.bio\/tocaliterariadocerrado\" target=\"_blank\" rel=\"noopener noreferrer\" data-saferedirecturl=\"https:\/\/www.google.com\/url?q=https:\/\/apptuts.bio\/tocaliterariadocerrado&amp;source=gmail&amp;ust=1659816894584000&amp;usg=AOvVaw0afeKdbeNxJqh3MZ7aemIb\">https:\/\/apptuts.bio\/<wbr \/>tocaliterariadocerrado<\/a>\u00a0e realizar a inscri\u00e7\u00e3o.<br \/>\u00a0<br \/>A comunidade local faz parte da constru\u00e7\u00e3o art\u00edstica do projeto, sendo convidada, desde a montagem da estrutura, a contribuir com a ambienta\u00e7\u00e3o da Toca, trazendo as experi\u00eancias de quem vive e conhece a regi\u00e3o.<br \/>\u00a0<br \/>Iniciativa da professora e agente cultural Cristiane Salles, a Toca Liter\u00e1ria do Cerrado conta com fomento do Fundo de Apoio \u00e0 Cultura (FAC) da Secretaria de Cultura e Economia Criativa do Distrito Federal (Secec-DF) e tem na Agenda Educa\u00e7\u00e3o 2030 da UNESCO o norte dos trabalhos.<br \/>\u00a0<br \/>A proposta \u00e9 a cria\u00e7\u00e3o de um espa\u00e7o art\u00edstico-ambiental onde ser\u00e3o realizadas in\u00fameras atividades com foco nos Objetivos de Desenvolvimento Sustent\u00e1vel (ODS) da ONU\/UNESCO\/Agenda 2030 (\u00c1gua Pot\u00e1vel e Saneamento; Proteger a Vida Terrestre; Educa\u00e7\u00e3o de Qualidade; e A\u00e7\u00e3o Contra a Mudan\u00e7a Global do Clima).<br \/>\u00a0<br \/>\u201cQuando a gente se envolve na realiza\u00e7\u00e3o de um projeto que busca um pensamento cr\u00edtico em rela\u00e7\u00e3o ao desenvolvimento sustent\u00e1vel, e agrega a isso o fazer liter\u00e1rio que se manifesta atrav\u00e9s da leitura de hist\u00f3rias e do encontro com a arte, estabelecemos uma grande ponte entre o presente e o futuro. \u00c9 um evento que nasce com uma pot\u00eancia enorme\u201d, destaca Cristiane Salles.<br \/><b>\u00a0<br \/>Literatura e outras linguagens de arte<br \/>\u00a0<\/b><br \/>A primeira atividade da Toca Liter\u00e1ria do Cerrado ser\u00e1 a oficina de media\u00e7\u00e3o liter\u00e1ria: Ler Para Crian\u00e7as, que al\u00e9m de apresentar o universo dos livros infantis aos participantes, formar\u00e1 monitores para atua\u00e7\u00e3o nas Rodas de leituras di\u00e1rias e nas viv\u00eancias e oficinas que acontecer\u00e3o nos finais de semana do Projeto.<br \/>\u00a0<br \/>Durante a leitura de hist\u00f3rias e as rodas de conversas di\u00e1rias, as crian\u00e7as e demais participantes ser\u00e3o convidados a usufruir do acervo de mais de 100 (cem) obras de literatura infantil que fazem parte do Projeto.<br \/>\u00a0<br \/>O acervo traz obras que tratam dos ODS da ONU\/UNESCO\/Agenda 2030 ser\u00e1 posteriormente distribu\u00eddo entre escolas, creches e ONGs da comunidade, sendo reservados 10% deles para serem sorteados entre as pr\u00f3prias crian\u00e7as e participantes das Leituras de Hist\u00f3rias e Rodas de Conversas.<br \/>\u00a0<br \/>Para os finais de semana, a Toca Liter\u00e1ria do Cerrado preparou uma programa\u00e7\u00e3o especial com v\u00e1rias viv\u00eancias e diversas oficinas. Ser\u00e3o oito atra\u00e7\u00f5es em 4 finais de semana.<br \/>\u00a0<br \/>Entre tantas atra\u00e7\u00f5es, destaque para a oficina Reciclando Pessoas com o Grupo musical Patubat\u00ea, dia 06 de agosto, a partir das 08h, que cria instrumentos de percuss\u00e3o com sucata e materiais recicl\u00e1veis e a viv\u00eancia da \u00c1gua do Cerrado, um passeio guiado, conduzido pela Bi\u00f3loga, Mestre em Recursos h\u00eddricos, Cl\u00e1udia Franco.<br \/><b>\u00a0<br \/>Sobre Cristiane Salles<\/b><br \/>\u00a0<br \/>Cristiane de Salles Moreira dos Santos \u00e9 Especialista em Literatura Infantil e Juvenil, com foco na forma\u00e7\u00e3o de leitores. Trabalha com curadoria, sele\u00e7\u00e3o de acervos e orienta\u00e7\u00e3o pedag\u00f3gica na constru\u00e7\u00e3o de projetos liter\u00e1rios. \u00c9 propriet\u00e1ria da Livrim &#8211; Consultoria Liter\u00e1ria. Professora de L\u00edngua Portuguesa, \u00e9 p\u00f3s-graduada em Literatura Brasileira e leitora-votante da FNLIJ em Bras\u00edlia.<br \/>\u00a0<br \/>Para participar das atividades, basta acessar o link\u00a0<a style=\"color: #1155cc;\" href=\"https:\/\/apptuts.bio\/tocaliterariadocerrado\" target=\"_blank\" rel=\"noopener noreferrer\" data-saferedirecturl=\"https:\/\/www.google.com\/url?q=https:\/\/apptuts.bio\/tocaliterariadocerrado&amp;source=gmail&amp;ust=1659816894584000&amp;usg=AOvVaw0afeKdbeNxJqh3MZ7aemIb\">https:\/\/apptuts.bio\/<wbr \/>tocaliterariadocerrado<\/a>\u00a0e realizar a inscri\u00e7\u00e3o.<\/p>\n<p>\u00a0<br \/>\u00a0<b><br \/>SERVI\u00c7O:<br \/>Evento: TOCA LITER\u00c1RIA DO CERRADO<\/b><br \/>Programa\u00e7\u00e3o:<br \/>Oficina de Media\u00e7\u00e3o de Leitura liter\u00e1ria<br \/>Data: 01 a 05\/08 (segunda a sexta)<br \/>Hor\u00e1rio: 19h \u00e0s 21h<br \/>Mediadora: Cristiane Salles<br \/>Local: Toca Liter\u00e1ria (Park Way)<br \/>Vagas: 30 (trinta)<br \/>P\u00fablico: Maiores de 18 anos.<br \/>\u00a0<br \/>Roda de Leitura de Hist\u00f3rias<br \/>Data: 08 a 26\/08<br \/>Segunda, quarta e sexta: 8h30 \u00e0s 10h<br \/>Ter\u00e7a e quinta: 15h30 \u00e0s 17h<br \/>Mediadora: Cristiane Salles<br \/>Local: Toca Liter\u00e1ria (Park Way)<br \/>Vagas: 30 (trinta)<br \/>P\u00fablico: livre<br \/>Inscri\u00e7\u00f5es: por ordem de chegada (escolas devem agendar).<br \/>\u00a0<br \/>OFICINAS:<br \/>P\u00fablico: crian\u00e7as (a partir de 07 anos)<br \/>Vagas: 30 (trinta) por oficina<br \/>\u00a0<br \/>Reciclando Pessoas &#8211; Instrumentos de Percuss\u00e3o com Sucata<br \/>Data: 06 de agosto (s\u00e1bado)<br \/>Hor\u00e1rio: 8h \u00e0s 12h<br \/>Oficineiros: Grupo Patubat\u00ea<br \/>Local: Toca Liter\u00e1ria (Park Way)<br \/>\u00a0<br \/>Terra Viva &#8211; Gravura da Flora do Cerrado<br \/>Data: 13 de agosto (s\u00e1bado)<br \/>Hor\u00e1rio: 8h \u00e0s 12h<br \/>Oficineiros: Vald\u00e9rio Costa e Fabiana Peneireiro<br \/>Local: Toca Liter\u00e1ria (Park Way)<br \/>\u00a0<br \/>Desenhando Bichos do Cerrado<br \/>Data: 20 de agosto (s\u00e1bado)<br \/>Hor\u00e1rio: 8h \u00e0s 12h<br \/>Oficineiros: J\u00f4 Oliveira e Ot\u00e1vio Maia<br \/>Local: Toca Liter\u00e1ria (Park Way)<br \/>\u00a0<br \/>Encontro com as \u00c1guas do Cerrado &#8211; Passeio e Ciranda<br \/>Data: 27 de agosto (s\u00e1bado)<br \/>Hor\u00e1rio: 8h \u00e0s 12h<br \/>Oficineiros: Cl\u00e1udia Franco e Dara\u00edna Pregnolatto<br \/>Local: Toca liter\u00e1ria (Park way)<\/span><\/div>\n","protected":false},"excerpt":{"rendered":"<div style=\"color: #222222; font-family: Arial, Helvetica, sans-serif; font-size: small; text-align: center;\">\u00a0<\/div>\n<div style=\"color: #222222; font-family: Arial, Helvetica, sans-serif; font-size: small;\">\n<div style=\"text-align: center;\"><span style=\"font-size: large;\"><span style=\"font-size: large;\"><i>At\u00e9 final de agosto, evento liter\u00e1rio da regi\u00e3o leva literatura, sustentabilidade e biodiversidade para comunidade rural no Park Way<\/i><\/span><\/span><\/p>\n","protected":false},"author":3,"featured_media":0,"comment_status":"open","ping_status":"open","sticky":false,"template":"","format":"standard","meta":{"_monsterinsights_skip_tracking":false,"_monsterinsights_sitenote_active":false,"_monsterinsights_sitenote_note":"","_monsterinsights_sitenote_category":0,"footnotes":""},"categories":[41],"tags":[],"class_list":["post-470","post","type-post","status-publish","format-standard","hentry","category-agenda"],"_links":{"self":[{"href":"https:\/\/cidadecult.com.br\/index.php?rest_route=\/wp\/v2\/posts\/470","targetHints":{"allow":["GET"]}}],"collection":[{"href":"https:\/\/cidadecult.com.br\/index.php?rest_route=\/wp\/v2\/posts"}],"about":[{"href":"https:\/\/cidadecult.com.br\/index.php?rest_route=\/wp\/v2\/types\/post"}],"author":[{"embeddable":true,"href":"https:\/\/cidadecult.com.br\/index.php?rest_route=\/wp\/v2\/users\/3"}],"replies":[{"embeddable":true,"href":"https:\/\/cidadecult.com.br\/index.php?rest_route=%2Fwp%2Fv2%2Fcomments&post=470"}],"version-history":[{"count":0,"href":"https:\/\/cidadecult.com.br\/index.php?rest_route=\/wp\/v2\/posts\/470\/revisions"}],"wp:attachment":[{"href":"https:\/\/cidadecult.com.br\/index.php?rest_route=%2Fwp%2Fv2%2Fmedia&parent=470"}],"wp:term":[{"taxonomy":"category","embeddable":true,"href":"https:\/\/cidadecult.com.br\/index.php?rest_route=%2Fwp%2Fv2%2Fcategories&post=470"},{"taxonomy":"post_tag","embeddable":true,"href":"https:\/\/cidadecult.com.br\/index.php?rest_route=%2Fwp%2Fv2%2Ftags&post=470"}],"curies":[{"name":"wp","href":"https:\/\/api.w.org\/{rel}","templated":true}]}}