{"id":469,"date":"2022-08-04T17:56:22","date_gmt":"2022-08-04T20:56:22","guid":{"rendered":"https:\/\/cidadecult.com.br\/novo\/cia-de-cantores-liricos-de-brasilia-apresenta-pela-primeira-vez-a-opera-carmen-de-georges-bizet\/"},"modified":"2022-08-04T17:56:22","modified_gmt":"2022-08-04T20:56:22","slug":"cia-de-cantores-liricos-de-brasilia-apresenta-pela-primeira-vez-a-opera-carmen-de-georges-bizet","status":"publish","type":"post","link":"https:\/\/cidadecult.com.br\/?p=469","title":{"rendered":"Cia de Cantores L\u00edricos de Bras\u00edlia apresenta, pela primeira vez, a \u00f3pera Carmen, de Georges Bizet"},"content":{"rendered":"<p class=\"MsoNormal\" style=\"margin: 0cm 0cm 8pt; color: #222222; text-align: justify; line-height: 15.6933px; font-size: 11pt; font-family: Calibri, sans-serif;\"><i>Revolucion\u00e1ria e atual produ\u00e7\u00e3o que ressalta o empoderamento feminino nesta eterna personagem estar\u00e1 em cartaz gratuitamente em agosto pelo Distrito Federal<\/i><\/p>\n<p class=\"MsoNormal\" style=\"margin: 0cm 0cm 8pt; color: #222222; text-align: justify; line-height: 15.6933px; font-size: 11pt; font-family: Calibri, sans-serif;\">A Cia de Cantores L\u00edricos de Bras\u00edlia volta em cartaz para, desta vez, encenar uma das mais famosas \u00f3peras de todos os tempos,<b><i>\u00a0Carmen<\/i><\/b>\u00a0do Franc\u00eas Georges Bizet (1<span style=\"color: black;\">838-1875).<\/span><\/p>\n<p class=\"MsoNormal\" style=\"margin: 0cm 0cm 8pt; color: #222222; text-align: justify; line-height: 15.6933px; font-size: 11pt; font-family: Calibri, sans-serif;\"><span style=\"color: black;\">Sob dire\u00e7\u00e3o c\u00eanica de James Fensterseifer (que tamb\u00e9m assina a ilumina\u00e7\u00e3o e os cen\u00e1rios) e reg\u00eancia de Isabela Sekeff (primeira mulher a reger uma \u00f3pera em Bras\u00edlia),\u00a0<\/span>a \u00f3pera ter\u00e1 estreia nos dias 13 e 14 de agosto, no Sesc Ceil\u00e2ndia (QNN 27 \u00c1rea Especial Lote B &#8211; Ceil\u00e2ndia Norte). J\u00e1 nos dias 20 e 21 do m\u00eas, ser\u00e1 apresentada no Teatro do Sesc Gama (Setor Leste Industrial, Lotes\u00a0<span style=\"color: black;\">620 a 680, QI 1). Ainda, dias 27 e 28 de agosto, no Complexo Cultural de Samambaia. Com sess\u00f5es gratuitas, sempre \u00e0s 19h<\/span><span style=\"color: #0070c0;\">.\u00a0<\/span>Mais informa\u00e7\u00f5es: Instagram: @ciadecantoresliricos.<\/p>\n<p class=\"MsoNormal\" style=\"margin: 0cm 0cm 8pt; color: #222222; text-align: justify; line-height: 15.6933px; font-size: 11pt; font-family: Calibri, sans-serif;\">Fundada em 2008 e composta por Renata Dourado, \u00c9rika Kallina, Gustavo Rocha e Rafael Ribeiro (fixos), a companhia se tornou reconhecida por trazer para cena o g\u00eanero oper\u00edstico de forma mais acess\u00edvel ao p\u00fablico. Sem as longas dura\u00e7\u00f5es das \u00f3peras, por\u00e9m\u00a0<span style=\"color: black;\">mantendo a ess\u00eancia. As r\u00e9citas<\/span><span style=\"color: #0070c0;\">\u00a0<\/span>orquestradas s\u00e3o interpretadas na l\u00edngua original e contam sempre com legendas.<\/p>\n<p class=\"MsoNormal\" style=\"margin: 0cm 0cm 8pt; color: #222222; text-align: justify; line-height: 15.6933px; font-size: 11pt; font-family: Calibri, sans-serif;\"><i>Carmen<\/i>\u00a0se passa em Sevilla (Espanha), no s\u00e9culo 19. Por l\u00e1, uma cigana linda e fascinante chamada Carmen (\u00c9rika Kallina) causa um alvoro\u00e7o em uma f\u00e1brica de cigarros onde trabalhava. Ela ent\u00e3o acaba sendo presa por Don Jos\u00e9 (Rafael Ribeiro). Carmen, portanto, seduz o militar, prometendo amar Don Jos\u00e9 em troca de sua liberdade. O militar libera Carmen e acaba sendo preso por causa disso.<\/p>\n<p class=\"MsoNormal\" style=\"margin: 0cm 0cm 8pt; color: #222222; text-align: justify; line-height: 15.6933px; font-size: 11pt; font-family: Calibri, sans-serif;\">A hist\u00f3ria \u00e9 recheada pelos personagens Escamillo (Thiago Rocha), famoso toureador que se apaixona e se declara para Carmen. Ainda, Micaela (Renata Dourado\/ Luiza Lacava), jovem conterr\u00e2nea de Don Jos\u00e9 que chega \u00e0 cidade para trazer uma not\u00edcia inesperada. Comp\u00f5e a trama tamb\u00e9m o comandante Zuniga (Gustavo Rocha), respons\u00e1vel pela ordem de pris\u00e3o para Carmen e que, no entanto, tamb\u00e9m se encanta por ela. Fazem parte tamb\u00e9m da est\u00f3ria Frasquita (Aida Kellen), Mercedes (Carol Araujo), Remendado (Daniel Menezes), Dancairo (Francisco Bento) e Morales (Diego Silveira).<\/p>\n<p class=\"MsoNormal\" style=\"margin: 0cm 0cm 8pt; color: #222222; text-align: justify; line-height: 15.6933px; font-size: 11pt; font-family: Calibri, sans-serif;\">\u00a0<\/p>\n<p class=\"MsoNormal\" style=\"margin: 0cm 0cm 8pt; color: #222222; text-align: justify; line-height: 15.6933px; font-size: 11pt; font-family: Calibri, sans-serif;\"><b>A revolucion\u00e1ria\u00a0<i>Carmen<\/i><\/b><\/p>\n<p class=\"MsoNormal\" style=\"margin: 0cm 0cm 8pt; color: #222222; text-align: justify; line-height: 15.6933px; font-size: 11pt; font-family: Calibri, sans-serif;\">Escrita no s\u00e9culo 19,\u00a0<i>Carmen<\/i>\u00a0foi eternizada por ter revolucionado o g\u00eanero oper\u00edstico na \u00e9poca contendo uma vis\u00e3o mais realista e novos sons t\u00edpicos dos ritmos e modos espanh\u00f3is\/mouros.<\/p>\n<p class=\"MsoNormal\" style=\"margin: 0cm 0cm 8pt; color: #222222; text-align: justify; line-height: 15.6933px; font-size: 11pt; font-family: Calibri, sans-serif;\">A produ\u00e7\u00e3o considerada feminista traz em cena uma\u00a0<span style=\"color: black;\">protagonista anti-hero\u00edna que divide o mundo entre \u201clobos e os outros\u201d, como diria a pr\u00f3pria personagem.<\/span><\/p>\n<p class=\"MsoNormal\" style=\"margin: 0cm 0cm 8pt; color: #222222; text-align: justify; line-height: 15.6933px; font-size: 11pt; font-family: Calibri, sans-serif;\">\u201c<i>Carmen<\/i>\u00a0\u00e9 uma \u00f3pera muito atual, eterna, que nos faz refletir sobre o empoderamento feminino. E teremos um final surpreendente. Mas&#8230;.S\u00f3 quem for, vai saber\u201d, comenta a soprano e fundadora da Cia, Renata Dourado.<\/p>\n<p class=\"MsoNormal\" style=\"margin: 0cm 0cm 8pt; color: #222222; text-align: justify; line-height: 15.6933px; font-size: 11pt; font-family: Calibri, sans-serif;\"><b>\u00a0<\/b><\/p>\n<p class=\"MsoNormal\" style=\"margin: 0cm 0cm 8pt; color: #222222; text-align: justify; line-height: 15.6933px; font-size: 11pt; font-family: Calibri, sans-serif;\"><b>Ficha t\u00e9cnica:<\/b><\/p>\n<p style=\"color: #222222; margin: 0cm 0cm 0.0001pt; font-size: 11pt; font-family: Calibri, sans-serif;\">Reg\u00eancia: Isabela Sekeff<\/p>\n<p style=\"color: #222222; margin: 0cm 0cm 0.0001pt; font-size: 11pt; font-family: Calibri, sans-serif;\">Dire\u00e7\u00e3o c\u00eanica, ilumina\u00e7\u00e3o e cen\u00e1rios: James Fensterseifer<\/p>\n<p style=\"color: #222222; margin: 0cm 0cm 0.0001pt; font-size: 11pt; font-family: Calibri, sans-serif;\">\u00a0<\/p>\n<p style=\"color: #222222; margin: 0cm 0cm 0.0001pt; font-size: 11pt; font-family: Calibri, sans-serif;\"><b>Elenco:<\/b><\/p>\n<p style=\"color: #222222; margin: 0cm 0cm 0.0001pt; font-size: 11pt; font-family: Calibri, sans-serif;\">Carmen: \u00c9rika Kallina<\/p>\n<p style=\"color: #222222; margin: 0cm 0cm 0.0001pt; font-size: 11pt; font-family: Calibri, sans-serif;\">Scamillo: Thiago Rocha<\/p>\n<p style=\"color: #222222; margin: 0cm 0cm 0.0001pt; font-size: 11pt; font-family: Calibri, sans-serif;\">Don Jos\u00e9: Rafael Ribeiro<\/p>\n<p style=\"color: #222222; margin: 0cm 0cm 0.0001pt; font-size: 11pt; font-family: Calibri, sans-serif;\">Micaela: Renata Dourado\/ Luiza Lacava<\/p>\n<p style=\"color: #222222; margin: 0cm 0cm 0.0001pt; font-size: 11pt; font-family: Calibri, sans-serif;\">Zuniga: Gustavo Rocha<\/p>\n<p style=\"color: #222222; margin: 0cm 0cm 0.0001pt; font-size: 11pt; font-family: Calibri, sans-serif;\">Frasquita: Aida Kellen<\/p>\n<p style=\"color: #222222; margin: 0cm 0cm 0.0001pt; font-size: 11pt; font-family: Calibri, sans-serif;\">Mercedes: Carol Araujo<\/p>\n<p style=\"color: #222222; margin: 0cm 0cm 0.0001pt; font-size: 11pt; font-family: Calibri, sans-serif;\">Remendado: Daniel Menezes<\/p>\n<p style=\"color: #222222; margin: 0cm 0cm 0.0001pt; font-size: 11pt; font-family: Calibri, sans-serif;\">Dancairo: Francisco Bento<\/p>\n<p style=\"color: #222222; margin: 0cm 0cm 0.0001pt; font-size: 11pt; font-family: Calibri, sans-serif;\">Morales: Diego Silveira<\/p>\n<p class=\"MsoNormal\" style=\"margin: 0cm 0cm 8pt; color: #222222; text-align: justify; line-height: 15.6933px; font-size: 11pt; font-family: Calibri, sans-serif;\">\u00a0<\/p>\n<p class=\"MsoNormal\" style=\"margin: 0cm 0cm 8pt; color: #222222; text-align: justify; line-height: 15.6933px; font-size: 11pt; font-family: Calibri, sans-serif;\"><b>Sobre a Cia de Cantores L\u00edricos de Bras\u00edlia<\/b><\/p>\n<p class=\"MsoNormal\" style=\"margin: 0cm 0cm 8pt; color: #222222; text-align: justify; line-height: 15.6933px; font-size: 11pt; font-family: Calibri, sans-serif;\">A Cia de Cantores L\u00edricos de Bras\u00edlia surgiu em 2008 por meio da uni\u00e3o de cantores l\u00edricos de Bras\u00edlia que resolveram contribuir com o cen\u00e1rio musical da cidade. Todos os cantores realizam apresenta\u00e7\u00f5es musicais, shows, concertos, recitais, \u00f3peras e casamentos, em performances em grupo ou solo.<\/p>\n<p class=\"MsoNormal\" style=\"margin: 0cm 0cm 8pt; color: #222222; text-align: justify; line-height: 15.6933px; font-size: 11pt; font-family: Calibri, sans-serif;\">Renata Dourado e \u00c9rika Kallina s\u00e3o sopranos e atuam tanto em produ\u00e7\u00f5es da Cia de Cantores L\u00edricos, quanto em outras produ\u00e7\u00f5es musicais da cidade. Gustavo Rocha \u00e9 um dos bar\u00edtonos mais atuantes de Bras\u00edlia e, al\u00e9m de cantar nas produ\u00e7\u00f5es da companhia e em outras produ\u00e7\u00f5es no DF, tamb\u00e9m divide a produ\u00e7\u00e3o dos espet\u00e1culos com a soprano e produtora Renata Dourado.<\/p>\n<p class=\"MsoNormal\" style=\"margin: 0cm 0cm 8pt; color: #222222; text-align: justify; line-height: 15.6933px; font-size: 11pt; font-family: Calibri, sans-serif;\">Al\u00e9m da performance musical e c\u00eanica, os cantores ministram aulas individuais de canto.<\/p>\n<p class=\"MsoNormal\" style=\"margin: 0cm 0cm 8pt; color: #222222; text-align: justify; line-height: 15.6933px; font-size: 11pt; font-family: Calibri, sans-serif;\">\u00a0<\/p>\n<p class=\"MsoNormal\" style=\"margin: 0cm 0cm 8pt; color: #222222; text-align: justify; line-height: 15.6933px; font-size: 11pt; font-family: Calibri, sans-serif;\"><b><span style=\"font-size: 12pt; line-height: 17.12px;\">Servi\u00e7o<\/span><\/b><span style=\"font-size: 12pt; line-height: 17.12px;\">:<\/span><\/p>\n<p class=\"MsoNormal\" style=\"margin: 0cm 0cm 8pt; color: #222222; text-align: justify; line-height: 15.6933px; font-size: 11pt; font-family: Calibri, sans-serif;\"><b><i><span style=\"font-size: 12pt; line-height: 17.12px;\">Carmen<\/span><\/i><\/b><span style=\"font-size: 12pt; line-height: 17.12px;\">, de Georges Bizet<\/span><\/p>\n<p class=\"MsoNormal\" style=\"margin: 0cm 0cm 8pt; color: #222222; text-align: justify; line-height: 15.6933px; font-size: 11pt; font-family: Calibri, sans-serif;\">Dias 13 e 14 de agosto no Teatro Sesc Ceil\u00e2ndia (QNN 27 \u00c1rea Especial Lote B &#8211; Ceil\u00e2ndia Norte).<\/p>\n<p class=\"MsoNormal\" style=\"margin: 0cm 0cm 8pt; color: #222222; text-align: justify; line-height: 15.6933px; font-size: 11pt; font-family: Calibri, sans-serif;\">Dias 20 e 21 de agosto no Teatro do Sesc Gama (Setor Leste Industrial, Lotes 620 a 680, QI 1)<\/p>\n<p class=\"MsoNormal\" style=\"margin: 0cm 0cm 8pt; color: #222222; text-align: justify; line-height: 15.6933px; font-size: 11pt; font-family: Calibri, sans-serif;\">Dias 27 e 28 de agosto no Complexo Cultural de Samambaia (Quadra QS 303, Samambaia Sul)<\/p>\n<p class=\"MsoNormal\" style=\"margin: 0cm 0cm 8pt; color: #222222; text-align: justify; line-height: 15.6933px; font-size: 11pt; font-family: Calibri, sans-serif;\"><b>Sess\u00f5es gratuitas sempre \u00e0s 19h!<\/b><\/p>\n<p class=\"MsoNormal\" style=\"margin: 0cm 0cm 8pt; color: #222222; text-align: justify; line-height: 15.6933px; font-size: 11pt; font-family: Calibri, sans-serif;\">Classifica\u00e7\u00e3o indicativa 14 anos.<\/p>\n<p class=\"MsoNormal\" style=\"margin: 0cm 0cm 8pt; color: #222222; text-align: justify; line-height: 15.6933px; font-size: 11pt; font-family: Calibri, sans-serif;\">Mais informa\u00e7\u00f5es: Instagram: @ciadecantoresliricos.<\/p>\n","protected":false},"excerpt":{"rendered":"<p class=\"MsoNormal\" style=\"margin: 0cm 0cm 8pt; color: #222222; text-align: justify; line-height: 15.6933px; font-size: 11pt; font-family: Calibri, sans-serif;\"><i>Revolucion\u00e1ria e atual produ\u00e7\u00e3o que ressalta o empoderamento feminino nesta eterna personagem estar\u00e1 em cartaz gratuitamente em agosto pelo Distrito Federal<\/i><\/p>\n","protected":false},"author":3,"featured_media":0,"comment_status":"open","ping_status":"open","sticky":false,"template":"","format":"standard","meta":{"_monsterinsights_skip_tracking":false,"_monsterinsights_sitenote_active":false,"_monsterinsights_sitenote_note":"","_monsterinsights_sitenote_category":0,"footnotes":""},"categories":[34],"tags":[],"class_list":["post-469","post","type-post","status-publish","format-standard","hentry","category-destaque"],"_links":{"self":[{"href":"https:\/\/cidadecult.com.br\/index.php?rest_route=\/wp\/v2\/posts\/469","targetHints":{"allow":["GET"]}}],"collection":[{"href":"https:\/\/cidadecult.com.br\/index.php?rest_route=\/wp\/v2\/posts"}],"about":[{"href":"https:\/\/cidadecult.com.br\/index.php?rest_route=\/wp\/v2\/types\/post"}],"author":[{"embeddable":true,"href":"https:\/\/cidadecult.com.br\/index.php?rest_route=\/wp\/v2\/users\/3"}],"replies":[{"embeddable":true,"href":"https:\/\/cidadecult.com.br\/index.php?rest_route=%2Fwp%2Fv2%2Fcomments&post=469"}],"version-history":[{"count":0,"href":"https:\/\/cidadecult.com.br\/index.php?rest_route=\/wp\/v2\/posts\/469\/revisions"}],"wp:attachment":[{"href":"https:\/\/cidadecult.com.br\/index.php?rest_route=%2Fwp%2Fv2%2Fmedia&parent=469"}],"wp:term":[{"taxonomy":"category","embeddable":true,"href":"https:\/\/cidadecult.com.br\/index.php?rest_route=%2Fwp%2Fv2%2Fcategories&post=469"},{"taxonomy":"post_tag","embeddable":true,"href":"https:\/\/cidadecult.com.br\/index.php?rest_route=%2Fwp%2Fv2%2Ftags&post=469"}],"curies":[{"name":"wp","href":"https:\/\/api.w.org\/{rel}","templated":true}]}}