{"id":466,"date":"2022-08-03T18:59:08","date_gmt":"2022-08-03T21:59:08","guid":{"rendered":"https:\/\/cidadecult.com.br\/novo\/ruth-guimaraes-e-humberto-pedrancini-entram-em-cartaz-nas-escolas-do-distrito-federal-com-o-espetaculo-outra-historia-de-amor\/"},"modified":"2022-08-03T18:59:08","modified_gmt":"2022-08-03T21:59:08","slug":"ruth-guimaraes-e-humberto-pedrancini-entram-em-cartaz-nas-escolas-do-distrito-federal-com-o-espetaculo-outra-historia-de-amor","status":"publish","type":"post","link":"https:\/\/cidadecult.com.br\/?p=466","title":{"rendered":"Ruth Guimar\u00e3es e Humberto Pedrancini  levam o espet\u00e1culo\u00a0Outra Hist\u00f3ria de Amor \u00e0s escolas"},"content":{"rendered":"<p class=\"MsoNormal\" style=\"margin: 0cm 0cm 8pt; color: #222222; line-height: 15.6933px; font-size: 11pt; font-family: Calibri, sans-serif;\"><i><span style=\"font-size: 12pt; line-height: 17.12px; font-family: Arial, sans-serif;\">Com dire\u00e7\u00e3o e dramaturgia de Z\u00e9 Regino, pe\u00e7a fala sobre a quebra de estigmas do envelhecer por meio de um casal de idosos juntos h\u00e1 45 anos<\/span><\/i><\/p>\n<p class=\"MsoNormal\" style=\"margin: 0cm 0cm 8pt; color: #222222; line-height: 15.6933px; font-size: 11pt; font-family: Calibri, sans-serif;\"><span style=\"font-size: 12pt; line-height: 17.12px; font-family: Arial, sans-serif;\">Ap\u00f3s apresenta\u00e7\u00f5es de sucesso no Sesc Paulo Autran, o espet\u00e1culo\u00a0<i>Outra Hist\u00f3ria de Amor<\/i>\u00a0ir\u00e1 abranger as Escolas do Ensino M\u00e9dio P\u00fablico e EJA\u00a0 do Distrito Federal. A pe\u00e7a estar\u00e1 em cartaz nesta quinta-feira, dia 4 de agosto, \u00e0s 10h30 e 15h30 no Centro Educacional 06 (Setor L Norte \u2013 QLN 1) em Taguatinga. E na sexta (5) encerrar\u00e1 temporada \u00e0s 10h30 e \u00e0s 16h30 no Centro Educacional 3 (QE 17\/19 \u00c1rea Especial B), no Guar\u00e1 1. Gratuito. N\u00e3o recomendado para menores de 14 anos. Mais informa\u00e7\u00f5es: Instagram: @outrahistoriadeamor.\u00a0<i>Outra Hist\u00f3ria de Amor<\/i>\u00a0\u00e9 realizada com recursos do Fundo de Apoio \u00e0 Cultura do Distrito Federal.<\/span><\/p>\n<p class=\"MsoNormal\" style=\"margin: 0cm 0cm 8pt; color: #222222; line-height: 15.6933px; font-size: 11pt; font-family: Calibri, sans-serif;\"><span style=\"font-size: 12pt; line-height: 17.12px; font-family: Arial, sans-serif;\">Com dramaturgia e dire\u00e7\u00e3o do reconhecido diretor teatral Z\u00e9 Regino \u2013 tamb\u00e9m fundador da cena cultural da capital federal-\u00a0<i>Outra Hist\u00f3ria de Amor<\/i>\u00a0retrata o casal Maria L\u00facia (Ruth Guimar\u00e3es) e Edgar (Humberto Pedrancini).\u00a0 Juntos h\u00e1 d\u00e9cadas, eles falam sobre o relacionar, sobre sexo, sexualidade e sobre a coragem de seguir sonhos e desmistificar o envelhecimento, naturalizando o envelhecer.<\/span><\/p>\n<p class=\"MsoNormal\" style=\"margin: 0cm 0cm 8pt; color: #222222; line-height: 15.6933px; font-size: 11pt; font-family: Calibri, sans-serif;\"><span style=\"font-size: 12pt; line-height: 17.12px; font-family: Arial, sans-serif;\">\u201cComo discorrer sobre uma hist\u00f3ria de amor que resiste quarenta e cinco anos fruto de uma conviv\u00eancia ininterrupta? Como n\u00e3o reconhecer que a fic\u00e7\u00e3o nos provoca poeticamente? Como n\u00e3o reconhecer que essa n\u00e3o \u00e9 simplesmente mais uma hist\u00f3ria de amor mas, sobretudo, um reposicionamento de um casal de velhos, diante do amor a dois? Emprestar meu corpo, minha voz e minhas emo\u00e7\u00f5es, para Maria L\u00facia, a personagem da minha idade real, 75 anos, tem sido mais um inusitado aprendizado no teatro e na vida\u201d, destaca Ruth.<\/span><\/p>\n<p class=\"MsoNormal\" style=\"margin: 0cm 0cm 8pt; color: #222222; line-height: 15.6933px; font-size: 11pt; font-family: Calibri, sans-serif;\"><span style=\"font-size: 12pt; line-height: 17.12px; font-family: Arial, sans-serif;\">E \u00e9 dentro deste contexto de amor que ser\u00e1 retratada a hist\u00f3ria destas duas pessoas. Com personalidades diferentes, Edgar e Maria L\u00facia come\u00e7am, nessa fase da vida, a ter um conflito existencial que pode romper com a cumplicidade de ambos. Afinal, eles enxergam a vida e a morte de maneiras muito distintas.<\/span><\/p>\n<p class=\"MsoNormal\" style=\"margin: 0cm 0cm 8pt; color: #222222; line-height: 15.6933px; font-size: 11pt; font-family: Calibri, sans-serif;\"><span style=\"font-size: 12pt; line-height: 17.12px; font-family: Arial, sans-serif;\">\u201cNesse contexto, surgem personagens que trazem do passado v\u00e1rias inseguran\u00e7as e a possibilidade de se redesenhar a vida. Seria tarde demais? Eu falo que essa dramaturgia \u00e9 meu manifesto anti-etarismo. \u00c9 muito dif\u00edcil viver num Pa\u00eds onde pessoas na minha idade s\u00e3o discriminadas pela idade que t\u00eam. E n\u00f3s temos sonhos, desejos que s\u00f3 morrem quando a gente morre. Este \u00e9 s\u00f3 mais um momento da vida que est\u00e1 a\u00ed, pulsando. Uma pessoa com 70, 80, 90 tamb\u00e9m tem seus anseios, seus sonhos\u201d, comenta o dramaturgo e multiartista Z\u00e9 Regino.<\/span><\/p>\n<p class=\"MsoNormal\" style=\"margin: 0cm 0cm 8pt; color: #222222; line-height: 15.6933px; font-size: 11pt; font-family: Calibri, sans-serif;\"><span style=\"font-size: 12pt; line-height: 17.12px; font-family: Arial, sans-serif;\">Reencontro &#8211;<i>\u00a0Outra Hist\u00f3ria de Amor\u00a0<\/i>visa tamb\u00e9m propor o reencontro criativo desses pioneiros artistas na montagem de um espet\u00e1culo teatral que comemora e homenageia seus veteranos, utilizando como mote dramat\u00fargico a urg\u00eancia de se falar sobre o modo como a sociedade lida com o envelhecimento.<\/span><\/p>\n<p class=\"MsoNormal\" style=\"margin: 0cm 0cm 8pt; color: #222222; line-height: 15.6933px; font-size: 11pt; font-family: Calibri, sans-serif;\"><span style=\"font-size: 12pt; line-height: 17.12px; font-family: Arial, sans-serif;\">\u201c\u00c9 uma honra ser dirigido pelo Z\u00e9 Regino e estar ao lado da Ruth. O mais interessante \u00e9 que esse espet\u00e1culo busca quebrar os estere\u00f3tipos de que velho n\u00e3o transa, que velho vai morrer. N\u00e3o! A pe\u00e7a \u00e9 sobre o contr\u00e1rio disso tudo. Fala sobre sonhos\u201d, explica Pedrancini.\u00a0<\/span><\/p>\n<p class=\"MsoNormal\" style=\"margin: 0cm 0cm 8pt; color: #222222; line-height: 15.6933px; font-size: 11pt; font-family: Calibri, sans-serif;\"><b><span style=\"font-size: 12pt; line-height: 17.12px; font-family: Arial, sans-serif;\">\u00a0<\/span><\/b><\/p>\n<p class=\"MsoNormal\" style=\"margin: 0cm 0cm 8pt; color: #222222; line-height: 15.6933px; font-size: 11pt; font-family: Calibri, sans-serif;\"><b><span style=\"font-size: 12pt; line-height: 17.12px; font-family: Arial, sans-serif;\">Ficha t\u00e9cnica-<\/span><\/b><\/p>\n<p class=\"MsoNormal\" style=\"margin: 0cm 0cm 8pt; color: #222222; line-height: 15.6933px; font-size: 11pt; font-family: Calibri, sans-serif;\"><span style=\"font-size: 12pt; line-height: 17.12px; font-family: Arial, sans-serif;\">RUTH GUIMAR\u00c3ES \u2013 ATRIZ<\/span><\/p>\n<p class=\"MsoNormal\" style=\"margin: 0cm 0cm 8pt; color: #222222; line-height: 15.6933px; font-size: 11pt; font-family: Calibri, sans-serif;\"><span style=\"font-size: 12pt; line-height: 17.12px; font-family: Arial, sans-serif;\">HUMBERTO PEDRANCINI \u2013 ATOR<\/span><\/p>\n<p class=\"MsoNormal\" style=\"margin: 0cm 0cm 8pt; color: #222222; line-height: 15.6933px; font-size: 11pt; font-family: Calibri, sans-serif;\"><span style=\"font-size: 12pt; line-height: 17.12px; font-family: Arial, sans-serif;\">Z\u00c9 REGINO \u2013 DIRETOR E DRAMATURGO<\/span><\/p>\n<p class=\"MsoNormal\" style=\"margin: 0cm 0cm 8pt; color: #222222; line-height: 15.6933px; font-size: 11pt; font-family: Calibri, sans-serif;\"><span style=\"font-size: 12pt; line-height: 17.12px; font-family: Arial, sans-serif;\">C1 ARTE E ENTRETENIMENTO LTDA \u2013 GEST\u00c3O ADMINISTRATIVA<\/span><\/p>\n<p class=\"MsoNormal\" style=\"margin: 0cm 0cm 8pt; color: #222222; line-height: 15.6933px; font-size: 11pt; font-family: Calibri, sans-serif;\"><span style=\"font-size: 12pt; line-height: 17.12px; font-family: Arial, sans-serif;\">PAULA JACOBSON \u2013 PRODUTORA<\/span><\/p>\n<p class=\"MsoNormal\" style=\"margin: 0cm 0cm 8pt; color: #222222; line-height: 15.6933px; font-size: 11pt; font-family: Calibri, sans-serif;\"><span style=\"font-size: 12pt; line-height: 17.12px; font-family: Arial, sans-serif;\">FOTOS POR: \u00a0Nath Britto<\/span><\/p>\n<p class=\"MsoNormal\" style=\"margin: 0cm 0cm 8pt; color: #222222; line-height: 15.6933px; font-size: 11pt; font-family: Calibri, sans-serif;\"><b><span style=\"font-size: 12pt; line-height: 17.12px; font-family: Arial, sans-serif;\">SERVI\u00c7O: Ruth Guimar\u00e3es e Humberto Pedrancini d\u00e3o vida ao espet\u00e1culo\u00a0<i>Outra Hist\u00f3ria de Amor<\/i><\/span><\/b><\/p>\n<p class=\"MsoNormal\" style=\"margin: 0cm 0cm 8pt; color: #222222; line-height: 15.6933px; font-size: 11pt; font-family: Calibri, sans-serif;\"><span style=\"font-size: 12pt; line-height: 17.12px; font-family: Arial, sans-serif;\">Quinta-feira, dia 4 de agosto, \u00e0s 10h30 e 15h30 no Centro Educacional 06 (Setor L Norte \u2013 QLN 1) em Taguatinga<\/span><\/p>\n<p class=\"MsoNormal\" style=\"margin: 0cm 0cm 8pt; color: #222222; line-height: 15.6933px; font-size: 11pt; font-family: Calibri, sans-serif;\"><span style=\"font-size: 12pt; line-height: 17.12px; font-family: Arial, sans-serif;\">Sexta-feira, 5 de agosto, \u00e0s 10h30 e \u00e0s 16h30 no Centro Educacional 3 (QE 17\/19 \u00c1rea Especial B), no Guar\u00e1 1.<\/span><\/p>\n<p class=\"MsoNormal\" style=\"margin: 0cm 0cm 8pt; color: #222222; line-height: 15.6933px; font-size: 11pt; font-family: Calibri, sans-serif;\"><span style=\"font-size: 12pt; line-height: 17.12px; font-family: Arial, sans-serif;\">Gratuito<\/span><\/p>\n<p class=\"MsoNormal\" style=\"margin: 0cm 0cm 8pt; color: #222222; line-height: 15.6933px; font-size: 11pt; font-family: Calibri, sans-serif;\"><span style=\"font-size: 12pt; line-height: 17.12px; font-family: Arial, sans-serif;\">N\u00e3o recomendado para menores de 14 anos<\/span><\/p>\n<p class=\"MsoNormal\" style=\"margin: 0cm 0cm 8pt; color: #222222; line-height: 15.6933px; font-size: 11pt; font-family: Calibri, sans-serif;\"><span style=\"font-size: 12pt; line-height: 17.12px; font-family: Arial, sans-serif;\">Mais informa\u00e7\u00f5es: Instagram: @outrahistoriadeamor<\/span><\/p>\n","protected":false},"excerpt":{"rendered":"<p class=\"MsoNormal\" style=\"margin: 0cm 0cm 8pt; color: #222222; line-height: 15.6933px; font-size: 11pt; font-family: Calibri, sans-serif;\"><i><span style=\"font-size: 12pt; line-height: 17.12px; font-family: Arial, sans-serif;\">Com dire\u00e7\u00e3o e dramaturgia de Z\u00e9 Regino, pe\u00e7a fala sobre a quebra de estigmas do envelhecer por meio de um casal de idosos juntos h\u00e1 45 anos<\/span><\/i><\/p>\n","protected":false},"author":3,"featured_media":0,"comment_status":"open","ping_status":"open","sticky":false,"template":"","format":"standard","meta":{"_monsterinsights_skip_tracking":false,"_monsterinsights_sitenote_active":false,"_monsterinsights_sitenote_note":"","_monsterinsights_sitenote_category":0,"footnotes":""},"categories":[34],"tags":[],"class_list":["post-466","post","type-post","status-publish","format-standard","hentry","category-destaque"],"_links":{"self":[{"href":"https:\/\/cidadecult.com.br\/index.php?rest_route=\/wp\/v2\/posts\/466","targetHints":{"allow":["GET"]}}],"collection":[{"href":"https:\/\/cidadecult.com.br\/index.php?rest_route=\/wp\/v2\/posts"}],"about":[{"href":"https:\/\/cidadecult.com.br\/index.php?rest_route=\/wp\/v2\/types\/post"}],"author":[{"embeddable":true,"href":"https:\/\/cidadecult.com.br\/index.php?rest_route=\/wp\/v2\/users\/3"}],"replies":[{"embeddable":true,"href":"https:\/\/cidadecult.com.br\/index.php?rest_route=%2Fwp%2Fv2%2Fcomments&post=466"}],"version-history":[{"count":0,"href":"https:\/\/cidadecult.com.br\/index.php?rest_route=\/wp\/v2\/posts\/466\/revisions"}],"wp:attachment":[{"href":"https:\/\/cidadecult.com.br\/index.php?rest_route=%2Fwp%2Fv2%2Fmedia&parent=466"}],"wp:term":[{"taxonomy":"category","embeddable":true,"href":"https:\/\/cidadecult.com.br\/index.php?rest_route=%2Fwp%2Fv2%2Fcategories&post=466"},{"taxonomy":"post_tag","embeddable":true,"href":"https:\/\/cidadecult.com.br\/index.php?rest_route=%2Fwp%2Fv2%2Ftags&post=466"}],"curies":[{"name":"wp","href":"https:\/\/api.w.org\/{rel}","templated":true}]}}