{"id":465,"date":"2022-08-03T18:54:26","date_gmt":"2022-08-03T21:54:26","guid":{"rendered":"https:\/\/cidadecult.com.br\/novo\/atriz-e-diretora-de-teatro-adriana-lodi-o-monologo-senhora-p\/"},"modified":"2022-08-03T18:54:26","modified_gmt":"2022-08-03T21:54:26","slug":"atriz-e-diretora-de-teatro-adriana-lodi-o-monologo-senhora-p","status":"publish","type":"post","link":"https:\/\/cidadecult.com.br\/?p=465","title":{"rendered":"Atriz e diretora de teatro, Adriana Lodi o mon\u00f3logo &#8220;Senhora P&#8221;"},"content":{"rendered":"<p class=\"MsoNormal\" style=\"margin: 0cm 0cm 8pt; color: #222222; line-height: 15.6933px; font-size: 11pt; font-family: Calibri, sans-serif;\"><i>Espet\u00e1culo do coletivo coquetel Molotov dialoga sobre as viol\u00eancias crescentes contra a mulher e as multiplicidades de abusos cometidos em territ\u00f3rios p\u00fablicos e privados<\/i><\/p>\n<p class=\"MsoNormal\" style=\"margin: 0cm 0cm 8pt; color: #222222; line-height: 15.6933px; font-size: 11pt; font-family: Calibri, sans-serif;\">\u00a0\u201cProfessora&#8230; Pesquisadora &#8230; Partilha&#8230; Pr\u00e1ticas&#8230; Pedag\u00f3gicas&#8230; Potentes\u201d. Senhora P. Atriz, professora, doutoranda em Artes C\u00eanicas pela Universidade de Bras\u00edlia (UnB), Adriana Lodi vai estrear o seu primeiro mon\u00f3logo na capital federal: Senhora P.\u00a0 A artista, reconhecida no cen\u00e1rio cultural e educacional local, formou o coletivo coquetel Molotov e &#8211; junto \u00e0 outras parcerias \u2013 traz essa produ\u00e7\u00e3o que busca dialogar sobre as viol\u00eancias recorrentes contra as mulheres e discutir as multiplicidades de abusos cometidos diariamente em locais como a casa, a escola, o trabalho, a rua.<\/p>\n<p class=\"MsoNormal\" style=\"margin: 0cm 0cm 8pt; color: #222222; line-height: 15.6933px; font-size: 11pt; font-family: Calibri, sans-serif;\">Com recursos do Fundo de Apoio \u00e0 Cultura do Distrito Federal e apoio do SESC-DF, a produ\u00e7\u00e3o in\u00e9dita Senhora P poder\u00e1 ser conferida de 11 a 14 de agosto e de 18 a 21 de agosto, de quinta a s\u00e1bado, \u00e0s 20h, e aos domingos, \u00e0s 19h, no Teatro Sesc Garagem (913 Sul). Ingressos: R$ 10 (meia-entrada). N\u00e3o recomendado para menores de 16 anos. Mais informa\u00e7\u00f5es: Instagram: @senhorap.oficial.<\/p>\n<p class=\"MsoNormal\" style=\"margin: 0cm 0cm 8pt; color: #222222; line-height: 15.6933px; font-size: 11pt; font-family: Calibri, sans-serif;\">Com base em pesquisa de doutorado, Lodi encena uma obra autobiograficional. \u201cA personagem apresenta sua luta contra situa\u00e7\u00f5es de viol\u00eancia. \u00c9 desafiada nas suas verdades e busca resgatar sua integridade f\u00edsica e emocional por meio de aulas que permitem que ela escape do aprisionamento ps\u00edquico e emocional no qual se encontra\u201d, explica a artista que contou ainda com a colabora\u00e7\u00e3o de Daniela Diniz, Fernando Villar, Rodolfo Godoi para a constru\u00e7\u00e3o da dramaturgia autoral.<\/p>\n<p class=\"MsoNormal\" style=\"margin: 0cm 0cm 8pt; color: #222222; line-height: 15.6933px; font-size: 11pt; font-family: Calibri, sans-serif;\">E s\u00e3o os acontecimentos do dia a dia que atravessam o processo de cria\u00e7\u00e3o que acaba por reverberar outras vozes. Em off, falam as vozes dos reconhecidos artistas Bid\u00f4 Galv\u00e3o, Chico Sant&#8217;Anna e Rodolfo Godoi.<\/p>\n<p class=\"MsoNormal\" style=\"margin: 0cm 0cm 8pt; color: #222222; line-height: 15.6933px; font-size: 11pt; font-family: Calibri, sans-serif;\">\u201cSenhora P usufrui de uma estrutura composta por aulas, depoimentos e um intermin\u00e1vel interrogat\u00f3rio que lan\u00e7am a atriz\/personagem numa busca por encontrar formas de agir contra os processos de subordina\u00e7\u00e3o, adestramento e opress\u00e3o impostas pelo patriarcado capital\u00edstico colonial\u201d, refor\u00e7a Adriana Lodi. Algo bem comum dentro do universo feminino nos tempos atuais.<\/p>\n<p class=\"MsoNormal\" style=\"margin: 0cm 0cm 8pt; color: #222222; line-height: 15.6933px; font-size: 11pt; font-family: Calibri, sans-serif;\">Dentro de um universo dist\u00f3pico, o mon\u00f3logo contar\u00e1 ainda com inser\u00e7\u00f5es em v\u00eddeos de m\u00fasicas de mulheres fortes como Mc Carol e Carol konka.<\/p>\n<p class=\"MsoNormal\" style=\"margin: 0cm 0cm 8pt; color: #222222; line-height: 15.6933px; font-size: 11pt; font-family: Calibri, sans-serif;\">Na constru\u00e7\u00e3o do enredo, Adriana Lodi destaca a inspira\u00e7\u00e3o em grandes mulheres feministas como Bell Hooks, Grada Kilomba,\u00a0 Sueli Carneiro, Suely Rolnik, Judith Buttler, dentre outras.<\/p>\n<p class=\"MsoNormal\" style=\"margin: 0cm 0cm 8pt; color: #222222; line-height: 15.6933px; font-size: 11pt; font-family: Calibri, sans-serif;\"><b>\u00a0<\/b><\/p>\n<p class=\"MsoNormal\" style=\"margin: 0cm 0cm 8pt; color: #222222; line-height: 15.6933px; font-size: 11pt; font-family: Calibri, sans-serif;\"><b>Ficha T\u00e9cnica:<\/b><\/p>\n<p class=\"MsoNormal\" style=\"margin: 0cm 0cm 8pt; color: #222222; line-height: 15.6933px; font-size: 11pt; font-family: Calibri, sans-serif;\">Concep\u00e7\u00e3o e dire\u00e7\u00e3o geral &#8211; Adriana Lodi<\/p>\n<p class=\"MsoNormal\" style=\"margin: 0cm 0cm 8pt; color: #222222; line-height: 15.6933px; font-size: 11pt; font-family: Calibri, sans-serif;\">Encena\u00e7\u00e3o &#8211; Adriana Lodi, Daniela Diniz, Roberta Rangel, Rodolfo Godoi<\/p>\n<p class=\"MsoNormal\" style=\"margin: 0cm 0cm 8pt; color: #222222; line-height: 15.6933px; font-size: 11pt; font-family: Calibri, sans-serif;\">Dramaturgia &#8211; Adriana Lodi, Daniela Diniz, Fernando Villar, Rodolfo Godoi e colabora\u00e7\u00e3o de Catarina Accioly<\/p>\n<p class=\"MsoNormal\" style=\"margin: 0cm 0cm 8pt; color: #222222; line-height: 15.6933px; font-size: 11pt; font-family: Calibri, sans-serif;\">Atriz criadora &#8211; Adriana Lodi<\/p>\n<p class=\"MsoNormal\" style=\"margin: 0cm 0cm 8pt; color: #222222; line-height: 15.6933px; font-size: 11pt; font-family: Calibri, sans-serif;\">Vozes em off por ordem de apari\u00e7\u00e3o &#8211; Bid\u00f4 Galv\u00e3o, Chico Sant&#8217;Anna, Rodolfo Godoi, Ana L\u00facia Gismonti, Guilherme Reis e Adriana Lodi<\/p>\n<p class=\"MsoNormal\" style=\"margin: 0cm 0cm 8pt; color: #222222; line-height: 15.6933px; font-size: 11pt; font-family: Calibri, sans-serif;\">Assist\u00eancia de Dire\u00e7\u00e3o &#8211; Daniela Diniz, Roberta Rangel e Rodolfo Godoi<\/p>\n<p class=\"MsoNormal\" style=\"margin: 0cm 0cm 8pt; color: #222222; line-height: 15.6933px; font-size: 11pt; font-family: Calibri, sans-serif;\">Provoca\u00e7\u00e3o c\u00eanica &#8211; Fernando Villar<\/p>\n<p class=\"MsoNormal\" style=\"margin: 0cm 0cm 8pt; color: #222222; line-height: 15.6933px; font-size: 11pt; font-family: Calibri, sans-serif;\">Dire\u00e7\u00e3o audiovisual, c\u00e2mera e edi\u00e7\u00e3o &#8211; Roberta Rangel<\/p>\n<p class=\"MsoNormal\" style=\"margin: 0cm 0cm 8pt; color: #222222; line-height: 15.6933px; font-size: 11pt; font-family: Calibri, sans-serif;\">Pesquisa e cria\u00e7\u00e3o coletiva &#8211; todes artistas envolvides.<\/p>\n<p class=\"MsoNormal\" style=\"margin: 0cm 0cm 8pt; color: #222222; line-height: 15.6933px; font-size: 11pt; font-family: Calibri, sans-serif;\">Dire\u00e7\u00e3o T\u00e9cnica e proje\u00e7\u00f5es &#8211; Thiago Sabino<\/p>\n<p class=\"MsoNormal\" style=\"margin: 0cm 0cm 8pt; color: #222222; line-height: 15.6933px; font-size: 11pt; font-family: Calibri, sans-serif;\">Ilumina\u00e7\u00e3o e opera\u00e7\u00e3o de luz &#8211; Ana Quintas<\/p>\n<p class=\"MsoNormal\" style=\"margin: 0cm 0cm 8pt; color: #222222; line-height: 15.6933px; font-size: 11pt; font-family: Calibri, sans-serif;\">Design sonoro, trilha e opera\u00e7\u00e3o de som &#8211; Victor Z e Vitor Barbosa<\/p>\n<p class=\"MsoNormal\" style=\"margin: 0cm 0cm 8pt; color: #222222; line-height: 15.6933px; font-size: 11pt; font-family: Calibri, sans-serif;\">Figurino &#8211; Fernando Villar<\/p>\n<p class=\"MsoNormal\" style=\"margin: 0cm 0cm 8pt; color: #222222; line-height: 15.6933px; font-size: 11pt; font-family: Calibri, sans-serif;\">Confec\u00e7\u00e3o de Figurino &#8211; J\u00f4 Santos<\/p>\n<p class=\"MsoNormal\" style=\"margin: 0cm 0cm 8pt; color: #222222; line-height: 15.6933px; font-size: 11pt; font-family: Calibri, sans-serif;\">Fotografia &#8211; Pollyana S\u00e1<\/p>\n<p class=\"MsoNormal\" style=\"margin: 0cm 0cm 8pt; color: #222222; line-height: 15.6933px; font-size: 11pt; font-family: Calibri, sans-serif;\">Cenografia e objetos de cena &#8211; Rose Nugoli<\/p>\n<p class=\"MsoNormal\" style=\"margin: 0cm 0cm 8pt; color: #222222; line-height: 15.6933px; font-size: 11pt; font-family: Calibri, sans-serif;\">Design gr\u00e1fico &#8211; Patr\u00edcia Meschick<\/p>\n<p class=\"MsoNormal\" style=\"margin: 0cm 0cm 8pt; color: #222222; line-height: 15.6933px; font-size: 11pt; font-family: Calibri, sans-serif;\">Assessoria de Imprensa &#8211; Clara Camarano<\/p>\n<p class=\"MsoNormal\" style=\"margin: 0cm 0cm 8pt; color: #222222; line-height: 15.6933px; font-size: 11pt; font-family: Calibri, sans-serif;\">Redes Sociais &#8211; Maria Luisa Dominici<\/p>\n<p class=\"MsoNormal\" style=\"margin: 0cm 0cm 8pt; color: #222222; line-height: 15.6933px; font-size: 11pt; font-family: Calibri, sans-serif;\">Coreografia do pr\u00f3logo &#8211; Gustavo Letruta<\/p>\n<p class=\"MsoNormal\" style=\"margin: 0cm 0cm 8pt; color: #222222; line-height: 15.6933px; font-size: 11pt; font-family: Calibri, sans-serif;\">Montagem de ilumina\u00e7\u00e3o &#8211; Lemar Rezende<\/p>\n<p class=\"MsoNormal\" style=\"margin: 0cm 0cm 8pt; color: #222222; line-height: 15.6933px; font-size: 11pt; font-family: Calibri, sans-serif;\">Produ\u00e7\u00e3o Executiva &#8211; Nalva Sysnandes<\/p>\n<p class=\"MsoNormal\" style=\"margin: 0cm 0cm 8pt; color: #222222; line-height: 15.6933px; font-size: 11pt; font-family: Calibri, sans-serif;\">Administra\u00e7\u00e3o Geral e assist\u00eancia de produ\u00e7\u00e3o &#8211; S\u00edlvia Let\u00edcia &#8211; UIDU produ\u00e7\u00f5es<\/p>\n<p class=\"MsoNormal\" style=\"margin: 0cm 0cm 8pt; color: #222222; line-height: 15.6933px; font-size: 11pt; font-family: Calibri, sans-serif;\">\u00a0<\/p>\n<p class=\"MsoNormal\" style=\"margin: 0cm 0cm 8pt; color: #222222; line-height: 15.6933px; font-size: 11pt; font-family: Calibri, sans-serif;\">\u00a0<\/p>\n<p class=\"MsoNormal\" style=\"margin: 0cm 0cm 8pt; color: #222222; line-height: 15.6933px; font-size: 11pt; font-family: Calibri, sans-serif;\"><b>Servi\u00e7o: Atriz e diretora de teatro, Adriana Lodi estreia seu primeiro mon\u00f3logo em Bras\u00edlia: Senhora P<\/b><\/p>\n<p class=\"MsoNormal\" style=\"margin: 0cm 0cm 8pt; color: #222222; line-height: 15.6933px; font-size: 11pt; font-family: Calibri, sans-serif;\">Datas: 11 a 14 de agosto e de 18 a 21 de agosto<\/p>\n<p class=\"MsoNormal\" style=\"margin: 0cm 0cm 8pt; color: #222222; line-height: 15.6933px; font-size: 11pt; font-family: Calibri, sans-serif;\">De quinta a s\u00e1bado, \u00e0s 20h, e aos domingos, \u00e0s 19h<\/p>\n<p class=\"MsoNormal\" style=\"margin: 0cm 0cm 8pt; color: #222222; line-height: 15.6933px; font-size: 11pt; font-family: Calibri, sans-serif;\">Local: Teatro Sesc Garagem (913 Sul)<\/p>\n<p class=\"MsoNormal\" style=\"margin: 0cm 0cm 8pt; color: #222222; line-height: 15.6933px; font-size: 11pt; font-family: Calibri, sans-serif;\">Ingressos: R$ 10 (meia-entrada)<\/p>\n<p class=\"MsoNormal\" style=\"margin: 0cm 0cm 8pt; color: #222222; line-height: 15.6933px; font-size: 11pt; font-family: Calibri, sans-serif;\">\u00a0N\u00e3o recomendado para menores de 16 anos.<\/p>\n<p class=\"MsoNormal\" style=\"margin: 0cm 0cm 8pt; color: #222222; line-height: 15.6933px; font-size: 11pt; font-family: Calibri, sans-serif;\">\u00a0<\/p>\n<p class=\"MsoNormal\" style=\"margin: 0cm 0cm 8pt; color: #222222; line-height: 15.6933px; font-size: 11pt; font-family: Calibri, sans-serif;\">Mais informa\u00e7\u00f5es: Instagram : @senhorap.oficial<\/p>\n","protected":false},"excerpt":{"rendered":"<p class=\"MsoNormal\" style=\"margin: 0cm 0cm 8pt; color: #222222; line-height: 15.6933px; font-size: 11pt; font-family: Calibri, sans-serif;\"><i>Espet\u00e1culo do coletivo coquetel Molotov dialoga sobre as viol\u00eancias crescentes contra a mulher e as multiplicidades de abusos cometidos em territ\u00f3rios p\u00fablicos e privados<\/i><\/p>\n","protected":false},"author":3,"featured_media":0,"comment_status":"open","ping_status":"open","sticky":false,"template":"","format":"standard","meta":{"_monsterinsights_skip_tracking":false,"_monsterinsights_sitenote_active":false,"_monsterinsights_sitenote_note":"","_monsterinsights_sitenote_category":0,"footnotes":""},"categories":[34],"tags":[],"class_list":["post-465","post","type-post","status-publish","format-standard","hentry","category-destaque"],"_links":{"self":[{"href":"https:\/\/cidadecult.com.br\/index.php?rest_route=\/wp\/v2\/posts\/465","targetHints":{"allow":["GET"]}}],"collection":[{"href":"https:\/\/cidadecult.com.br\/index.php?rest_route=\/wp\/v2\/posts"}],"about":[{"href":"https:\/\/cidadecult.com.br\/index.php?rest_route=\/wp\/v2\/types\/post"}],"author":[{"embeddable":true,"href":"https:\/\/cidadecult.com.br\/index.php?rest_route=\/wp\/v2\/users\/3"}],"replies":[{"embeddable":true,"href":"https:\/\/cidadecult.com.br\/index.php?rest_route=%2Fwp%2Fv2%2Fcomments&post=465"}],"version-history":[{"count":0,"href":"https:\/\/cidadecult.com.br\/index.php?rest_route=\/wp\/v2\/posts\/465\/revisions"}],"wp:attachment":[{"href":"https:\/\/cidadecult.com.br\/index.php?rest_route=%2Fwp%2Fv2%2Fmedia&parent=465"}],"wp:term":[{"taxonomy":"category","embeddable":true,"href":"https:\/\/cidadecult.com.br\/index.php?rest_route=%2Fwp%2Fv2%2Fcategories&post=465"},{"taxonomy":"post_tag","embeddable":true,"href":"https:\/\/cidadecult.com.br\/index.php?rest_route=%2Fwp%2Fv2%2Ftags&post=465"}],"curies":[{"name":"wp","href":"https:\/\/api.w.org\/{rel}","templated":true}]}}