{"id":4638,"date":"2024-04-26T12:15:55","date_gmt":"2024-04-26T15:15:55","guid":{"rendered":"https:\/\/cidadecult.com.br\/?p=4638"},"modified":"2024-04-26T14:02:01","modified_gmt":"2024-04-26T17:02:01","slug":"celebrando-brasilia-a-cidade-que-vive-em-nos-todos-os-dias","status":"publish","type":"post","link":"https:\/\/cidadecult.com.br\/?p=4638","title":{"rendered":"Celebrando Bras\u00edlia: A Cidade Que Vive em N\u00f3s Todos os Dias"},"content":{"rendered":"\n<figure class=\"wp-block-image size-large\"><img loading=\"lazy\" decoding=\"async\" width=\"1024\" height=\"490\" src=\"https:\/\/cidadecult.com.br\/wp-content\/uploads\/2024\/04\/Planalto_Central_cropped-1024x490.jpg\" alt=\"\" class=\"wp-image-4639\" srcset=\"https:\/\/cidadecult.com.br\/wp-content\/uploads\/2024\/04\/Planalto_Central_cropped-1024x490.jpg 1024w, https:\/\/cidadecult.com.br\/wp-content\/uploads\/2024\/04\/Planalto_Central_cropped-300x144.jpg 300w, https:\/\/cidadecult.com.br\/wp-content\/uploads\/2024\/04\/Planalto_Central_cropped-768x368.jpg 768w, https:\/\/cidadecult.com.br\/wp-content\/uploads\/2024\/04\/Planalto_Central_cropped-1536x735.jpg 1536w, https:\/\/cidadecult.com.br\/wp-content\/uploads\/2024\/04\/Planalto_Central_cropped-750x359.jpg 750w, https:\/\/cidadecult.com.br\/wp-content\/uploads\/2024\/04\/Planalto_Central_cropped-1140x546.jpg 1140w, https:\/\/cidadecult.com.br\/wp-content\/uploads\/2024\/04\/Planalto_Central_cropped.jpg 1920w\" sizes=\"auto, (max-width: 1024px) 100vw, 1024px\" \/><figcaption class=\"wp-element-caption\">Wikipedia\/Artursr<\/figcaption><\/figure>\n\n\n\n<h3 class=\"wp-block-heading\"><\/h3>\n\n\n\n<p>Antes tarde do que nunca, diz o ditado, e quando se trata de celebrar Bras\u00edlia, essa m\u00e1xima nunca foi t\u00e3o verdadeira. Embora o anivers\u00e1rio oficial de nossa capital tenha sido no dia 21 de abril, a verdade \u00e9 que para n\u00f3s, brasilienses de cora\u00e7\u00e3o, homenagear a cidade \u00e9 um evento di\u00e1rio.<\/p>\n\n\n\n<p>Bras\u00edlia n\u00e3o \u00e9 apenas uma cidade planejada, \u00e9 uma obra de arte em escala metropolitana. Desde o c\u00e9u deslumbrante que abra\u00e7a o horizonte at\u00e9 as obras arquitet\u00f4nicas que desafiam o convencional, cada canto desta cidade reflete uma hist\u00f3ria de ousadia e inova\u00e7\u00e3o. Aqui, as curvas de Niemeyer se entrela\u00e7am com as retas de L\u00facio Costa, formando o palco onde a vida pulsa em ritmo constante e vibrante.<\/p>\n\n\n\n<p>O Distrito Federal \u00e9 muito mais do que o centro pol\u00edtico do Brasil; \u00e9 um centro cultural fervilhante. Com eventos que v\u00e3o desde festivais de m\u00fasica e dan\u00e7a at\u00e9 exposi\u00e7\u00f5es de arte e pe\u00e7as teatrais, Bras\u00edlia se mostra como uma cidade que respira e inspira cultura todos os dias. O p\u00f4r do sol no Eixo Monumental n\u00e3o \u00e9 apenas um espet\u00e1culo visual; \u00e9 um convite para refletir sobre o dia e aspirar por um amanh\u00e3 ainda mais promissor.<\/p>\n\n\n\n<p>E como brasiliense que sou, amo cada peda\u00e7o desta cidade. Desde a orla do Lago Parano\u00e1, que nos oferece ref\u00fagio e lazer, at\u00e9 a efervesc\u00eancia dos seus centros urbanos, onde cada esquina tem uma nova hist\u00f3ria para contar. Bras\u00edlia \u00e9 um lar para todos que aqui escolhem viver, aprender e amar.<\/p>\n\n\n\n<p>Ent\u00e3o, mesmo que o anivers\u00e1rio de Bras\u00edlia tenha passado, a celebra\u00e7\u00e3o n\u00e3o tem fim. Cada dia vivido aqui \u00e9 uma nova oportunidade de valorizar e redescobrir a nossa capital. Afinal, celebrar Bras\u00edlia n\u00e3o est\u00e1 apenas em fazer festa no seu dia natal\u00edcio, mas em reconhecer e honrar sua beleza e sua import\u00e2ncia todos os dias.<\/p>\n\n\n\n<p>Bras\u00edlia, parab\u00e9ns atrasado, mas mais sincero do que nunca. Voc\u00ea n\u00e3o \u00e9 apenas a capital do Brasil, mas a capital em nossos cora\u00e7\u00f5es, hoje e sempre.<\/p>\n","protected":false},"excerpt":{"rendered":"<p>Antes tarde do que nunca, diz o ditado, e quando se trata de celebrar Bras\u00edlia, essa m\u00e1xima nunca foi t\u00e3o verdadeira. Embora o anivers\u00e1rio oficial de nossa capital tenha sido no dia 21 de abril, a verdade \u00e9 que para n\u00f3s, brasilienses de cora\u00e7\u00e3o, homenagear a cidade \u00e9 um evento di\u00e1rio. Bras\u00edlia n\u00e3o \u00e9 apenas [&hellip;]<\/p>\n","protected":false},"author":777,"featured_media":0,"comment_status":"open","ping_status":"open","sticky":false,"template":"","format":"standard","meta":{"_monsterinsights_skip_tracking":false,"_monsterinsights_sitenote_active":false,"_monsterinsights_sitenote_note":"","_monsterinsights_sitenote_category":0,"footnotes":""},"categories":[50,100],"tags":[],"class_list":["post-4638","post","type-post","status-publish","format-standard","hentry","category-colunistas","category-renata-nandes"],"_links":{"self":[{"href":"https:\/\/cidadecult.com.br\/index.php?rest_route=\/wp\/v2\/posts\/4638","targetHints":{"allow":["GET"]}}],"collection":[{"href":"https:\/\/cidadecult.com.br\/index.php?rest_route=\/wp\/v2\/posts"}],"about":[{"href":"https:\/\/cidadecult.com.br\/index.php?rest_route=\/wp\/v2\/types\/post"}],"author":[{"embeddable":true,"href":"https:\/\/cidadecult.com.br\/index.php?rest_route=\/wp\/v2\/users\/777"}],"replies":[{"embeddable":true,"href":"https:\/\/cidadecult.com.br\/index.php?rest_route=%2Fwp%2Fv2%2Fcomments&post=4638"}],"version-history":[{"count":2,"href":"https:\/\/cidadecult.com.br\/index.php?rest_route=\/wp\/v2\/posts\/4638\/revisions"}],"predecessor-version":[{"id":4648,"href":"https:\/\/cidadecult.com.br\/index.php?rest_route=\/wp\/v2\/posts\/4638\/revisions\/4648"}],"wp:attachment":[{"href":"https:\/\/cidadecult.com.br\/index.php?rest_route=%2Fwp%2Fv2%2Fmedia&parent=4638"}],"wp:term":[{"taxonomy":"category","embeddable":true,"href":"https:\/\/cidadecult.com.br\/index.php?rest_route=%2Fwp%2Fv2%2Fcategories&post=4638"},{"taxonomy":"post_tag","embeddable":true,"href":"https:\/\/cidadecult.com.br\/index.php?rest_route=%2Fwp%2Fv2%2Ftags&post=4638"}],"curies":[{"name":"wp","href":"https:\/\/api.w.org\/{rel}","templated":true}]}}