{"id":463,"date":"2022-08-01T23:48:37","date_gmt":"2022-08-02T02:48:37","guid":{"rendered":"https:\/\/cidadecult.com.br\/novo\/ah-os-dias-sem-reclamacao\/"},"modified":"2024-01-22T17:41:14","modified_gmt":"2024-01-22T20:41:14","slug":"ah-os-dias-sem-reclamacao","status":"publish","type":"post","link":"https:\/\/cidadecult.com.br\/?p=463","title":{"rendered":"Ah, os dias sem reclama\u00e7\u00e3o"},"content":{"rendered":"<p><em><strong>Por Juliana Vidal<\/strong><\/em><\/p>\n<p>Uma escolha dif\u00edcil, para um inconformado como voc\u00ea. Fico imaginando que minhas\u00a0\u201cbrincadeiras\u201d devem ser torturas no n\u00edvel 50 tons!<\/p>\n<p>As rela\u00e7\u00f5es s\u00e3o assim. Repletas de reclama\u00e7\u00f5es feitas por pessoas que acreditam que a\u00a0conviv\u00eancia com o outro, seja um desafio, afinal, o ser humano \u00e9 mesmo complicado.<\/p>\n<p>E o que falar daquele ser humano que divide o dia-a-dia com voc\u00ea?<\/p>\n<p>Lembro em um passado remoto, que convivi com um cidad\u00e3o que achava que o fato da cadeira de trabalho dele, ser preta, j\u00e1 era raz\u00e3o para n\u00e3o se conformar com alguma\u00a0quest\u00e3o, que sei l\u00e1 porqu\u00ea, n\u00e3o tinha nenhuma rela\u00e7\u00e3o nem com a cor, nem com a cadeira. E olha que mesmo eu, amante do \u201cser do contra\u201d e uma admiradora dos\u00a0questionamentos filos\u00f3ficos, mas me impressionei com tamanha insatisfa\u00e7\u00e3o no maior\u00a0estilo Schopenhauer dessa vez.<\/p>\n<p>Mas, com toda a reclama\u00e7\u00e3o e a cren\u00e7a de que a conviv\u00eancia era complicada, para ementa do meu paradoxo, um pouco disso, um pouco do olhar, um pouco das m\u00e3os e u<span style=\"font-size: revert; color: initial;\">m pouco de tudo que nem posso mencionar, me fizeram enxergar, dentro daquela montanha \u201cogrosa\u201d de reclama\u00e7\u00f5es e inquieta\u00e7\u00f5es ut\u00f3picas, existia uma criatura doce\u00a0<\/span>e muito capaz de ponderar todas as coisas (at\u00e9 mesmo as mais complicadas). Ah v\u00e1!<\/p>\n<p>N\u00e3o somos pessoas complicadas. Ser humano vive repetindo e replicando suas complexidades, quando na verdade, o desejo de tornar tudo complicado me parece\u00a0uma tentativa de parecermos mais inteligentes e capazes. E por que n\u00e3o fazer isso\u00a0tamb\u00e9m com os relaacionamentos?<\/p>\n<p>Ent\u00e3o vamos l\u00e1, nesse momento pare um pouquinho e pense de forma simples por alguns segundos, sei l\u00e1. Apague o mundo exterior por um instante, as cobran\u00e7as, o\u00a0status, a presen\u00e7a do olhar de reprova\u00e7\u00e3o dos demais. Delete esse sistema que chamamos de realidade por algum tempo. O que ter\u00edamos? Ter\u00edamos um lugar\u00a0perfeito para viver e conviver: o interior de nossas almas, ou apenas uma cozinha com uma cama e alguns mantimentos&#8230; (e um banheiro). Ou uma barrraca de acampar,\u00a0uma sala de aula, uma mesa de bar, sei l\u00e1. N\u00e3o acho que somos complicados n\u00e3o.<\/p>\n<p>Sabemos muito bem viver com o outro. Mas de alguma forma precisamos nos complicar, parecer complexos demais. Afinal, simples s\u00e3o as crian\u00e7as, as plantas ou os\u00a0animais. O adulto respeit\u00e1vel carece de ser confuso, elaborado, tenso, teso, ereto, alinhado. Diferente disso, no simplismo, ir\u00edamos parecer simples demais. Nesse caso, a\u00a0vida seria f\u00e1cil e todo mundo seria feliz. E nos dias de caos e de desordem, nos dias de correria e ultrapassagem, de atropelos e futilidades, quem pensaria afinal, qu\u00e3o boa a\u00a0ideia de ser simples, poderia ser?<\/p>\n<p>Pode ser que problemas apare\u00e7am pelo fato de sermos assim, mas enquanto escrevo ainda na cama e me espregui\u00e7o, penso que o \u00fanico problema que tenho hoje em um\u00a0dia t\u00e3o tenso e corrido, \u00e9 lidar com o aroma azedo que exala minhas axilas, fruto de uma suadeira simples e humana na cama ontem \u00e0 noite ao lado do homem chato,\u00a0amoroso e reclam\u00e3o com quem partilho a vida. E isso faz meu pensamento ir longe, ir at\u00e9 o simples, o humano, ir at\u00e9 as bobagens de casais, as conversas no meio da\u00a0madrugada, na simplicidade da parceria, do afeto primitivo, at\u00e9 todas as pequenas coisas que compoe a complexidade serena de se relacionar com algu\u00e9m de verdade. E\u00a0por isso, s\u00f3 por isso, posso sorrir e assim magicamente, perder completamente a\u00a0vontade de reclamar.<\/p>\n<p>Niter\u00f3i, 12 de novembro de 2013.<\/p>\n","protected":false},"excerpt":{"rendered":"<p>Uma escolha dif\u00edcil, para um inconformado como voc\u00ea. Fico imaginando que minhas\u00a0\u201cbrincadeiras\u201d devem ser torturas no n\u00edvel 50 tons!<\/p>\n<p>As rela\u00e7\u00f5es s\u00e3o assim. Repletas de reclama\u00e7\u00f5es feitas por pessoas que acreditam que a\u00a0conviv\u00eancia com o outro, seja um desafio, afinal, o ser humano \u00e9 mesmo complicado.<\/p>\n<p>E o que falar daquele ser humano que divide o dia-a-dia com voc\u00ea?<\/p>\n<p style=\"text-align: right;\"><strong>Por Juliana Vidal<\/strong><\/p>\n","protected":false},"author":3,"featured_media":2490,"comment_status":"open","ping_status":"open","sticky":false,"template":"","format":"standard","meta":{"_monsterinsights_skip_tracking":false,"_monsterinsights_sitenote_active":false,"_monsterinsights_sitenote_note":"","_monsterinsights_sitenote_category":0,"footnotes":""},"categories":[51],"tags":[],"class_list":["post-463","post","type-post","status-publish","format-standard","has-post-thumbnail","hentry","category-allan-barbosa"],"_links":{"self":[{"href":"https:\/\/cidadecult.com.br\/index.php?rest_route=\/wp\/v2\/posts\/463","targetHints":{"allow":["GET"]}}],"collection":[{"href":"https:\/\/cidadecult.com.br\/index.php?rest_route=\/wp\/v2\/posts"}],"about":[{"href":"https:\/\/cidadecult.com.br\/index.php?rest_route=\/wp\/v2\/types\/post"}],"author":[{"embeddable":true,"href":"https:\/\/cidadecult.com.br\/index.php?rest_route=\/wp\/v2\/users\/3"}],"replies":[{"embeddable":true,"href":"https:\/\/cidadecult.com.br\/index.php?rest_route=%2Fwp%2Fv2%2Fcomments&post=463"}],"version-history":[{"count":2,"href":"https:\/\/cidadecult.com.br\/index.php?rest_route=\/wp\/v2\/posts\/463\/revisions"}],"predecessor-version":[{"id":2493,"href":"https:\/\/cidadecult.com.br\/index.php?rest_route=\/wp\/v2\/posts\/463\/revisions\/2493"}],"wp:featuredmedia":[{"embeddable":true,"href":"https:\/\/cidadecult.com.br\/index.php?rest_route=\/wp\/v2\/media\/2490"}],"wp:attachment":[{"href":"https:\/\/cidadecult.com.br\/index.php?rest_route=%2Fwp%2Fv2%2Fmedia&parent=463"}],"wp:term":[{"taxonomy":"category","embeddable":true,"href":"https:\/\/cidadecult.com.br\/index.php?rest_route=%2Fwp%2Fv2%2Fcategories&post=463"},{"taxonomy":"post_tag","embeddable":true,"href":"https:\/\/cidadecult.com.br\/index.php?rest_route=%2Fwp%2Fv2%2Ftags&post=463"}],"curies":[{"name":"wp","href":"https:\/\/api.w.org\/{rel}","templated":true}]}}