{"id":4621,"date":"2024-04-26T12:18:42","date_gmt":"2024-04-26T15:18:42","guid":{"rendered":"https:\/\/cidadecult.com.br\/?p=4621"},"modified":"2024-04-26T12:18:44","modified_gmt":"2024-04-26T15:18:44","slug":"final-de-semana-cultural-em-brasilia-cinema-musica-teatro-e-muito-mais","status":"publish","type":"post","link":"https:\/\/cidadecult.com.br\/?p=4621","title":{"rendered":"Final de semana cultural em Bras\u00edlia: cinema, m\u00fasica, teatro e muito mais!"},"content":{"rendered":"\n<p><em>Foto: Tony Oliveira<\/em><\/p>\n\n\n\n<p>Bras\u00edlia est\u00e1 fervilhando com atividades culturais neste final de semana! De cinema a m\u00fasica ao vivo, exposi\u00e7\u00f5es e lan\u00e7amentos liter\u00e1rios, h\u00e1 op\u00e7\u00f5es para todos os gostos e idades. Confira o que est\u00e1 acontecendo na capital federal e planeje seu final de semana repleto de arte e entretenimento!<\/p>\n\n\n\n<p><strong>Cinema:<\/strong><br>O Cine Bras\u00edlia est\u00e1 de volta e trazendo consigo uma programa\u00e7\u00e3o imperd\u00edvel. Prepare-se para se encantar com filmes de cineastas locais, como &#8220;Fuga em destino&#8221; de Afonso Brazza na sexta-feira, &#8220;Servid\u00e3o&#8221; de Renato Barbieri no s\u00e1bado e &#8220;Noctiluzes&#8221; de Jimi Figueiredo no domingo. N\u00e3o perca essa oportunidade de prestigiar o cinema brasiliense renovado!<\/p>\n\n\n\n<p><strong>M\u00fasica:<\/strong><br>Para os amantes da m\u00fasica, o s\u00e1bado promete ser animado! Desde o Sabad\u00e3o de Forr\u00f3 na Casa do Cantador, passando pelo anivers\u00e1rio do Guar\u00e1 com apresenta\u00e7\u00e3o da talentosa cantora Iza, at\u00e9 o emocionante show &#8220;Mulher Amor For\u00e7a Solid\u00e1ria: Colcha de Retalhos&#8221; no Espa\u00e7o Cultural Renato Russo, haver\u00e1 m\u00fasica para todos os gostos e estilos.<\/p>\n\n\n\n<p><strong>Exposi\u00e7\u00f5es:<\/strong><br>Se voc\u00ea \u00e9 apaixonado por arte, ainda d\u00e1 tempo de conferir a exposi\u00e7\u00e3o &#8220;DO: A caminho da virtude&#8221; no Museu de Arte de Bras\u00edlia, que explora os principais elementos e movimentos das artes marciais. Al\u00e9m disso, a exposi\u00e7\u00e3o virtual &#8220;Paulo Freire em Bras\u00edlia: tessitura de uma educa\u00e7\u00e3o emancipadora&#8221; oferece uma homenagem ao Patrono da Educa\u00e7\u00e3o Brasileira atrav\u00e9s de registros marcantes de sua presen\u00e7a na capital federal.<\/p>\n\n\n\n<p><strong>Literatura:<\/strong><br>Para os amantes da leitura, s\u00e1bado \u00e9 o dia perfeito! Participe do lan\u00e7amento do cat\u00e1logo comemorativo dos 10 anos da Mostra de Diversidade e Cultura Popular do Parano\u00e1, e n\u00e3o deixe de conferir o lan\u00e7amento do livro &#8220;Abelha-Rainha&#8221; do escritor Henrique Dias, uma hist\u00f3ria rom\u00e2ntica inspirada em viv\u00eancias pessoais.<\/p>\n\n\n\n<p>Com uma agenda cultural t\u00e3o diversificada, Bras\u00edlia oferece um final de semana repleto de atividades enriquecedoras. N\u00e3o perca a oportunidade de mergulhar na cultura local, apoiar os talentos da cidade e desfrutar de momentos memor\u00e1veis com amigos e fam\u00edlia. Aproveite ao m\u00e1ximo tudo o que a capital federal tem a oferecer neste final de semana!<\/p>\n","protected":false},"excerpt":{"rendered":"<p>Foto: Tony Oliveira Bras\u00edlia est\u00e1 fervilhando com atividades culturais neste final de semana! De cinema a m\u00fasica ao vivo, exposi\u00e7\u00f5es e lan\u00e7amentos liter\u00e1rios, h\u00e1 op\u00e7\u00f5es para todos os gostos e idades. Confira o que est\u00e1 acontecendo na capital federal e planeje seu final de semana repleto de arte e entretenimento! Cinema:O Cine Bras\u00edlia est\u00e1 de [&hellip;]<\/p>\n","protected":false},"author":1441,"featured_media":4622,"comment_status":"open","ping_status":"open","sticky":false,"template":"","format":"standard","meta":{"_monsterinsights_skip_tracking":false,"_monsterinsights_sitenote_active":false,"_monsterinsights_sitenote_note":"","_monsterinsights_sitenote_category":0,"footnotes":""},"categories":[41,17,34,39,3,281,5,300,35,43],"tags":[1082,429,423,615,1080,449,528,812,1081,640],"class_list":["post-4621","post","type-post","status-publish","format-standard","has-post-thumbnail","hentry","category-agenda","category-bsb","category-destaque","category-economics","category-entertainment","category-exposicao","category-movie","category-literatura","category-business-news365","category-releases","tag-artenacidade","tag-brasilia-3","tag-cidadecultpordentro-2","tag-cinema-2","tag-finaldesemanacultural","tag-literatura","tag-paratodos","tag-shows","tag-sonacidade","tag-teatro-2"],"_links":{"self":[{"href":"https:\/\/cidadecult.com.br\/index.php?rest_route=\/wp\/v2\/posts\/4621","targetHints":{"allow":["GET"]}}],"collection":[{"href":"https:\/\/cidadecult.com.br\/index.php?rest_route=\/wp\/v2\/posts"}],"about":[{"href":"https:\/\/cidadecult.com.br\/index.php?rest_route=\/wp\/v2\/types\/post"}],"author":[{"embeddable":true,"href":"https:\/\/cidadecult.com.br\/index.php?rest_route=\/wp\/v2\/users\/1441"}],"replies":[{"embeddable":true,"href":"https:\/\/cidadecult.com.br\/index.php?rest_route=%2Fwp%2Fv2%2Fcomments&post=4621"}],"version-history":[{"count":1,"href":"https:\/\/cidadecult.com.br\/index.php?rest_route=\/wp\/v2\/posts\/4621\/revisions"}],"predecessor-version":[{"id":4623,"href":"https:\/\/cidadecult.com.br\/index.php?rest_route=\/wp\/v2\/posts\/4621\/revisions\/4623"}],"wp:featuredmedia":[{"embeddable":true,"href":"https:\/\/cidadecult.com.br\/index.php?rest_route=\/wp\/v2\/media\/4622"}],"wp:attachment":[{"href":"https:\/\/cidadecult.com.br\/index.php?rest_route=%2Fwp%2Fv2%2Fmedia&parent=4621"}],"wp:term":[{"taxonomy":"category","embeddable":true,"href":"https:\/\/cidadecult.com.br\/index.php?rest_route=%2Fwp%2Fv2%2Fcategories&post=4621"},{"taxonomy":"post_tag","embeddable":true,"href":"https:\/\/cidadecult.com.br\/index.php?rest_route=%2Fwp%2Fv2%2Ftags&post=4621"}],"curies":[{"name":"wp","href":"https:\/\/api.w.org\/{rel}","templated":true}]}}