{"id":4611,"date":"2024-04-26T10:43:10","date_gmt":"2024-04-26T13:43:10","guid":{"rendered":"https:\/\/cidadecult.com.br\/?p=4611"},"modified":"2024-04-26T10:43:49","modified_gmt":"2024-04-26T13:43:49","slug":"leona-cavalli-em-o-elogio-da-loucura-uma-jornada-satirica-e-reflexiva-no-teatro-unip","status":"publish","type":"post","link":"https:\/\/cidadecult.com.br\/?p=4611","title":{"rendered":"Leona Cavalli em &#8216;O Elogio da Loucura&#8217;: Uma Jornada Sat\u00edrica e Reflexiva no Teatro UNIP"},"content":{"rendered":"\n<p>N\u00f3s da Cidade Cult temos o prazer de apresentar uma oportunidade \u00fanica para os amantes do teatro em Bras\u00edlia. Prepare-se para uma experi\u00eancia provocadora e instigante com a aclamada atriz Leona Cavalli no papel principal de &#8220;O Elogio da Loucura&#8221;. Sob a dire\u00e7\u00e3o de Eduardo Figueiredo, esta adapta\u00e7\u00e3o teatral da obra intemporal de Erasmo de Rotterdam promete envolver e desafiar o p\u00fablico, explorando quest\u00f5es profundas sobre a sociedade, a pol\u00edtica e a natureza humana.<\/p>\n\n\n\n<p>Em uma parceria entre o Minist\u00e9rio da Cultura, Brasal e o Circuito de Teatro Brasileiro, Leona Cavalli retorna aos palcos ap\u00f3s seu sucesso na novela &#8220;Terra e Paix\u00e3o&#8221; para apresentar um mon\u00f3logo que transcende o tempo e os conceitos convencionais. Inspirada no texto sat\u00edrico de Erasmo de Rotterdam, a atriz d\u00e1 vida \u00e0 personifica\u00e7\u00e3o da &#8216;loucura&#8217;, conduzindo os espectadores por um labirinto de ironia e sarcasmo, refletindo sobre a sociedade em que vivemos.<\/p>\n\n\n\n<p><strong>Detalhes: <\/strong><\/p>\n\n\n\n<ul class=\"wp-block-list\">\n<li><strong>Local:<\/strong> Teatro UNIP, localizado na SGAS 913, Asa Sul<\/li>\n\n\n\n<li><strong>Datas e Hor\u00e1rios:<\/strong> 4 e 5 de maio, s\u00e1bado \u00e0s 20h e domingo \u00e0s 17h e 19h<\/li>\n\n\n\n<li><strong>Dura\u00e7\u00e3o do Espet\u00e1culo:<\/strong> 1 hora e 15 minutos<\/li>\n\n\n\n<li><strong>Classifica\u00e7\u00e3o Indicativa:<\/strong> N\u00e3o recomendado para menores de 16 anos<\/li>\n<\/ul>\n\n\n\n<p><strong>Ingressos:<\/strong><\/p>\n\n\n\n<ul class=\"wp-block-list\">\n<li><strong>Plateia:<\/strong> R$ 120 (inteira), R$ 60 (meia), e R$ 90 ingresso solid\u00e1rio (mediante doa\u00e7\u00e3o de 1kg de alimento)<\/li>\n\n\n\n<li><strong>Plateia Popular:<\/strong> R$ 50 (inteira) e R$ 25 (meia)<\/li>\n\n\n\n<li><strong>Venda:<\/strong> Dispon\u00edvel no site Sympla e na Belini (113 Sul), sem taxas. Aceita cart\u00f5es e Pix.<\/li>\n<\/ul>\n\n\n\n<p><strong>Informa\u00e7\u00f5es Adicionais:<\/strong><\/p>\n\n\n\n<ul class=\"wp-block-list\">\n<li>O espet\u00e1culo conta com m\u00fasica ao vivo, executada pelos talentosos Rafa Ducelli no violoncelo e Cika na percuss\u00e3o, transitando entre o popular e o erudito para enriquecer a experi\u00eancia do p\u00fablico.<\/li>\n\n\n\n<li>A bilheteria estar\u00e1 aberta apenas nos dias de apresenta\u00e7\u00e3o, s\u00e1bado e domingo, das 14h at\u00e9 o in\u00edcio do espet\u00e1culo. Aceita todos os cart\u00f5es de d\u00e9bito e cr\u00e9dito. N\u00e3o aceita cheque.<\/li>\n\n\n\n<li>O Teatro UNIP oferece ar-condicionado e acesso para cadeirantes, al\u00e9m de estacionamento gratuito.<\/li>\n<\/ul>\n\n\n\n<p><strong>Contato para imprensa:<\/strong><\/p>\n\n\n\n<p>Para mais informa\u00e7\u00f5es e entrevistas, entre em contato com Rodrigo Machado atrav\u00e9s do n\u00famero (61) 9.8654.2569 ou pelo e-mail <a href=\"mailto:rodrigomachado@territoriocomunicacao.com\">rodrigomachado@territoriocomunicacao.com<\/a>.<\/p>\n\n\n\n<p>N\u00e3o perca essa oportunidade de se deixar envolver pela arte e pela reflex\u00e3o. Garanta j\u00e1 o seu ingresso e junte-se a n\u00f3s nessa jornada teatral inesquec\u00edvel!<\/p>\n","protected":false},"excerpt":{"rendered":"<p>N\u00f3s da Cidade Cult temos o prazer de apresentar uma oportunidade \u00fanica para os amantes do teatro em Bras\u00edlia. Prepare-se para uma experi\u00eancia provocadora e instigante com a aclamada atriz Leona Cavalli no papel principal de &#8220;O Elogio da Loucura&#8221;. Sob a dire\u00e7\u00e3o de Eduardo Figueiredo, esta adapta\u00e7\u00e3o teatral da obra intemporal de Erasmo de [&hellip;]<\/p>\n","protected":false},"author":1441,"featured_media":4612,"comment_status":"open","ping_status":"open","sticky":false,"template":"","format":"standard","meta":{"_monsterinsights_skip_tracking":false,"_monsterinsights_sitenote_active":false,"_monsterinsights_sitenote_note":"","_monsterinsights_sitenote_category":0,"footnotes":""},"categories":[49,17,34,3,43],"tags":[676,487,1073,1072,441],"class_list":["post-4611","post","type-post","status-publish","format-standard","has-post-thumbnail","hentry","category-artigos","category-bsb","category-destaque","category-entertainment","category-releases","tag-cult","tag-destaque","tag-elogiodaloucura","tag-leonacavalli","tag-sonacidadecult-2"],"_links":{"self":[{"href":"https:\/\/cidadecult.com.br\/index.php?rest_route=\/wp\/v2\/posts\/4611","targetHints":{"allow":["GET"]}}],"collection":[{"href":"https:\/\/cidadecult.com.br\/index.php?rest_route=\/wp\/v2\/posts"}],"about":[{"href":"https:\/\/cidadecult.com.br\/index.php?rest_route=\/wp\/v2\/types\/post"}],"author":[{"embeddable":true,"href":"https:\/\/cidadecult.com.br\/index.php?rest_route=\/wp\/v2\/users\/1441"}],"replies":[{"embeddable":true,"href":"https:\/\/cidadecult.com.br\/index.php?rest_route=%2Fwp%2Fv2%2Fcomments&post=4611"}],"version-history":[{"count":1,"href":"https:\/\/cidadecult.com.br\/index.php?rest_route=\/wp\/v2\/posts\/4611\/revisions"}],"predecessor-version":[{"id":4613,"href":"https:\/\/cidadecult.com.br\/index.php?rest_route=\/wp\/v2\/posts\/4611\/revisions\/4613"}],"wp:featuredmedia":[{"embeddable":true,"href":"https:\/\/cidadecult.com.br\/index.php?rest_route=\/wp\/v2\/media\/4612"}],"wp:attachment":[{"href":"https:\/\/cidadecult.com.br\/index.php?rest_route=%2Fwp%2Fv2%2Fmedia&parent=4611"}],"wp:term":[{"taxonomy":"category","embeddable":true,"href":"https:\/\/cidadecult.com.br\/index.php?rest_route=%2Fwp%2Fv2%2Fcategories&post=4611"},{"taxonomy":"post_tag","embeddable":true,"href":"https:\/\/cidadecult.com.br\/index.php?rest_route=%2Fwp%2Fv2%2Ftags&post=4611"}],"curies":[{"name":"wp","href":"https:\/\/api.w.org\/{rel}","templated":true}]}}