{"id":4593,"date":"2024-04-24T12:10:51","date_gmt":"2024-04-24T15:10:51","guid":{"rendered":"https:\/\/cidadecult.com.br\/?p=4593"},"modified":"2024-04-24T12:10:52","modified_gmt":"2024-04-24T15:10:52","slug":"o-hidden-brasilia-esta-de-volta-para-mais-uma-temporada-de-celebracao-cultural","status":"publish","type":"post","link":"https:\/\/cidadecult.com.br\/?p=4593","title":{"rendered":"O Hidden Bras\u00edlia est\u00e1 de volta para mais uma temporada de celebra\u00e7\u00e3o cultural !"},"content":{"rendered":"\n<p><em>Foto\/divulgal\u00e7\u00e3o<\/em><\/p>\n\n\n\n<p>Prepare-se para vivenciar uma experi\u00eancia \u00fanica que une m\u00fasica, gastronomia, arte e divers\u00e3o em um dos eventos mais aguardados da capital federal. \u00c9 com grande entusiasmo que anunciamos o retorno do Hidden Bras\u00edlia, que marcar\u00e1 presen\u00e7a na cena cultural a partir do dia 23 de maio!<\/p>\n\n\n\n<p>Desde a sua cria\u00e7\u00e3o, o Hidden Bras\u00edlia tem surpreendido o p\u00fablico com ocupa\u00e7\u00f5es urbanas inusitadas, transformando espa\u00e7os da cidade em verdadeiros centros de cultura e entretenimento. Para esta sexta edi\u00e7\u00e3o, o suspense continua: o local permanecer\u00e1 em segredo at\u00e9 a chegada do grande dia, proporcionando uma experi\u00eancia de descoberta e encantamento para todos os participantes.<\/p>\n\n\n\n<p><strong>Gastronomia criativa<\/strong><\/p>\n\n\n\n<p>Uma das grandes novidades desta edi\u00e7\u00e3o \u00e9 a presen\u00e7a da renomada Chef Mara Alcamin, do Na Mata e Farofa, restaurantes de S\u00e3o Jorge na Chapada dos Veadeiros. Com sua culin\u00e1ria criativa e deliciosa, Mara Alcamin inaugura o evento com pratos que prometem surpreender e encantar os paladares mais exigentes. E n\u00e3o para por a\u00ed: a cada semana, um novo Chef de renome assumir\u00e1 o comando das ca\u00e7arolas do Hidden, oferecendo card\u00e1pios variados que exploram desde a comida afetiva at\u00e9 pratos contempor\u00e2neos.<\/p>\n\n\n\n<p><strong>Cultura e arte<\/strong><\/p>\n\n\n\n<p>Al\u00e9m da gastronomia, a programa\u00e7\u00e3o do Hidden Bras\u00edlia inclui uma diversidade de atra\u00e7\u00f5es culturais, desde m\u00fasica ao vivo com DJs e m\u00fasicos consagrados da cena brasiliense e nacional at\u00e9 exposi\u00e7\u00f5es de artistas pl\u00e1sticos renomados. Prepare-se para se envolver com a atmosfera vibrante e inspiradora do evento, que busca celebrar a cultura, a arte e a gastronomia da cidade enquanto ressignifica espa\u00e7os urbanos e preserva a hist\u00f3ria de Bras\u00edlia.<\/p>\n\n\n\n<p>O Hidden Bras\u00edlia acontecer\u00e1 \u00e0s quintas, sextas, s\u00e1bados e alguns domingos especiais, at\u00e9 o in\u00edcio da temporada de chuvas, proporcionando momentos de divers\u00e3o e descontra\u00e7\u00e3o em meio \u00e0 \u00e9poca mais seca do Distrito Federal. Portanto, n\u00e3o se esque\u00e7a de marcar o dia 23 de maio no calend\u00e1rio e prepare-se para viver uma experi\u00eancia \u00fanica e inesquec\u00edvel!<\/p>\n\n\n\n<p><strong>Fique por dentro !<\/strong><\/p>\n\n\n\n<p>Para mais informa\u00e7\u00f5es e atualiza\u00e7\u00f5es sobre o Hidden Bras\u00edlia, continue acompanhando nossas redes sociais e o <a href=\"http:\/\/ouvimosvc.com.br\/hiddenbrasil\" target=\"_blank\" rel=\"noopener\" title=\"site oficial do evento\">site oficial do evento<\/a>. Estamos ansiosos para compartilhar mais detalhes e surpresas conforme a data se aproxima. N\u00e3o perca essa oportunidade de fazer parte de um dos eventos mais emblem\u00e1ticos da cena cultural de Bras\u00edlia!<\/p>\n\n\n\n<p>Junte-se a n\u00f3s nesta jornada de celebra\u00e7\u00e3o da cultura e da arte de Bras\u00edlia no Hidden Bras\u00edlia 2024!<\/p>\n","protected":false},"excerpt":{"rendered":"<p>Foto\/divulgal\u00e7\u00e3o Prepare-se para vivenciar uma experi\u00eancia \u00fanica que une m\u00fasica, gastronomia, arte e divers\u00e3o em um dos eventos mais aguardados da capital federal. \u00c9 com grande entusiasmo que anunciamos o retorno do Hidden Bras\u00edlia, que marcar\u00e1 presen\u00e7a na cena cultural a partir do dia 23 de maio! Desde a sua cria\u00e7\u00e3o, o Hidden Bras\u00edlia tem [&hellip;]<\/p>\n","protected":false},"author":1441,"featured_media":4594,"comment_status":"open","ping_status":"open","sticky":false,"template":"","format":"standard","meta":{"_monsterinsights_skip_tracking":false,"_monsterinsights_sitenote_active":false,"_monsterinsights_sitenote_note":"","_monsterinsights_sitenote_category":0,"footnotes":""},"categories":[41,17,34,3,43],"tags":[405,419,1057,1059,676,407,1060,807],"class_list":["post-4593","post","type-post","status-publish","format-standard","has-post-thumbnail","hentry","category-agenda","category-bsb","category-destaque","category-entertainment","category-releases","tag-arte-2","tag-brasiliadf-2","tag-celebracaocultural","tag-criatividadeediversao","tag-cult","tag-entreterimento","tag-gastronomia-2","tag-soembrasilia-2"],"_links":{"self":[{"href":"https:\/\/cidadecult.com.br\/index.php?rest_route=\/wp\/v2\/posts\/4593","targetHints":{"allow":["GET"]}}],"collection":[{"href":"https:\/\/cidadecult.com.br\/index.php?rest_route=\/wp\/v2\/posts"}],"about":[{"href":"https:\/\/cidadecult.com.br\/index.php?rest_route=\/wp\/v2\/types\/post"}],"author":[{"embeddable":true,"href":"https:\/\/cidadecult.com.br\/index.php?rest_route=\/wp\/v2\/users\/1441"}],"replies":[{"embeddable":true,"href":"https:\/\/cidadecult.com.br\/index.php?rest_route=%2Fwp%2Fv2%2Fcomments&post=4593"}],"version-history":[{"count":1,"href":"https:\/\/cidadecult.com.br\/index.php?rest_route=\/wp\/v2\/posts\/4593\/revisions"}],"predecessor-version":[{"id":4595,"href":"https:\/\/cidadecult.com.br\/index.php?rest_route=\/wp\/v2\/posts\/4593\/revisions\/4595"}],"wp:featuredmedia":[{"embeddable":true,"href":"https:\/\/cidadecult.com.br\/index.php?rest_route=\/wp\/v2\/media\/4594"}],"wp:attachment":[{"href":"https:\/\/cidadecult.com.br\/index.php?rest_route=%2Fwp%2Fv2%2Fmedia&parent=4593"}],"wp:term":[{"taxonomy":"category","embeddable":true,"href":"https:\/\/cidadecult.com.br\/index.php?rest_route=%2Fwp%2Fv2%2Fcategories&post=4593"},{"taxonomy":"post_tag","embeddable":true,"href":"https:\/\/cidadecult.com.br\/index.php?rest_route=%2Fwp%2Fv2%2Ftags&post=4593"}],"curies":[{"name":"wp","href":"https:\/\/api.w.org\/{rel}","templated":true}]}}