{"id":4584,"date":"2024-04-24T11:06:06","date_gmt":"2024-04-24T14:06:06","guid":{"rendered":"https:\/\/cidadecult.com.br\/?p=4584"},"modified":"2024-04-24T11:06:08","modified_gmt":"2024-04-24T14:06:08","slug":"inovacao-em-acessibilidade-ouvidorias-do-gdf-revolucionam-atendimentos-com-libras","status":"publish","type":"post","link":"https:\/\/cidadecult.com.br\/?p=4584","title":{"rendered":"Inova\u00e7\u00e3o em acessibilidade: ouvidorias do GDF revolucionam atendimentos com libras"},"content":{"rendered":"\n<p><em>Foto\/divulga\u00e7\u00e3o<\/em><\/p>\n\n\n\n<p>Na vanguarda da inclus\u00e3o, as Ouvidorias do Governo do Distrito Federal (GDF) celebram o Dia Nacional de Libras com uma revolu\u00e7\u00e3o no atendimento ao p\u00fablico surdo. O lan\u00e7amento do programa DF Libras representa um marco na garantia de acessibilidade em todos os \u00f3rg\u00e3os p\u00fablicos do DF.<\/p>\n\n\n\n<p>Fruto de uma colabora\u00e7\u00e3o entre a Controladoria-Geral do Distrito Federal (CGDF) e a Secretaria da Pessoa com Defici\u00eancia do DF (SEPD), o programa DF Libras emprega tecnologia de ponta para oferecer tradu\u00e7\u00e3o em tempo real para a L\u00edngua Brasileira de Sinais (Libras) durante os atendimentos presenciais nas Ouvidorias.<\/p>\n\n\n\n<p>Atrav\u00e9s de um QR Code pr\u00f3prio, os cidad\u00e3os surdos agora t\u00eam acesso a um atendimento inclusivo e adaptado \u00e0 sua realidade. Ao escanear o c\u00f3digo durante o atendimento, uma chamada com um int\u00e9rprete de Libras \u00e9 iniciada, proporcionando uma comunica\u00e7\u00e3o em tempo real e traduzida em Libras.<\/p>\n\n\n\n<p>Desde seu lan\u00e7amento em dezembro de 2023, o DF Libras visa facilitar a comunica\u00e7\u00e3o para pessoas com defici\u00eancia auditiva. Dispon\u00edvel na Rede de Ouvidorias do DF, o programa permite aos cidad\u00e3os surdos acessar os servi\u00e7os p\u00fablicos em qualquer hor\u00e1rio, todos os dias da semana, sem dificuldades.<\/p>\n\n\n\n<p>Utilizando a plataforma ICOM, o programa conecta int\u00e9rpretes de Libras em videochamadas ao vivo, garantindo uma tradu\u00e7\u00e3o eficiente entre o cidad\u00e3o surdo e os servidores p\u00fablicos. Essa iniciativa n\u00e3o apenas facilita a comunica\u00e7\u00e3o, mas tamb\u00e9m promove a inclus\u00e3o, assegurando um acesso igualit\u00e1rio aos servi\u00e7os para toda a comunidade surda.<\/p>\n\n\n\n<p>A implementa\u00e7\u00e3o do atendimento em Libras nas Ouvidorias do GDF n\u00e3o apenas marca uma nova era de inclus\u00e3o e acessibilidade, mas tamb\u00e9m demonstra um compromisso real com a garantia dos direitos e da participa\u00e7\u00e3o plena da comunidade surda no Distrito Federal. Essa iniciativa representa um passo significativo na constru\u00e7\u00e3o de uma sociedade verdadeiramente inclusiva e igualit\u00e1ria.<\/p>\n","protected":false},"excerpt":{"rendered":"<p>Foto\/divulga\u00e7\u00e3o Na vanguarda da inclus\u00e3o, as Ouvidorias do Governo do Distrito Federal (GDF) celebram o Dia Nacional de Libras com uma revolu\u00e7\u00e3o no atendimento ao p\u00fablico surdo. O lan\u00e7amento do programa DF Libras representa um marco na garantia de acessibilidade em todos os \u00f3rg\u00e3os p\u00fablicos do DF. Fruto de uma colabora\u00e7\u00e3o entre a Controladoria-Geral do [&hellip;]<\/p>\n","protected":false},"author":1441,"featured_media":4585,"comment_status":"open","ping_status":"open","sticky":false,"template":"","format":"standard","meta":{"_monsterinsights_skip_tracking":false,"_monsterinsights_sitenote_active":false,"_monsterinsights_sitenote_note":"","_monsterinsights_sitenote_category":0,"footnotes":""},"categories":[49,17,34,3,248,43],"tags":[429,419,403,423,491,520,1052,1049,623,526,1051],"class_list":["post-4584","post","type-post","status-publish","format-standard","has-post-thumbnail","hentry","category-artigos","category-bsb","category-destaque","category-entertainment","category-qualquer-dia-todo-dia","category-releases","tag-brasilia-3","tag-brasiliadf-2","tag-cidadecult-2","tag-cidadecultpordentro-2","tag-df-2","tag-gdf-2","tag-icom","tag-inovacao-2","tag-libras","tag-maisacessibilidade","tag-sepd"],"_links":{"self":[{"href":"https:\/\/cidadecult.com.br\/index.php?rest_route=\/wp\/v2\/posts\/4584","targetHints":{"allow":["GET"]}}],"collection":[{"href":"https:\/\/cidadecult.com.br\/index.php?rest_route=\/wp\/v2\/posts"}],"about":[{"href":"https:\/\/cidadecult.com.br\/index.php?rest_route=\/wp\/v2\/types\/post"}],"author":[{"embeddable":true,"href":"https:\/\/cidadecult.com.br\/index.php?rest_route=\/wp\/v2\/users\/1441"}],"replies":[{"embeddable":true,"href":"https:\/\/cidadecult.com.br\/index.php?rest_route=%2Fwp%2Fv2%2Fcomments&post=4584"}],"version-history":[{"count":1,"href":"https:\/\/cidadecult.com.br\/index.php?rest_route=\/wp\/v2\/posts\/4584\/revisions"}],"predecessor-version":[{"id":4586,"href":"https:\/\/cidadecult.com.br\/index.php?rest_route=\/wp\/v2\/posts\/4584\/revisions\/4586"}],"wp:featuredmedia":[{"embeddable":true,"href":"https:\/\/cidadecult.com.br\/index.php?rest_route=\/wp\/v2\/media\/4585"}],"wp:attachment":[{"href":"https:\/\/cidadecult.com.br\/index.php?rest_route=%2Fwp%2Fv2%2Fmedia&parent=4584"}],"wp:term":[{"taxonomy":"category","embeddable":true,"href":"https:\/\/cidadecult.com.br\/index.php?rest_route=%2Fwp%2Fv2%2Fcategories&post=4584"},{"taxonomy":"post_tag","embeddable":true,"href":"https:\/\/cidadecult.com.br\/index.php?rest_route=%2Fwp%2Fv2%2Ftags&post=4584"}],"curies":[{"name":"wp","href":"https:\/\/api.w.org\/{rel}","templated":true}]}}