{"id":4566,"date":"2024-04-23T12:16:00","date_gmt":"2024-04-23T15:16:00","guid":{"rendered":"https:\/\/cidadecult.com.br\/?p=4566"},"modified":"2024-04-23T12:16:03","modified_gmt":"2024-04-23T15:16:03","slug":"noite-uma-jornada-sensorial-para-bebes-e-criancas","status":"publish","type":"post","link":"https:\/\/cidadecult.com.br\/?p=4566","title":{"rendered":"&#8220;Noite&#8221; uma jornada sensorial para beb\u00eas e crian\u00e7as"},"content":{"rendered":"\n<p><em>Foto: Mariah Bittar <\/em><\/p>\n\n\n\n<p>Em um convite \u00e0 imagina\u00e7\u00e3o e \u00e0 descoberta, o espet\u00e1culo &#8220;Noite&#8221; do Coletivo Ant\u00f4nia convida os espectadores mais jovens a explorarem um mundo de sensa\u00e7\u00f5es na escurid\u00e3o. Combinando luzes suaves, sombras delicadas e sons intrigantes, esta produ\u00e7\u00e3o teatral cativa os sentidos e estimula a curiosidade dos pequenos em um ambiente acolhedor e seguro.<\/p>\n\n\n\n<p><strong>Explorando a escurid\u00e3o:<\/strong><br>Ao mergulhar na aus\u00eancia de luz, &#8220;Noite&#8221; transforma o medo em fasc\u00ednio, convidando crian\u00e7as e beb\u00eas a experimentarem a beleza e o mist\u00e9rio do escuro. Inspirado nas ilustra\u00e7\u00f5es do talentoso desenhista uruguaio Gervasio Troche, o espet\u00e1culo oferece uma experi\u00eancia visualmente rica e emocionalmente envolvente.<\/p>\n\n\n\n<p>&#8220;Noite&#8221; n\u00e3o \u00e9 apenas um espet\u00e1culo, mas sim uma jornada colaborativa. Desde a trilha sonora original, criada pelas talentosas MariMira e Pati Egito, at\u00e9 o design de luz e som de Ana Quintas, cada elemento foi cuidadosamente concebido para envolver os espectadores de todas as idades. Al\u00e9m disso, os pr\u00f3prios beb\u00eas e crian\u00e7as participaram ativamente do processo de cria\u00e7\u00e3o, tornando-se verdadeiros coautores desta experi\u00eancia \u00fanica.<\/p>\n\n\n\n<p><strong>Informa\u00e7\u00f5es:<\/strong><\/p>\n\n\n\n<ul class=\"wp-block-list\">\n<li><strong>Local:<\/strong> Teatro Paulo Gracindo (SESC Gama, SIND QI 1)<\/li>\n\n\n\n<li><strong>Datas:<\/strong> 29 e 30 de abril, e 1\u00ba de maio<\/li>\n\n\n\n<li><strong>Hor\u00e1rios:<\/strong> 9h, 11h, 15h e 17h<\/li>\n\n\n\n<li><strong>Entrada:<\/strong> Gratuita, mediante retirada de ingressos pelo Sympla<\/li>\n\n\n\n<li><strong>Dura\u00e7\u00e3o:<\/strong> 35 minutos<\/li>\n\n\n\n<li><strong>Classifica\u00e7\u00e3o indicativa:<\/strong> Livre, recomendado para beb\u00eas e crian\u00e7as<\/li>\n\n\n\n<li><strong>Capacidade do teatro:<\/strong> 362 espectadores<\/li>\n<\/ul>\n\n\n\n<p><strong>Contato para imprensa:<\/strong><br>Rodrigo Machado &#8211; (61) 9.8654.2569<br>Territ\u00f3rio Comunica\u00e7\u00e3o<br><a href=\"https:\/\/www.instagram.com\/territorio.comunicacao\/\">@territorio.comunicacao<\/a> &#8211; Facebook e Instagram<br><\/p>\n\n\n\n<p><strong>Press Kit:<\/strong> Baixe o press kit do espet\u00e1culo &#8220;Noite&#8221; <a href=\"https:\/\/bit.ly\/EspetaculoNoite\">aqui<\/a>.<\/p>\n\n\n\n<p><strong>Conhe\u00e7a o Coletivo Ant\u00f4nia:<\/strong><br>Fundado em 2009, o Coletivo Ant\u00f4nia busca criar experi\u00eancias teatrais que nutrem o encantamento dos beb\u00eas e estimulam suas emo\u00e7\u00f5es e est\u00e9ticas. Saiba mais sobre o coletivo e suas produ\u00e7\u00f5es em <a href=\"https:\/\/coletivoantonia.com\/\">coletivoantonia.com<\/a>.<\/p>\n\n\n\n<p>Prepare-se para uma jornada inesquec\u00edvel em &#8220;Noite&#8221;! Uma oportunidade para toda a fam\u00edlia se encantar com as maravilhas da escurid\u00e3o, em um espet\u00e1culo que celebra a imagina\u00e7\u00e3o e a colabora\u00e7\u00e3o criativa. Garanta seus ingressos e embarque nesta aventura sensorial!<\/p>\n","protected":false},"excerpt":{"rendered":"<p>Foto: Mariah Bittar Em um convite \u00e0 imagina\u00e7\u00e3o e \u00e0 descoberta, o espet\u00e1culo &#8220;Noite&#8221; do Coletivo Ant\u00f4nia convida os espectadores mais jovens a explorarem um mundo de sensa\u00e7\u00f5es na escurid\u00e3o. Combinando luzes suaves, sombras delicadas e sons intrigantes, esta produ\u00e7\u00e3o teatral cativa os sentidos e estimula a curiosidade dos pequenos em um ambiente acolhedor e [&hellip;]<\/p>\n","protected":false},"author":1441,"featured_media":4567,"comment_status":"open","ping_status":"open","sticky":false,"template":"","format":"standard","meta":{"_monsterinsights_skip_tracking":false,"_monsterinsights_sitenote_active":false,"_monsterinsights_sitenote_note":"","_monsterinsights_sitenote_category":0,"footnotes":""},"categories":[41,49,54,17,34,43,401],"tags":[420,405,423,407,1031,1032],"class_list":["post-4566","post","type-post","status-publish","format-standard","has-post-thumbnail","hentry","category-agenda","category-artigos","category-brasil","category-bsb","category-destaque","category-releases","category-teatro","tag-abril","tag-arte-2","tag-cidadecultpordentro-2","tag-entreterimento","tag-noiteumajornadasensorial","tag-sensorial"],"_links":{"self":[{"href":"https:\/\/cidadecult.com.br\/index.php?rest_route=\/wp\/v2\/posts\/4566","targetHints":{"allow":["GET"]}}],"collection":[{"href":"https:\/\/cidadecult.com.br\/index.php?rest_route=\/wp\/v2\/posts"}],"about":[{"href":"https:\/\/cidadecult.com.br\/index.php?rest_route=\/wp\/v2\/types\/post"}],"author":[{"embeddable":true,"href":"https:\/\/cidadecult.com.br\/index.php?rest_route=\/wp\/v2\/users\/1441"}],"replies":[{"embeddable":true,"href":"https:\/\/cidadecult.com.br\/index.php?rest_route=%2Fwp%2Fv2%2Fcomments&post=4566"}],"version-history":[{"count":1,"href":"https:\/\/cidadecult.com.br\/index.php?rest_route=\/wp\/v2\/posts\/4566\/revisions"}],"predecessor-version":[{"id":4568,"href":"https:\/\/cidadecult.com.br\/index.php?rest_route=\/wp\/v2\/posts\/4566\/revisions\/4568"}],"wp:featuredmedia":[{"embeddable":true,"href":"https:\/\/cidadecult.com.br\/index.php?rest_route=\/wp\/v2\/media\/4567"}],"wp:attachment":[{"href":"https:\/\/cidadecult.com.br\/index.php?rest_route=%2Fwp%2Fv2%2Fmedia&parent=4566"}],"wp:term":[{"taxonomy":"category","embeddable":true,"href":"https:\/\/cidadecult.com.br\/index.php?rest_route=%2Fwp%2Fv2%2Fcategories&post=4566"},{"taxonomy":"post_tag","embeddable":true,"href":"https:\/\/cidadecult.com.br\/index.php?rest_route=%2Fwp%2Fv2%2Ftags&post=4566"}],"curies":[{"name":"wp","href":"https:\/\/api.w.org\/{rel}","templated":true}]}}