{"id":4560,"date":"2024-04-23T11:50:14","date_gmt":"2024-04-23T14:50:14","guid":{"rendered":"https:\/\/cidadecult.com.br\/?p=4560"},"modified":"2024-04-23T11:50:15","modified_gmt":"2024-04-23T14:50:15","slug":"evento-imperdivel-em-brasilia-mariza-traz-a-alma-portuguesa-para-o-centro-de-convencoes-ulysses-guimaraes","status":"publish","type":"post","link":"https:\/\/cidadecult.com.br\/?p=4560","title":{"rendered":"Evento imperd\u00edvel em Bras\u00edlia: Mariza traz a alma portuguesa para o centro de conven\u00e7\u00f5es Ulysses Guimar\u00e3es!"},"content":{"rendered":"\n<p><em>Foto\/divulga\u00e7\u00e3o<\/em><\/p>\n\n\n\n<p>Prepare-se para uma jornada emocional e musical \u00fanica com a incompar\u00e1vel fadista portuguesa Mariza. Em uma noite que promete encantar e emocionar, Mariza retorna ao Brasil, trazendo consigo a ess\u00eancia do fado e a riqueza da m\u00fasica portuguesa. Uma oportunidade imperd\u00edvel de vivenciar uma das maiores vozes da atualidade, em um espet\u00e1culo que promete transcender fronteiras culturais.<\/p>\n\n\n\n<p>Nascida em Maputo e criada em Portugal, Mariza \u00e9 reconhecida como uma das mais influentes e talentosas int\u00e9rpretes do fado da sua gera\u00e7\u00e3o. Com uma carreira que se estende por quase duas d\u00e9cadas, ela conquistou o cora\u00e7\u00e3o de milh\u00f5es ao redor do mundo com sua voz poderosa e sua interpreta\u00e7\u00e3o apaixonada. Prepare-se para ser transportado pela magia do fado em uma noite que ficar\u00e1 gravada na mem\u00f3ria.<\/p>\n\n\n\n<p><strong>Informa\u00e7\u00f5es:<\/strong><\/p>\n\n\n\n<ul class=\"wp-block-list\">\n<li><strong>Data:<\/strong> 27 de abril (s\u00e1bado)<\/li>\n\n\n\n<li><strong>Hor\u00e1rio:<\/strong> 21h<\/li>\n\n\n\n<li><strong>Local:<\/strong> Centro de Conven\u00e7\u00f5es Ulysses &#8211; Sala Planalto<\/li>\n\n\n\n<li><strong>Abertura dos port\u00f5es:<\/strong> 19h<\/li>\n\n\n\n<li><strong>Dura\u00e7\u00e3o do Show:<\/strong> Aproximadamente 1h50<\/li>\n\n\n\n<li><strong>Classifica\u00e7\u00e3o indicativa:<\/strong> 14 anos<\/li>\n<\/ul>\n\n\n\n<p><strong>Ingressos:<\/strong><\/p>\n\n\n\n<ul class=\"wp-block-list\">\n<li><strong>Setor Especial (Fila P a Z1):<\/strong> R$ 180,00<\/li>\n\n\n\n<li><strong>Setor VIP (Fila B a O):<\/strong> R$ 220,00<\/li>\n\n\n\n<li><strong>Lounges (Fila A):<\/strong> R$ 300,00<\/li>\n<\/ul>\n\n\n\n<p><em>Os pre\u00e7os dos ingressos est\u00e3o sujeitos a altera\u00e7\u00f5es sem aviso pr\u00e9vio.<\/em><\/p>\n\n\n\n<p><strong>Formas de Pagamento:<\/strong><\/p>\n\n\n\n<ul class=\"wp-block-list\">\n<li>Dinheiro<\/li>\n\n\n\n<li>D\u00e9bito<\/li>\n\n\n\n<li>Cr\u00e9dito em 1x sem juros<\/li>\n\n\n\n<li>Parcelamento em 2x ou 3x com taxa de parcelamento<\/li>\n\n\n\n<li>PIX<\/li>\n\n\n\n<li>Parcelamento em at\u00e9 12x com taxa de parcelamento (apenas compras online)<\/li>\n<\/ul>\n\n\n\n<p><strong>Vendas:<\/strong><\/p>\n\n\n\n<ul class=\"wp-block-list\">\n<li><strong>Sem taxa de servi\u00e7o:<\/strong><\/li>\n\n\n\n<li>Barbearia Elvis &#8211; JK Shopping 3\u00ba Piso<\/li>\n\n\n\n<li><strong>Com taxa de servi\u00e7o:<\/strong><\/li>\n\n\n\n<li>Koni 209 Sul<\/li>\n\n\n\n<li>Koni 101 Sudoeste<\/li>\n\n\n\n<li>Barbearia Elvis &#8211; DF Plaza \u2013 \u00c1guas Claras<\/li>\n\n\n\n<li>Barbearia Elvis &#8211; Taguatinga Shopping<\/li>\n<\/ul>\n\n\n\n<p><strong>Vendas online:<\/strong><\/p>\n\n\n\n<ul class=\"wp-block-list\">\n<li>App ou pelo site: <a href=\"www.bilheteriadigital.com\">www.bilheteriadigital.com<\/a><\/li>\n\n\n\n<li><strong>SAC:<\/strong> <a href=\"mailto:atendimento@bilheteriadigital.com\">atendimento@bilheteriadigital.com<\/a><\/li>\n\n\n\n<li><strong>WhatsApp:<\/strong> (21) 99740-5218<\/li>\n<\/ul>\n\n\n\n<p><strong>Contato para mais informa\u00e7\u00f5es:<\/strong><br>Eduarda Ayres: (61) 99815-2712<br>E-mail: <a href=\"mailto:imprensaconteudoomunicacao@gmail.com\">imprensaconteudoomunicacao@gmail.com<\/a><\/p>\n\n\n\n<p>N\u00e3o perca essa oportunidade \u00fanica de mergulhar na profundidade e na beleza do fado com uma das maiores artistas da atualidade. Garanta seu lugar e prepare-se para uma noite de emo\u00e7\u00f5es intensas e m\u00fasica envolvente!<\/p>\n","protected":false},"excerpt":{"rendered":"<p>Foto\/divulga\u00e7\u00e3o Prepare-se para uma jornada emocional e musical \u00fanica com a incompar\u00e1vel fadista portuguesa Mariza. Em uma noite que promete encantar e emocionar, Mariza retorna ao Brasil, trazendo consigo a ess\u00eancia do fado e a riqueza da m\u00fasica portuguesa. Uma oportunidade imperd\u00edvel de vivenciar uma das maiores vozes da atualidade, em um espet\u00e1culo que promete [&hellip;]<\/p>\n","protected":false},"author":1441,"featured_media":4561,"comment_status":"open","ping_status":"open","sticky":false,"template":"","format":"standard","meta":{"_monsterinsights_skip_tracking":false,"_monsterinsights_sitenote_active":false,"_monsterinsights_sitenote_note":"","_monsterinsights_sitenote_category":0,"footnotes":""},"categories":[41,17,34,35,43],"tags":[1024,439,403,423,676,777,579,1025,1026,1023],"class_list":["post-4560","post","type-post","status-publish","format-standard","has-post-thumbnail","hentry","category-agenda","category-bsb","category-destaque","category-business-news365","category-releases","tag-artr","tag-brasil-2","tag-cidadecult-2","tag-cidadecultpordentro-2","tag-cult","tag-evento","tag-musica-2","tag-musicaportugfuesa","tag-musicaportuguesa","tag-ulyssesguimaraes"],"_links":{"self":[{"href":"https:\/\/cidadecult.com.br\/index.php?rest_route=\/wp\/v2\/posts\/4560","targetHints":{"allow":["GET"]}}],"collection":[{"href":"https:\/\/cidadecult.com.br\/index.php?rest_route=\/wp\/v2\/posts"}],"about":[{"href":"https:\/\/cidadecult.com.br\/index.php?rest_route=\/wp\/v2\/types\/post"}],"author":[{"embeddable":true,"href":"https:\/\/cidadecult.com.br\/index.php?rest_route=\/wp\/v2\/users\/1441"}],"replies":[{"embeddable":true,"href":"https:\/\/cidadecult.com.br\/index.php?rest_route=%2Fwp%2Fv2%2Fcomments&post=4560"}],"version-history":[{"count":1,"href":"https:\/\/cidadecult.com.br\/index.php?rest_route=\/wp\/v2\/posts\/4560\/revisions"}],"predecessor-version":[{"id":4562,"href":"https:\/\/cidadecult.com.br\/index.php?rest_route=\/wp\/v2\/posts\/4560\/revisions\/4562"}],"wp:featuredmedia":[{"embeddable":true,"href":"https:\/\/cidadecult.com.br\/index.php?rest_route=\/wp\/v2\/media\/4561"}],"wp:attachment":[{"href":"https:\/\/cidadecult.com.br\/index.php?rest_route=%2Fwp%2Fv2%2Fmedia&parent=4560"}],"wp:term":[{"taxonomy":"category","embeddable":true,"href":"https:\/\/cidadecult.com.br\/index.php?rest_route=%2Fwp%2Fv2%2Fcategories&post=4560"},{"taxonomy":"post_tag","embeddable":true,"href":"https:\/\/cidadecult.com.br\/index.php?rest_route=%2Fwp%2Fv2%2Ftags&post=4560"}],"curies":[{"name":"wp","href":"https:\/\/api.w.org\/{rel}","templated":true}]}}