{"id":4541,"date":"2024-04-22T10:47:56","date_gmt":"2024-04-22T13:47:56","guid":{"rendered":"https:\/\/cidadecult.com.br\/?p=4541"},"modified":"2024-04-22T10:47:58","modified_gmt":"2024-04-22T13:47:58","slug":"celebre-a-historia-e-o-legado-de-brasilia-na-reabertura-especial-do-cine-brasilia","status":"publish","type":"post","link":"https:\/\/cidadecult.com.br\/?p=4541","title":{"rendered":"Celebre a hist\u00f3ria e o legado de Bras\u00edlia na reabertura especial do Cine Bras\u00edlia"},"content":{"rendered":"\n<p><em>Foto: L\u00facio Bernardo Jr<\/em><\/p>\n\n\n\n<p>\u00c9 com grande entusiasmo que convidamos voc\u00ea para uma ocasi\u00e3o verdadeiramente extraordin\u00e1ria: a reabertura do lend\u00e1rio Cine Bras\u00edlia em uma celebra\u00e7\u00e3o monumental dos seus 60 anos de hist\u00f3ria e do 64\u00ba anivers\u00e1rio de nossa capital, Bras\u00edlia!<\/p>\n\n\n\n<p>Prepare-se para uma experi\u00eancia cinematogr\u00e1fica sem igual, enquanto nos preparamos para exibir, pela primeira vez nas telonas, o t\u00e3o aguardado longa-metragem <em>JK \u2013 O Reinventor do Brasil<\/em>. Produzido pela prestigiada TV Cultura, este filme n\u00e3o \u00e9 apenas uma obra cinematogr\u00e1fica; \u00e9 uma homenagem apaixonada \u00e0 vida e ao legado do vision\u00e1rio ex-presidente Juscelino Kubitschek, o arquiteto de nossa capital.<\/p>\n\n\n\n<p><em>Narrado com a maestria de um podcast, o document\u00e1rio \u00e9 parte de um projeto monumental da emissora dedicado a JK, incluindo exposi\u00e7\u00f5es e uma fotobiografia repleta de imagens in\u00e9ditas do l\u00edder.<\/em><\/p>\n\n\n\n<p>Al\u00e9m da proje\u00e7\u00e3o deste filme imperd\u00edvel, os visitantes ser\u00e3o convidados a mergulhar ainda mais na hist\u00f3ria com uma exposi\u00e7\u00e3o especial e uma fotobiografia dedicada a Juscelino Kubitschek. Esta \u00e9 uma oportunidade \u00fanica de explorar a hist\u00f3ria inspiradora de JK e compreender sua influ\u00eancia duradoura em nossa cultura e pol\u00edtica.<\/p>\n\n\n\n<p><p><strong>Data e Hora:<\/strong> Segunda-feira, 22 de abril, \u00e0s 11h<\/p><\/p>\n\n\n\n<p><p><strong>Local:<\/strong> Cine Bras\u00edlia<\/p>Junte-se a n\u00f3s para uma reabertura espetacular do Cine Bras\u00edlia! Venha celebrar n\u00e3o apenas o cinema, mas tamb\u00e9m a rica heran\u00e7a cultural e pol\u00edtica que moldou Bras\u00edlia e o Brasil.<\/p>\n\n\n\n<p><em> <\/em><\/p>\n","protected":false},"excerpt":{"rendered":"<p>Foto: L\u00facio Bernardo Jr \u00c9 com grande entusiasmo que convidamos voc\u00ea para uma ocasi\u00e3o verdadeiramente extraordin\u00e1ria: a reabertura do lend\u00e1rio Cine Bras\u00edlia em uma celebra\u00e7\u00e3o monumental dos seus 60 anos de hist\u00f3ria e do 64\u00ba anivers\u00e1rio de nossa capital, Bras\u00edlia! Prepare-se para uma experi\u00eancia cinematogr\u00e1fica sem igual, enquanto nos preparamos para exibir, pela primeira vez [&hellip;]<\/p>\n","protected":false},"author":1441,"featured_media":4542,"comment_status":"open","ping_status":"open","sticky":false,"template":"","format":"standard","meta":{"_monsterinsights_skip_tracking":false,"_monsterinsights_sitenote_active":false,"_monsterinsights_sitenote_note":"","_monsterinsights_sitenote_category":0,"footnotes":""},"categories":[41,17,232,34,3,5],"tags":[429,403,423,993,431,407,992,995,994],"class_list":["post-4541","post","type-post","status-publish","format-standard","has-post-thumbnail","hentry","category-agenda","category-bsb","category-cinema","category-destaque","category-entertainment","category-movie","tag-brasilia-3","tag-cidadecult-2","tag-cidadecultpordentro-2","tag-cinebrasilia","tag-distritofederal-2","tag-entreterimento","tag-historiaelegadodebrasilia","tag-jk","tag-tvcultura"],"_links":{"self":[{"href":"https:\/\/cidadecult.com.br\/index.php?rest_route=\/wp\/v2\/posts\/4541","targetHints":{"allow":["GET"]}}],"collection":[{"href":"https:\/\/cidadecult.com.br\/index.php?rest_route=\/wp\/v2\/posts"}],"about":[{"href":"https:\/\/cidadecult.com.br\/index.php?rest_route=\/wp\/v2\/types\/post"}],"author":[{"embeddable":true,"href":"https:\/\/cidadecult.com.br\/index.php?rest_route=\/wp\/v2\/users\/1441"}],"replies":[{"embeddable":true,"href":"https:\/\/cidadecult.com.br\/index.php?rest_route=%2Fwp%2Fv2%2Fcomments&post=4541"}],"version-history":[{"count":1,"href":"https:\/\/cidadecult.com.br\/index.php?rest_route=\/wp\/v2\/posts\/4541\/revisions"}],"predecessor-version":[{"id":4543,"href":"https:\/\/cidadecult.com.br\/index.php?rest_route=\/wp\/v2\/posts\/4541\/revisions\/4543"}],"wp:featuredmedia":[{"embeddable":true,"href":"https:\/\/cidadecult.com.br\/index.php?rest_route=\/wp\/v2\/media\/4542"}],"wp:attachment":[{"href":"https:\/\/cidadecult.com.br\/index.php?rest_route=%2Fwp%2Fv2%2Fmedia&parent=4541"}],"wp:term":[{"taxonomy":"category","embeddable":true,"href":"https:\/\/cidadecult.com.br\/index.php?rest_route=%2Fwp%2Fv2%2Fcategories&post=4541"},{"taxonomy":"post_tag","embeddable":true,"href":"https:\/\/cidadecult.com.br\/index.php?rest_route=%2Fwp%2Fv2%2Ftags&post=4541"}],"curies":[{"name":"wp","href":"https:\/\/api.w.org\/{rel}","templated":true}]}}