{"id":4525,"date":"2024-05-14T12:29:36","date_gmt":"2024-05-14T15:29:36","guid":{"rendered":"https:\/\/cidadecult.com.br\/?p=4525"},"modified":"2024-05-14T12:29:38","modified_gmt":"2024-05-14T15:29:38","slug":"festival-buraco-do-jazz-celebra-os-64-anos-de-brasilia-com-grande-estilo-musical","status":"publish","type":"post","link":"https:\/\/cidadecult.com.br\/?p=4525","title":{"rendered":"Festival Buraco do Jazz celebra os 64 anos de Bras\u00edlia com grande estilo musical"},"content":{"rendered":"\n<p><\/p>\n\n\n\n<p>Em celebra\u00e7\u00e3o aos 64 anos de Bras\u00edlia, o Festival Buraco do Jazz prepara uma edi\u00e7\u00e3o especial para homenagear a rica diversidade cultural da capital. O evento acontecer\u00e1 nos dias 18 e 19 de abril, no gramado em frente ao Pante\u00e3o da P\u00e1tria, com entrada gratuita para o p\u00fablico.<\/p>\n\n\n\n<p>Desde 2016, o Buraco do Jazz tem sido uma iniciativa significativa na ocupa\u00e7\u00e3o dos espa\u00e7os p\u00fablicos de Bras\u00edlia, promovendo a cultura musical ao ar livre. &#8220;Celebrar o anivers\u00e1rio de Bras\u00edlia \u00e9 especial para n\u00f3s, pois nosso evento nasceu da vontade de abra\u00e7ar a cidade com arte e cultura&#8221;, afirma Gustavo Frade, idealizador do evento.<\/p>\n\n\n\n<p>O festival deste ano contar\u00e1 com dez bandas no lineup, trazendo uma mistura de estilos que inclui blues, jazz, tango e muito mais. Entre as atra\u00e7\u00f5es confirmadas est\u00e3o a Brazialian Blues Band, Quinta Ess\u00eancia, Javier Ruax e Orquestra Tango Bras\u00edlia, e Sabor de Cuba. A programa\u00e7\u00e3o tamb\u00e9m incluir\u00e1 uma pra\u00e7a de alimenta\u00e7\u00e3o e o tradicional concurso de cangas, contribuindo para uma experi\u00eancia completa de lazer e entretenimento.<\/p>\n\n\n\n<p>Este evento \u00e9 uma realiza\u00e7\u00e3o da Agenda Cultural Bras\u00edlia com apoio do Fundo de Apoio \u00e0 Cultura (FAC) da Secretaria de Estado de Cultura e Economia Criativa do Distrito Federal, enfatizando o compromisso com o desenvolvimento cultural da regi\u00e3o.<\/p>\n","protected":false},"excerpt":{"rendered":"<p>Em celebra\u00e7\u00e3o aos 64 anos de Bras\u00edlia, o Festival Buraco do Jazz prepara uma edi\u00e7\u00e3o especial para homenagear a rica diversidade cultural da capital. O evento acontecer\u00e1 nos dias 18 e 19 de abril, no gramado em frente ao Pante\u00e3o da P\u00e1tria, com entrada gratuita para o p\u00fablico. Desde 2016, o Buraco do Jazz tem [&hellip;]<\/p>\n","protected":false},"author":777,"featured_media":4526,"comment_status":"open","ping_status":"open","sticky":false,"template":"","format":"standard","meta":{"_monsterinsights_skip_tracking":false,"_monsterinsights_sitenote_active":false,"_monsterinsights_sitenote_note":"","_monsterinsights_sitenote_category":0,"footnotes":""},"categories":[1],"tags":[],"class_list":["post-4525","post","type-post","status-publish","format-standard","has-post-thumbnail","hentry","category-sem-categoria"],"_links":{"self":[{"href":"https:\/\/cidadecult.com.br\/index.php?rest_route=\/wp\/v2\/posts\/4525","targetHints":{"allow":["GET"]}}],"collection":[{"href":"https:\/\/cidadecult.com.br\/index.php?rest_route=\/wp\/v2\/posts"}],"about":[{"href":"https:\/\/cidadecult.com.br\/index.php?rest_route=\/wp\/v2\/types\/post"}],"author":[{"embeddable":true,"href":"https:\/\/cidadecult.com.br\/index.php?rest_route=\/wp\/v2\/users\/777"}],"replies":[{"embeddable":true,"href":"https:\/\/cidadecult.com.br\/index.php?rest_route=%2Fwp%2Fv2%2Fcomments&post=4525"}],"version-history":[{"count":1,"href":"https:\/\/cidadecult.com.br\/index.php?rest_route=\/wp\/v2\/posts\/4525\/revisions"}],"predecessor-version":[{"id":4527,"href":"https:\/\/cidadecult.com.br\/index.php?rest_route=\/wp\/v2\/posts\/4525\/revisions\/4527"}],"wp:featuredmedia":[{"embeddable":true,"href":"https:\/\/cidadecult.com.br\/index.php?rest_route=\/wp\/v2\/media\/4526"}],"wp:attachment":[{"href":"https:\/\/cidadecult.com.br\/index.php?rest_route=%2Fwp%2Fv2%2Fmedia&parent=4525"}],"wp:term":[{"taxonomy":"category","embeddable":true,"href":"https:\/\/cidadecult.com.br\/index.php?rest_route=%2Fwp%2Fv2%2Fcategories&post=4525"},{"taxonomy":"post_tag","embeddable":true,"href":"https:\/\/cidadecult.com.br\/index.php?rest_route=%2Fwp%2Fv2%2Ftags&post=4525"}],"curies":[{"name":"wp","href":"https:\/\/api.w.org\/{rel}","templated":true}]}}