{"id":451,"date":"2022-07-29T16:15:11","date_gmt":"2022-07-29T19:15:11","guid":{"rendered":"https:\/\/cidadecult.com.br\/novo\/melancolia-otimista-em-potente-ep-de-estreia-de-vitu\/"},"modified":"2022-07-29T16:15:11","modified_gmt":"2022-07-29T19:15:11","slug":"melancolia-otimista-em-potente-ep-de-estreia-de-vitu","status":"publish","type":"post","link":"https:\/\/cidadecult.com.br\/?p=451","title":{"rendered":"Melancolia otimista em potente EP de estreia de Vitu"},"content":{"rendered":"<p class=\"MsoNormal\" style=\"margin: 0px 0px 0cm; color: #222222; font-family: Arial, Helvetica, sans-serif; font-size: small; text-align: center; line-height: normal;\" align=\"center\"><i><span style=\"font-size: 13pt; font-family: Arial, sans-serif; color: black;\">Compacto traz quatro faixas que falam de crises, euforias e paralisias dos \u00faltimos anos<\/span><\/i><\/p>\n<p class=\"MsoNormal\" style=\"margin: 0px 0px 0cm; color: #222222; font-family: Arial, Helvetica, sans-serif; font-size: small; text-align: center; line-height: normal;\" align=\"center\"><i><span style=\"font-size: 13pt; font-family: Arial, sans-serif; color: black;\"><u><\/u>\u00a0<u><\/u><\/span><\/i><\/p>\n<p class=\"MsoNormal\" style=\"margin: 0px 0px 0cm; color: #222222; font-family: Arial, Helvetica, sans-serif; font-size: small; text-align: center; line-height: normal;\" align=\"center\"><span style=\"font-size: 12pt; font-family: 'Times New Roman', serif;\"><img loading=\"lazy\" decoding=\"async\" id=\"m_-3122157874022743614Imagem_x0020_2\" class=\"CToWUd a6T\" style=\"cursor: pointer; outline: 0px;\" tabindex=\"0\" src=\"https:\/\/mail.google.com\/mail\/u\/1?ui=2&amp;ik=c7222086c4&amp;attid=0.1&amp;permmsgid=msg-f:1738966207670170662&amp;th=18220c8d6c96b426&amp;view=fimg&amp;fur=ip&amp;sz=s0-l75-ft&amp;attbid=ANGjdJ_UqzflMz0IYHmNGYgK0-R1J-8QKsQeDSYcnchOI_hDaiywB1q14VTO7_iGmoUDIB3npmoQhvEdl_o6KoKSPkoencx3HK6W6eGjQVOWuSRjRbx1PzNWeeD6bMY&amp;disp=emb\" width=\"567\" height=\"378\" border=\"0\" data-image-whitelisted=\"\" data-bit=\"iit\" \/><\/span><u><\/u><u><\/u><\/p>\n<p class=\"MsoNormal\" style=\"margin: 0px 0px 12pt; color: #222222; font-family: Arial, Helvetica, sans-serif; font-size: small; line-height: normal;\"><span style=\"font-size: 12pt; font-family: 'Times New Roman', serif;\"><u><\/u>\u00a0<u><\/u><\/span><\/p>\n<p class=\"MsoNormal\" style=\"margin: 0px 0px 0cm; color: #222222; font-family: Arial, Helvetica, sans-serif; font-size: small; text-align: justify; line-height: normal;\"><span style=\"font-family: Arial, sans-serif; color: black;\">Logo de cara, voc\u00ea vai estranhar um EP de estreia chamado \u201cDespedida\u201d. Tudo bem, o estranhamento \u00e9 tamb\u00e9m o que busca o cantor e compositor Vitu (ES). Mas vale te adiantar que o \u2018adeus\u2019, nesse caso, \u00e9 para a tal da fase ruim que todos passamos nos \u00faltimos anos. Com quatro faixas, que tamb\u00e9m contam com<i>\u00a0visualizers<\/i>\u00a0(elementos visuais que acompanham a m\u00fasica e n\u00e3o chegam a ser denominados clipes), o lan\u00e7amento marca o fim de um per\u00edodo e o in\u00edcio esperan\u00e7oso de um novo.<\/span><u><\/u><u><\/u><\/p>\n<p class=\"MsoNormal\" style=\"margin: 0px 0px 0cm; color: #222222; font-family: Arial, Helvetica, sans-serif; font-size: small; line-height: normal;\"><span style=\"font-size: 12pt; font-family: 'Times New Roman', serif;\"><u><\/u>\u00a0<u><\/u><\/span><\/p>\n<p class=\"MsoNormal\" style=\"margin: 0px 0px 0cm; color: #222222; font-family: Arial, Helvetica, sans-serif; font-size: small; text-align: center; line-height: normal;\" align=\"center\"><b><span style=\"font-family: Arial, sans-serif; color: black;\">Ou\u00e7a o EP \u201cDespedida\u201d:\u00a0<\/span><\/b><span style=\"font-size: 12pt; font-family: 'Times New Roman', serif;\"><a style=\"color: #1155cc;\" href=\"https:\/\/album.link\/VituDespedida\" target=\"_blank\" rel=\"noopener noreferrer\" data-saferedirecturl=\"https:\/\/www.google.com\/url?q=https:\/\/album.link\/VituDespedida&amp;source=gmail&amp;ust=1659204601367000&amp;usg=AOvVaw1WIy7hMPBDYkx4dygEz38P\"><span style=\"font-size: 11pt; font-family: Arial, sans-serif;\">https:\/\/album.link\/<wbr \/>VituDespedida<\/span><\/a><u><\/u><u><\/u><\/span><\/p>\n<p class=\"MsoNormal\" style=\"margin: 0px 0px 0cm; color: #222222; font-family: Arial, Helvetica, sans-serif; font-size: small; line-height: normal;\"><span style=\"font-size: 12pt; font-family: 'Times New Roman', serif;\"><u><\/u>\u00a0<u><\/u><\/span><\/p>\n<p class=\"MsoNormal\" style=\"margin: 0px 0px 0cm; color: #222222; font-family: Arial, Helvetica, sans-serif; font-size: small; text-align: justify; line-height: normal;\"><i><span style=\"font-family: Arial, sans-serif; color: black;\">\u201cEsse novo trabalho \u00e9 o meu primeiro EP, a primeira obra completa que lan\u00e7o, o meu primeiro cap\u00edtulo. Aqui eu exploro a minha sonoridade e as minhas refer\u00eancias para alcan\u00e7ar o sentimento. Aqui come\u00e7o a despedida de tempos dif\u00edceis que passaram e abro caminho para respirar de novo.<\/span><\/i><span style=\"font-family: Arial, sans-serif; color: black;\">\u201d, define Vitu, cantor, guitarrista e violonista no disco.<\/span><u><\/u><u><\/u><\/p>\n<p class=\"MsoNormal\" style=\"margin: 0px 0px 0cm; color: #222222; font-family: Arial, Helvetica, sans-serif; font-size: small; line-height: normal;\"><span style=\"font-size: 12pt; font-family: 'Times New Roman', serif;\"><u><\/u>\u00a0<u><\/u><\/span><\/p>\n<p class=\"MsoNormal\" style=\"margin: 0px 0px 0cm; color: #222222; font-family: Arial, Helvetica, sans-serif; font-size: small; text-align: justify; line-height: normal;\"><span style=\"font-family: Arial, sans-serif; color: black;\">Definido como uma \u201cmelancolia otimista\u201d, o EP tamb\u00e9m \u00e9 um retrato de quem o artista \u00e9 hoje. A constru\u00e7\u00e3o de cada faixa permitiu que Vitu pudesse analisar sua trajet\u00f3ria e quem espera ser no futuro:<\/span><u><\/u><u><\/u><\/p>\n<p class=\"MsoNormal\" style=\"margin: 0px 0px 0cm; color: #222222; font-family: Arial, Helvetica, sans-serif; font-size: small; line-height: normal;\"><span style=\"font-size: 12pt; font-family: 'Times New Roman', serif;\"><u><\/u>\u00a0<u><\/u><\/span><\/p>\n<p class=\"MsoNormal\" style=\"margin: 0px 0px 0cm; color: #222222; font-family: Arial, Helvetica, sans-serif; font-size: small; text-align: justify; line-height: normal;\"><i><span style=\"font-family: Arial, sans-serif; color: black;\">\u201cA can\u00e7\u00e3o \u2018Nada \u00e9 Mais Como Era Antes\u2019, que abre o EP, traz a reflex\u00e3o de como algo pode mudar para sempre o nosso jeito de ver a vida. Em seguida, \u2018Despedida\u2019, faixa-t\u00edtulo, fala sobre um inteiro que vai e n\u00e3o volta mais, sobre saudar e celebrar o adeus. J\u00e1 a terceira faixa, \u2018Port\u00e3o\u2019, \u00e9 a segunda m\u00fasica que escrevi na vida, me reencontrar com ela foi uma surpresa maravilhosa. O primeiro single do EP, tamb\u00e9m \u00e9 a m\u00fasica que o encerra, \u2018Nosso Tempo\u2019, \u00e9 um abra\u00e7o ao cotidiano com todas suas dores e sorrisos.\u201d,<\/span><\/i><span style=\"font-family: Arial, sans-serif; color: black;\">\u00a0analisa.<\/span><u><\/u><u><\/u><\/p>\n<p class=\"MsoNormal\" style=\"margin: 0px 0px 0cm; color: #222222; font-family: Arial, Helvetica, sans-serif; font-size: small; line-height: normal;\"><span style=\"font-size: 12pt; font-family: 'Times New Roman', serif;\"><u><\/u>\u00a0<u><\/u><\/span><\/p>\n<p class=\"MsoNormal\" style=\"margin: 0px 0px 0cm; color: #222222; font-family: Arial, Helvetica, sans-serif; font-size: small; text-align: center; line-height: normal;\" align=\"center\"><b><span style=\"font-family: Arial, sans-serif; color: black;\">Assista aos visualizers do EP:\u00a0<\/span><\/b><span style=\"font-size: 12pt; font-family: 'Times New Roman', serif;\"><a style=\"color: #1155cc;\" href=\"https:\/\/youtube.com\/playlist?list=PLsdWbhwDGSnpDy2I_T42xofCQfQjeHjoV\" target=\"_blank\" rel=\"noopener noreferrer\" data-saferedirecturl=\"https:\/\/www.google.com\/url?q=https:\/\/youtube.com\/playlist?list%3DPLsdWbhwDGSnpDy2I_T42xofCQfQjeHjoV&amp;source=gmail&amp;ust=1659204601367000&amp;usg=AOvVaw0XlURWxbm0f1mtCAB0kamq\"><span style=\"font-size: 11pt; font-family: Arial, sans-serif;\">https:\/\/youtube.com\/playlist?<wbr \/>list=PLsdWbhwDGSnpDy2I_<wbr \/>T42xofCQfQjeHjoV<\/span><\/a><u><\/u><u><\/u><\/span><\/p>\n<p class=\"MsoNormal\" style=\"margin: 0px 0px 12pt; color: #222222; font-family: Arial, Helvetica, sans-serif; font-size: small; line-height: normal;\"><span style=\"font-size: 12pt; font-family: 'Times New Roman', serif;\"><u><\/u>\u00a0<u><\/u><\/span><\/p>\n<p class=\"MsoNormal\" style=\"margin: 0px 0px 0cm; color: #222222; font-family: Arial, Helvetica, sans-serif; font-size: small; text-align: justify; line-height: normal;\"><span style=\"font-family: Arial, sans-serif; color: black;\">O compacto \u00e9 fruto de todas as experi\u00eancias e emo\u00e7\u00f5es sentidas durante o ano de 2021: \u201ccrises, euforias e paralisias&#8221;. A vulnerabilidade desta fase fez com que o desafio de se manter em p\u00e9 fosse ainda maior, por\u00e9m, \u00e9 por causa dos encontros que a despedida se torna t\u00e3o importante e inesquec\u00edvel.<\/span><u><\/u><u><\/u><\/p>\n<p class=\"MsoNormal\" style=\"margin: 0px 0px 0cm; color: #222222; font-family: Arial, Helvetica, sans-serif; font-size: small; line-height: normal;\"><span style=\"font-size: 12pt; font-family: 'Times New Roman', serif;\"><u><\/u>\u00a0<u><\/u><\/span><\/p>\n<p class=\"MsoNormal\" style=\"margin: 0px 0px 0cm; color: #222222; font-family: Arial, Helvetica, sans-serif; font-size: small; text-align: justify; line-height: normal;\"><i><span style=\"font-family: Arial, sans-serif; color: black;\">\u201cToda despedida \u00e9 uma oportunidade de aprender, de recome\u00e7ar. Nem toda despedida precisa ser triste, porque para se despedir voc\u00ea precisa ter tido o privil\u00e9gio de viver aquilo que est\u00e1 indo embora. H\u00e1 amor em cada despedida, com o EP fa\u00e7o um convite para refletir sobre esses passos que mudam a nossa dire\u00e7\u00e3o. Ao se despedir voc\u00ea aceita um novo caminho, voc\u00ea abra\u00e7a o recome\u00e7o.\u201d,<\/span><\/i><span style=\"font-family: Arial, sans-serif; color: black;\">\u00a0finaliza e aconselha Vitu.<\/span><u><\/u><u><\/u><\/p>\n<p class=\"MsoNormal\" style=\"margin: 0px 0px 0cm; color: #222222; font-family: Arial, Helvetica, sans-serif; font-size: small; line-height: normal;\"><span style=\"font-size: 12pt; font-family: 'Times New Roman', serif;\"><u><\/u>\u00a0<u><\/u><\/span><\/p>\n<p class=\"MsoNormal\" style=\"margin: 0px 0px 0cm; color: #222222; font-family: Arial, Helvetica, sans-serif; font-size: small; text-align: justify; line-height: normal;\"><span style=\"font-family: Arial, sans-serif; color: black;\">O lan\u00e7amento do EP \u201cDespedida\u201d marca a entrega de um cap\u00edtulo inteiro na carreira de Vitu. O que come\u00e7ou com o clipe \u201cDeixa Sossegar\u201d (2020), um lan\u00e7amento paralelo durante a pandemia, virou o primeiro show solo, o primeiro clipe e agora, o primeiro disco solo. Vitu \u00e9 o projeto solo do vocalista e guitarrista da banda Moreati, Vitor Locatelli. Conhecidos na cena capixaba, j\u00e1 chegaram a dividir palco com nomes como My Magical Glowing Lens, The Baggios, Deb and the Mentals, Andr\u00e9 Prando, BaianaSystem, Duda Beat e Liniker.\u00a0<u><\/u><u><\/u><\/span><\/p>\n<p class=\"MsoNormal\" style=\"margin: 0px 0px 0cm; color: #222222; font-family: Arial, Helvetica, sans-serif; font-size: small; text-align: justify; line-height: normal;\"><span style=\"font-family: Arial, sans-serif; color: black;\"><u><\/u>\u00a0<u><\/u><\/span><\/p>\n<p class=\"MsoNormal\" style=\"margin: 0px 0px 0cm; color: #222222; font-family: Arial, Helvetica, sans-serif; font-size: small; text-align: center; line-height: normal;\" align=\"center\"><span style=\"font-size: 12pt; font-family: 'Times New Roman', serif;\"><img loading=\"lazy\" decoding=\"async\" id=\"m_-3122157874022743614Imagem_x0020_3\" class=\"CToWUd a6T\" style=\"cursor: pointer; outline: 0px;\" tabindex=\"0\" src=\"https:\/\/mail.google.com\/mail\/u\/1?ui=2&amp;ik=c7222086c4&amp;attid=0.2&amp;permmsgid=msg-f:1738966207670170662&amp;th=18220c8d6c96b426&amp;view=fimg&amp;fur=ip&amp;sz=s0-l75-ft&amp;attbid=ANGjdJ-HMbEtcUJN9s8RMx9sZfmd8bgQ9FKKLDmOor-R4KdLJNTN1uDZHpUa1h5ylbw9UzrR70Kai_p4vrNLF9ncuQvKKj1GSTq5Kdxwy-nXGx3xaz8tWb6FLCHGt3I&amp;disp=emb\" width=\"398\" height=\"398\" border=\"0\" data-image-whitelisted=\"\" data-bit=\"iit\" \/><\/span><u><\/u><u><\/u><\/p>\n<p class=\"MsoNormal\" style=\"margin: 0px 0px 0cm; color: #222222; font-family: Arial, Helvetica, sans-serif; font-size: small; line-height: normal;\"><span style=\"font-size: 12pt; font-family: 'Times New Roman', serif;\"><u><\/u>\u00a0<u><\/u><\/span><\/p>\n<p class=\"MsoNormal\" style=\"margin: 0px 0px 0cm; color: #222222; font-family: Arial, Helvetica, sans-serif; font-size: small; text-align: justify; line-height: normal;\"><span style=\"font-family: Arial, sans-serif; color: black;\">A ficha t\u00e9cnica traz Vitu\/Vitor Locatelli (voz, viol\u00f5es e composi\u00e7\u00f5es), Thaysa Pizzolato (teclados), Jackson Pinheiro (grava\u00e7\u00e3o de vozes e mixagem) e Xande Barcelos (masteriza\u00e7\u00e3o). As imagens de divulga\u00e7\u00e3o s\u00e3o de Luiza Grillo e Marina Melim, enquanto a capa \u00e9 uma foto de Luiza Grillo, com edi\u00e7\u00e3o de Vitor Locatelli. Os visualizers contam com Luiza Grillo (grava\u00e7\u00e3o, produ\u00e7\u00e3o, dire\u00e7\u00e3o, montagem e edi\u00e7\u00e3o), Vitor Locatelli (dire\u00e7\u00e3o, montagem e produ\u00e7\u00e3o) e Anita Ramalhete (figurino).<\/span><u><\/u><u><\/u><\/p>\n<p class=\"MsoNormal\" style=\"margin: 0px 0px 0cm; color: #222222; font-family: Arial, Helvetica, sans-serif; font-size: small; line-height: normal;\"><span style=\"font-size: 12pt; font-family: 'Times New Roman', serif;\"><u><\/u>\u00a0<u><\/u><\/span><\/p>\n<p class=\"MsoNormal\" style=\"margin: 0px 0px 0cm; color: #222222; font-family: Arial, Helvetica, sans-serif; font-size: small; text-align: justify; line-height: normal;\"><b><span style=\"font-size: 14pt; font-family: Arial, sans-serif; color: black;\">Acompanhe Vitu<\/span><\/b><u><\/u><u><\/u><\/p>\n<p class=\"MsoNormal\" style=\"margin: 0px 0px 0cm; color: #222222; font-family: Arial, Helvetica, sans-serif; font-size: small; line-height: normal;\"><span style=\"font-size: 12pt; font-family: 'Times New Roman', serif;\"><u><\/u>\u00a0<u><\/u><\/span><\/p>\n<p class=\"MsoNormal\" style=\"margin: 0px 0px 0cm; color: #222222; font-family: Arial, Helvetica, sans-serif; font-size: small; text-align: justify; line-height: normal;\"><b><span style=\"font-family: Arial, sans-serif; color: black;\">Instagram:\u00a0<\/span><\/b><span style=\"font-size: 12pt; font-family: 'Times New Roman', serif;\"><a style=\"color: #1155cc;\" href=\"https:\/\/www.instagram.com\/vitu.locatelli\/\" target=\"_blank\" rel=\"noopener noreferrer\" data-saferedirecturl=\"https:\/\/www.google.com\/url?q=https:\/\/www.instagram.com\/vitu.locatelli\/&amp;source=gmail&amp;ust=1659204601368000&amp;usg=AOvVaw3wTkB7JE54NrSEIVZzQQAz\"><span style=\"font-size: 11pt; font-family: Arial, sans-serif;\">https:\/\/www.instagram.com\/<wbr \/>vitu.locatelli\/<\/span><\/a><u><\/u><u><\/u><\/span><\/p>\n<p class=\"MsoNormal\" style=\"margin: 0px 0px 0cm; color: #222222; font-family: Arial, Helvetica, sans-serif; font-size: small; text-align: justify; line-height: normal;\"><b><span lang=\"EN-US\" style=\"font-family: Arial, sans-serif; color: black;\">Tiktok:\u00a0<\/span><\/b><span style=\"font-size: 12pt; font-family: 'Times New Roman', serif;\"><a style=\"color: #1155cc;\" href=\"https:\/\/www.tiktok.com\/@vitu.musica\" target=\"_blank\" rel=\"noopener noreferrer\" data-saferedirecturl=\"https:\/\/www.google.com\/url?q=https:\/\/www.tiktok.com\/@vitu.musica&amp;source=gmail&amp;ust=1659204601368000&amp;usg=AOvVaw3Zc9VeIn6ZKaBf6MTo8Eeg\"><span lang=\"EN-US\" style=\"font-size: 11pt; font-family: Arial, sans-serif;\">https:\/\/www.tiktok.com\/@vitu.<wbr \/>musica<\/span><\/a><\/span><u><\/u><u><\/u><\/p>\n<p class=\"MsoNormal\" style=\"margin: 0px 0px 0cm; color: #222222; font-family: Arial, Helvetica, sans-serif; font-size: small; text-align: justify; line-height: normal;\"><b><span style=\"font-family: Arial, sans-serif; color: black;\">YouTube:\u00a0<\/span><\/b><span style=\"font-size: 12pt; font-family: 'Times New Roman', serif;\"><a style=\"color: #1155cc;\" href=\"https:\/\/www.youtube.com\/vitorlocatelli\" target=\"_blank\" rel=\"noopener noreferrer\" data-saferedirecturl=\"https:\/\/www.google.com\/url?q=https:\/\/www.youtube.com\/vitorlocatelli&amp;source=gmail&amp;ust=1659204601368000&amp;usg=AOvVaw3EBp2QwU6STitgRyYpK4Cy\"><span style=\"font-size: 11pt; font-family: Arial, sans-serif;\">https:\/\/www.youtube.com\/<wbr \/>vitorlocatelli<\/span><\/a><\/span><\/p>\n","protected":false},"excerpt":{"rendered":"<p class=\"MsoNormal\" style=\"margin: 0px 0px 0cm; color: #222222; font-family: Arial, Helvetica, sans-serif; font-size: small; text-align: center; line-height: normal;\" align=\"center\"><i><span style=\"font-size: 13pt; font-family: Arial, sans-serif; color: black;\">Compacto traz quatro faixas que falam de crises, euforias e paralisias dos \u00faltimos anos<\/span><\/i><\/p>\n","protected":false},"author":3,"featured_media":0,"comment_status":"open","ping_status":"open","sticky":false,"template":"","format":"standard","meta":{"_monsterinsights_skip_tracking":false,"_monsterinsights_sitenote_active":false,"_monsterinsights_sitenote_note":"","_monsterinsights_sitenote_category":0,"footnotes":""},"categories":[35],"tags":[],"class_list":["post-451","post","type-post","status-publish","format-standard","hentry","category-business-news365"],"_links":{"self":[{"href":"https:\/\/cidadecult.com.br\/index.php?rest_route=\/wp\/v2\/posts\/451","targetHints":{"allow":["GET"]}}],"collection":[{"href":"https:\/\/cidadecult.com.br\/index.php?rest_route=\/wp\/v2\/posts"}],"about":[{"href":"https:\/\/cidadecult.com.br\/index.php?rest_route=\/wp\/v2\/types\/post"}],"author":[{"embeddable":true,"href":"https:\/\/cidadecult.com.br\/index.php?rest_route=\/wp\/v2\/users\/3"}],"replies":[{"embeddable":true,"href":"https:\/\/cidadecult.com.br\/index.php?rest_route=%2Fwp%2Fv2%2Fcomments&post=451"}],"version-history":[{"count":0,"href":"https:\/\/cidadecult.com.br\/index.php?rest_route=\/wp\/v2\/posts\/451\/revisions"}],"wp:attachment":[{"href":"https:\/\/cidadecult.com.br\/index.php?rest_route=%2Fwp%2Fv2%2Fmedia&parent=451"}],"wp:term":[{"taxonomy":"category","embeddable":true,"href":"https:\/\/cidadecult.com.br\/index.php?rest_route=%2Fwp%2Fv2%2Fcategories&post=451"},{"taxonomy":"post_tag","embeddable":true,"href":"https:\/\/cidadecult.com.br\/index.php?rest_route=%2Fwp%2Fv2%2Ftags&post=451"}],"curies":[{"name":"wp","href":"https:\/\/api.w.org\/{rel}","templated":true}]}}