{"id":4435,"date":"2024-04-11T14:44:18","date_gmt":"2024-04-11T17:44:18","guid":{"rendered":"https:\/\/cidadecult.com.br\/?p=4435"},"modified":"2024-04-11T14:44:19","modified_gmt":"2024-04-11T17:44:19","slug":"vivencias-juninas-uma-jornada-cultural-nas-escolas-do-df","status":"publish","type":"post","link":"https:\/\/cidadecult.com.br\/?p=4435","title":{"rendered":"Viv\u00eancias Juninas: Uma Jornada Cultural nas Escolas do DF"},"content":{"rendered":"\n<h3 class=\"wp-block-heading\"><\/h3>\n\n\n\n<p>O Distrito Federal est\u00e1 celebrando a rica tape\u00e7aria da cultura popular brasileira com o inovador projeto &#8220;Viv\u00eancias Juninas nas Escolas&#8221;. Esta iniciativa busca conectar estudantes das escolas p\u00fablicas de Itapu\u00e3, Parano\u00e1, S\u00e3o Sebasti\u00e3o e Varj\u00e3o com as tradicionais festas juninas, oferecendo uma verdadeira imers\u00e3o nas par\u00f3dias e dan\u00e7as que marcam esta \u00e9poca do ano.<\/p>\n\n\n\n<p>Financiado pelo Fundo de Apoio \u00e0 Cultura (FAC-DF), da Secretaria de Cultura e Economia Criativa do Distrito Federal (Secec), o projeto n\u00e3o se limita a celebrar; ele visa a valoriza\u00e7\u00e3o e preserva\u00e7\u00e3o das manifesta\u00e7\u00f5es folcl\u00f3ricas brasileiras, com foco especial na dan\u00e7a de quadrilha, que possui ra\u00edzes profundas na cultura nacional.<\/p>\n\n\n\n<p>At\u00e9 o fim de maio, os alunos ter\u00e3o a oportunidade de participar de 10 apresenta\u00e7\u00f5es de quadrilhas juninas e cinco apresenta\u00e7\u00f5es de trios de forr\u00f3, garantindo uma experi\u00eancia cultural completa. Materiais pedag\u00f3gicos tamb\u00e9m ser\u00e3o distribu\u00eddos, proporcionando um entendimento mais profundo sobre a hist\u00f3ria das festividades juninas no Distrito Federal.<\/p>\n\n\n\n<p>O idealizador do projeto, Patrese Ricardo, \u00e9 um entusiasta da cultura popular e gestor do Gr\u00eamio Recreativo Arrai\u00e1 Formiga da Ro\u00e7a. Com mais de uma d\u00e9cada de atua\u00e7\u00e3o, Patrese \u00e9 reconhecido como um dos maiores incentivadores do movimento junino no DF. &#8220;Meu desejo \u00e9 que o Viv\u00eancias envolva os estudantes com sua pr\u00f3pria cultura. Essa iniciativa \u00e9 mais do que uma s\u00e9rie de apresenta\u00e7\u00f5es; \u00e9 um convite para que os jovens fa\u00e7am parte ativa desse movimento que continua a encantar e unir pessoas por todo o mundo&#8221;, expressa Patrese.<\/p>\n\n\n\n<p>Al\u00e9m de ser um festival de cultura, o &#8220;Viv\u00eancias Juninas&#8221; \u00e9 um evento inclusivo, oferecendo tradu\u00e7\u00e3o simult\u00e2nea em Libras para garantir que todos possam participar plenamente. \u00c9 uma celebra\u00e7\u00e3o da identidade nacional, adaptada e personalizada, que transmite o encanto da cultura popular para a nova gera\u00e7\u00e3o.<\/p>\n","protected":false},"excerpt":{"rendered":"<p>O Distrito Federal est\u00e1 celebrando a rica tape\u00e7aria da cultura popular brasileira com o inovador projeto &#8220;Viv\u00eancias Juninas nas Escolas&#8221;. Esta iniciativa busca conectar estudantes das escolas p\u00fablicas de Itapu\u00e3, Parano\u00e1, S\u00e3o Sebasti\u00e3o e Varj\u00e3o com as tradicionais festas juninas, oferecendo uma verdadeira imers\u00e3o nas par\u00f3dias e dan\u00e7as que marcam esta \u00e9poca do ano. Financiado [&hellip;]<\/p>\n","protected":false},"author":777,"featured_media":4436,"comment_status":"open","ping_status":"open","sticky":false,"template":"","format":"standard","meta":{"_monsterinsights_skip_tracking":false,"_monsterinsights_sitenote_active":false,"_monsterinsights_sitenote_note":"","_monsterinsights_sitenote_category":0,"footnotes":""},"categories":[17,34,39],"tags":[439,429,403,408,431,407],"class_list":["post-4435","post","type-post","status-publish","format-standard","has-post-thumbnail","hentry","category-bsb","category-destaque","category-economics","tag-brasil-2","tag-brasilia-3","tag-cidadecult-2","tag-cultura-2","tag-distritofederal-2","tag-entreterimento"],"_links":{"self":[{"href":"https:\/\/cidadecult.com.br\/index.php?rest_route=\/wp\/v2\/posts\/4435","targetHints":{"allow":["GET"]}}],"collection":[{"href":"https:\/\/cidadecult.com.br\/index.php?rest_route=\/wp\/v2\/posts"}],"about":[{"href":"https:\/\/cidadecult.com.br\/index.php?rest_route=\/wp\/v2\/types\/post"}],"author":[{"embeddable":true,"href":"https:\/\/cidadecult.com.br\/index.php?rest_route=\/wp\/v2\/users\/777"}],"replies":[{"embeddable":true,"href":"https:\/\/cidadecult.com.br\/index.php?rest_route=%2Fwp%2Fv2%2Fcomments&post=4435"}],"version-history":[{"count":1,"href":"https:\/\/cidadecult.com.br\/index.php?rest_route=\/wp\/v2\/posts\/4435\/revisions"}],"predecessor-version":[{"id":4445,"href":"https:\/\/cidadecult.com.br\/index.php?rest_route=\/wp\/v2\/posts\/4435\/revisions\/4445"}],"wp:featuredmedia":[{"embeddable":true,"href":"https:\/\/cidadecult.com.br\/index.php?rest_route=\/wp\/v2\/media\/4436"}],"wp:attachment":[{"href":"https:\/\/cidadecult.com.br\/index.php?rest_route=%2Fwp%2Fv2%2Fmedia&parent=4435"}],"wp:term":[{"taxonomy":"category","embeddable":true,"href":"https:\/\/cidadecult.com.br\/index.php?rest_route=%2Fwp%2Fv2%2Fcategories&post=4435"},{"taxonomy":"post_tag","embeddable":true,"href":"https:\/\/cidadecult.com.br\/index.php?rest_route=%2Fwp%2Fv2%2Ftags&post=4435"}],"curies":[{"name":"wp","href":"https:\/\/api.w.org\/{rel}","templated":true}]}}