{"id":4404,"date":"2024-04-09T20:22:30","date_gmt":"2024-04-09T23:22:30","guid":{"rendered":"https:\/\/cidadecult.com.br\/?p=4404"},"modified":"2024-04-09T20:22:32","modified_gmt":"2024-04-09T23:22:32","slug":"9-de-abril-eid-al-fitr-a-celebracao-do-fim-do-ramada","status":"publish","type":"post","link":"https:\/\/cidadecult.com.br\/?p=4404","title":{"rendered":"9 de abril: Eid al-Fitr: A Celebra\u00e7\u00e3o do fim do Ramad\u00e3"},"content":{"rendered":"\n<h3 class=\"wp-block-heading\"><\/h3>\n\n\n\n<p>O Eid al-Fitr marca o fim do Ramad\u00e3, o m\u00eas sagrado de jejum para os mu\u00e7ulmanos ao redor do mundo. \u00c9 um momento de alegria, onde as comunidades se re\u00fanem para celebrar a conclus\u00e3o de um per\u00edodo de reflex\u00e3o espiritual e autodisciplina. A data \u00e9 determinada pela observa\u00e7\u00e3o lunar, variando a cada ano. As festividades incluem ora\u00e7\u00f5es especiais, refei\u00e7\u00f5es compartilhadas, e a doa\u00e7\u00e3o de caridade, conhecida como Zakat al-Fitr, para ajudar aqueles em necessidade.<\/p>\n","protected":false},"excerpt":{"rendered":"<p>O Eid al-Fitr marca o fim do Ramad\u00e3, o m\u00eas sagrado de jejum para os mu\u00e7ulmanos ao redor do mundo. \u00c9 um momento de alegria, onde as comunidades se re\u00fanem para celebrar a conclus\u00e3o de um per\u00edodo de reflex\u00e3o espiritual e autodisciplina. A data \u00e9 determinada pela observa\u00e7\u00e3o lunar, variando a cada ano. As festividades [&hellip;]<\/p>\n","protected":false},"author":3,"featured_media":4405,"comment_status":"open","ping_status":"open","sticky":false,"template":"","format":"standard","meta":{"_monsterinsights_skip_tracking":false,"_monsterinsights_sitenote_active":false,"_monsterinsights_sitenote_note":"","_monsterinsights_sitenote_category":0,"footnotes":""},"categories":[39],"tags":[],"class_list":["post-4404","post","type-post","status-publish","format-standard","has-post-thumbnail","hentry","category-economics"],"_links":{"self":[{"href":"https:\/\/cidadecult.com.br\/index.php?rest_route=\/wp\/v2\/posts\/4404","targetHints":{"allow":["GET"]}}],"collection":[{"href":"https:\/\/cidadecult.com.br\/index.php?rest_route=\/wp\/v2\/posts"}],"about":[{"href":"https:\/\/cidadecult.com.br\/index.php?rest_route=\/wp\/v2\/types\/post"}],"author":[{"embeddable":true,"href":"https:\/\/cidadecult.com.br\/index.php?rest_route=\/wp\/v2\/users\/3"}],"replies":[{"embeddable":true,"href":"https:\/\/cidadecult.com.br\/index.php?rest_route=%2Fwp%2Fv2%2Fcomments&post=4404"}],"version-history":[{"count":1,"href":"https:\/\/cidadecult.com.br\/index.php?rest_route=\/wp\/v2\/posts\/4404\/revisions"}],"predecessor-version":[{"id":4406,"href":"https:\/\/cidadecult.com.br\/index.php?rest_route=\/wp\/v2\/posts\/4404\/revisions\/4406"}],"wp:featuredmedia":[{"embeddable":true,"href":"https:\/\/cidadecult.com.br\/index.php?rest_route=\/wp\/v2\/media\/4405"}],"wp:attachment":[{"href":"https:\/\/cidadecult.com.br\/index.php?rest_route=%2Fwp%2Fv2%2Fmedia&parent=4404"}],"wp:term":[{"taxonomy":"category","embeddable":true,"href":"https:\/\/cidadecult.com.br\/index.php?rest_route=%2Fwp%2Fv2%2Fcategories&post=4404"},{"taxonomy":"post_tag","embeddable":true,"href":"https:\/\/cidadecult.com.br\/index.php?rest_route=%2Fwp%2Fv2%2Ftags&post=4404"}],"curies":[{"name":"wp","href":"https:\/\/api.w.org\/{rel}","templated":true}]}}