{"id":4351,"date":"2024-05-14T12:04:16","date_gmt":"2024-05-14T15:04:16","guid":{"rendered":"https:\/\/cidadecult.com.br\/?p=4351"},"modified":"2024-05-14T12:04:19","modified_gmt":"2024-05-14T15:04:19","slug":"santa-maria-vibra-com-tributo-ao-forro","status":"publish","type":"post","link":"https:\/\/cidadecult.com.br\/?p=4351","title":{"rendered":"Santa Maria vibra com Tributo ao forr\u00f3."},"content":{"rendered":"\n<h3 class=\"wp-block-heading\"><\/h3>\n\n\n\n<p>A Feira Permanente de Santa Maria se transformar\u00e1 em um palco vibrante da cultura nordestina neste domingo, 07 de abril, com a realiza\u00e7\u00e3o do Tributo ao Forr\u00f3. Organizado pela Associa\u00e7\u00e3o dos Forrozeiros do Distrito Federal (ASFORR\u00d3 &#8211; DF) e apoiado pelo Minist\u00e9rio da Cultura, o evento promete uma celebra\u00e7\u00e3o memor\u00e1vel das ra\u00edzes do forr\u00f3, ritmo que \u00e9 cora\u00e7\u00e3o e alma do Nordeste brasileiro.<\/p>\n\n\n\n<p>A partir das 10h, os visitantes ter\u00e3o a oportunidade de se deleitar com performances ao vivo de trios forrozeiros renomados, tais como Trio Campo Alegre, Trio Sirid\u00f3, Trio Xamego Bom, Paulinho do Forr\u00f3, Trio Balan\u00e7ado e o esperado show de Nilson Freire e S\u00f3 P\u00e9 de Serra. Esses artistas trar\u00e3o ao p\u00fablico os cl\u00e1ssicos que consagraram o forr\u00f3 como patrim\u00f4nio imaterial da cultura brasileira.<\/p>\n\n\n\n<p>Marques C\u00e9lio, presidente da ASFORR\u00d3 &#8211; DF, destaca a import\u00e2ncia de homenagear um g\u00eanero que n\u00e3o apenas faz parte da identidade cultural brasileira, mas tamb\u00e9m celebra as can\u00e7\u00f5es que marcaram a hist\u00f3ria da m\u00fasica nordestina. Segundo ele, &#8220;o forr\u00f3 foi registrado o maior g\u00eanero cultural da m\u00fasica brasileira e precisa chegar ao p\u00fablico acompanhado dos grandes sucessos&#8221;.<\/p>\n\n\n\n<p>Al\u00e9m das apresenta\u00e7\u00f5es musicais, o Tributo ao Forr\u00f3 oferece uma exposi\u00e7\u00e3o que inclui os instrumentos caracter\u00edsticos do g\u00eanero e a indument\u00e1ria que Luiz Gonzaga, o Rei do Bai\u00e3o, popularizou. Esta \u00e9 uma oportunidade imperd\u00edvel para os amantes da m\u00fasica e aqueles interessados em aprofundar seu conhecimento sobre a rica cultura nordestina.<\/p>\n\n\n\n<p><strong>Servi\u00e7o:<\/strong><\/p>\n\n\n\n<ul class=\"wp-block-list\">\n<li><strong>Evento:<\/strong> Tributo ao Forr\u00f3 na Feira Permanente de Santa Maria<\/li>\n\n\n\n<li><strong>Data e Hor\u00e1rio:<\/strong> Domingo, 07 de abril, das 10h \u00e0s 15h<\/li>\n\n\n\n<li><strong>Local:<\/strong> Feira Permanente de Santa Maria<\/li>\n\n\n\n<li><strong>Entrada:<\/strong> Gratuita<\/li>\n\n\n\n<li><strong>Classifica\u00e7\u00e3o Indicativa:<\/strong> Livre para todos os p\u00fablicos<\/li>\n\n\n\n<li><strong>Mais informa\u00e7\u00f5es:<\/strong> <a href=\"https:\/\/www.instagram.com\/asforrodf\">Instagram ASFORR\u00d3 &#8211; DF<\/a><\/li>\n<\/ul>\n\n\n\n<p>Este evento gratuito \u00e9 uma excelente oportunidade para toda a fam\u00edlia desfrutar de um dia ao som do aut\u00eantico forr\u00f3 p\u00e9 de serra, mergulhando nas ra\u00edzes musicais do Brasil.<\/p>\n","protected":false},"excerpt":{"rendered":"<p>A Feira Permanente de Santa Maria se transformar\u00e1 em um palco vibrante da cultura nordestina neste domingo, 07 de abril, com a realiza\u00e7\u00e3o do Tributo ao Forr\u00f3. Organizado pela Associa\u00e7\u00e3o dos Forrozeiros do Distrito Federal (ASFORR\u00d3 &#8211; DF) e apoiado pelo Minist\u00e9rio da Cultura, o evento promete uma celebra\u00e7\u00e3o memor\u00e1vel das ra\u00edzes do forr\u00f3, ritmo [&hellip;]<\/p>\n","protected":false},"author":777,"featured_media":4352,"comment_status":"open","ping_status":"open","sticky":false,"template":"","format":"standard","meta":{"_monsterinsights_skip_tracking":false,"_monsterinsights_sitenote_active":false,"_monsterinsights_sitenote_note":"","_monsterinsights_sitenote_category":0,"footnotes":""},"categories":[41,6],"tags":[978,95,979,977],"class_list":["post-4351","post","type-post","status-publish","format-standard","has-post-thumbnail","hentry","category-agenda","category-music","tag-forro","tag-musica","tag-santa-maria","tag-trio-sirido"],"_links":{"self":[{"href":"https:\/\/cidadecult.com.br\/index.php?rest_route=\/wp\/v2\/posts\/4351","targetHints":{"allow":["GET"]}}],"collection":[{"href":"https:\/\/cidadecult.com.br\/index.php?rest_route=\/wp\/v2\/posts"}],"about":[{"href":"https:\/\/cidadecult.com.br\/index.php?rest_route=\/wp\/v2\/types\/post"}],"author":[{"embeddable":true,"href":"https:\/\/cidadecult.com.br\/index.php?rest_route=\/wp\/v2\/users\/777"}],"replies":[{"embeddable":true,"href":"https:\/\/cidadecult.com.br\/index.php?rest_route=%2Fwp%2Fv2%2Fcomments&post=4351"}],"version-history":[{"count":2,"href":"https:\/\/cidadecult.com.br\/index.php?rest_route=\/wp\/v2\/posts\/4351\/revisions"}],"predecessor-version":[{"id":4357,"href":"https:\/\/cidadecult.com.br\/index.php?rest_route=\/wp\/v2\/posts\/4351\/revisions\/4357"}],"wp:featuredmedia":[{"embeddable":true,"href":"https:\/\/cidadecult.com.br\/index.php?rest_route=\/wp\/v2\/media\/4352"}],"wp:attachment":[{"href":"https:\/\/cidadecult.com.br\/index.php?rest_route=%2Fwp%2Fv2%2Fmedia&parent=4351"}],"wp:term":[{"taxonomy":"category","embeddable":true,"href":"https:\/\/cidadecult.com.br\/index.php?rest_route=%2Fwp%2Fv2%2Fcategories&post=4351"},{"taxonomy":"post_tag","embeddable":true,"href":"https:\/\/cidadecult.com.br\/index.php?rest_route=%2Fwp%2Fv2%2Ftags&post=4351"}],"curies":[{"name":"wp","href":"https:\/\/api.w.org\/{rel}","templated":true}]}}