{"id":4299,"date":"2024-04-03T11:01:05","date_gmt":"2024-04-03T14:01:05","guid":{"rendered":"https:\/\/cidadecult.com.br\/?p=4299"},"modified":"2024-04-03T11:01:06","modified_gmt":"2024-04-03T14:01:06","slug":"projeto-arte-na-rua-riacho-em-movimento-oferece-oficinas-gratuitas-na-vila-dos-cegos","status":"publish","type":"post","link":"https:\/\/cidadecult.com.br\/?p=4299","title":{"rendered":"Projeto &#8216;Arte na Rua &#8211; Riacho em Movimento&#8217; oferece oficinas gratuitas na Vila dos Cegos"},"content":{"rendered":"\n<p><em>Foto\/divulga\u00e7\u00e3o<\/em><\/p>\n\n\n\n<p>O projeto &#8216;Arte na Rua &#8211; Riacho em Movimento&#8217; est\u00e1 trazendo uma oportunidade \u00fanica para crian\u00e7as e adolescentes do Riacho Fundo II. Com aulas gratuitas de capoeira, maculel\u00ea e ballet, o projeto visa promover acesso \u00e0 cultura e proporcionar uma experi\u00eancia enriquecedora para a comunidade local. As inscri\u00e7\u00f5es j\u00e1 est\u00e3o abertas e as aulas come\u00e7ar\u00e3o em breve.<\/p>\n\n\n\n<p>A Escola Cultural Capoeira Fio da Navalha, com o apoio do Fundo de Apoio \u00e0 Cultura do Distrito Federal (FAC), est\u00e1 lan\u00e7ando uma temporada de oficinas de forma\u00e7\u00e3o que atender\u00e1 100 jovens da regi\u00e3o. Localizadas na QN16 do Riacho Fundo II, na conhecida Vila dos Cegos, as aulas ser\u00e3o ministradas em um espa\u00e7o especialmente adaptado para pessoas com defici\u00eancia ou mobilidade reduzida.<\/p>\n\n\n\n<p>As op\u00e7\u00f5es de aulas incluem capoeira, maculel\u00ea e ballet, oferecendo uma variedade de atividades culturais e art\u00edsticas para os participantes. O projeto n\u00e3o se limita a atender apenas pessoas com defici\u00eancia visual, mas busca incluir todos os jovens da regi\u00e3o, independentemente de suas habilidades ou condi\u00e7\u00f5es f\u00edsicas.<\/p>\n\n\n\n<p>O cronograma das aulas \u00e9 flex\u00edvel para garantir a participa\u00e7\u00e3o do maior n\u00famero poss\u00edvel de interessados. Nas quintas-feiras, as aulas de capoeira ser\u00e3o realizadas \u00e0s 20h. Nos s\u00e1bados, a programa\u00e7\u00e3o inclui ballet \u00e0s 9h, maculel\u00ea \u00e0s 10h e capoeira \u00e0s 11h.<\/p>\n\n\n\n<p>O grupo de cultura popular Fio da Navalha, com 12 anos de experi\u00eancia em projetos socioculturais, est\u00e1 liderando essa iniciativa. Eles t\u00eam como objetivo elevar a autoestima, promover o senso de pertencimento e oferecer oportunidades de profissionaliza\u00e7\u00e3o atrav\u00e9s da arte e da cultura popular.<\/p>\n\n\n\n<p><strong>Informa\u00e7\u00f5es<\/strong>: <\/p>\n\n\n\n<ul class=\"wp-block-list\">\n<li>In\u00edcio das aulas: 6 de abril<\/li>\n\n\n\n<li>Inscri\u00e7\u00f5es: Presencialmente ou pelo telefone 61 99820-4897<\/li>\n\n\n\n<li>Local: QN 16, conj 12, lote 15, sala 103 &#8211; Riacho Fundo II<\/li>\n\n\n\n<li>Oficinas e inscri\u00e7\u00f5es gratuitas<\/li>\n<\/ul>\n\n\n\n<p>O projeto &#8216;Arte na Rua &#8211; Riacho em Movimento&#8217; representa uma oportunidade imperd\u00edvel para jovens da regi\u00e3o do Riacho Fundo II se envolverem em atividades culturais e art\u00edsticas enriquecedoras. Com aulas gratuitas de capoeira, maculel\u00ea e ballet, o projeto visa promover inclus\u00e3o, acesso \u00e0 cultura e desenvolvimento pessoal. N\u00e3o perca essa chance \u00fanica de participar! As inscri\u00e7\u00f5es est\u00e3o abertas, ent\u00e3o reserve seu lugar agora mesmo !. <\/p>\n","protected":false},"excerpt":{"rendered":"<p>Foto\/divulga\u00e7\u00e3o O projeto &#8216;Arte na Rua &#8211; Riacho em Movimento&#8217; est\u00e1 trazendo uma oportunidade \u00fanica para crian\u00e7as e adolescentes do Riacho Fundo II. Com aulas gratuitas de capoeira, maculel\u00ea e ballet, o projeto visa promover acesso \u00e0 cultura e proporcionar uma experi\u00eancia enriquecedora para a comunidade local. As inscri\u00e7\u00f5es j\u00e1 est\u00e3o abertas e as aulas [&hellip;]<\/p>\n","protected":false},"author":1441,"featured_media":4300,"comment_status":"open","ping_status":"open","sticky":false,"template":"","format":"standard","meta":{"_monsterinsights_skip_tracking":false,"_monsterinsights_sitenote_active":false,"_monsterinsights_sitenote_note":"","_monsterinsights_sitenote_category":0,"footnotes":""},"categories":[41,17,34,39,290,3,35,43],"tags":[934,405,932,429,403,423,408,431,407,570,933],"class_list":["post-4299","post","type-post","status-publish","format-standard","has-post-thumbnail","hentry","category-agenda","category-bsb","category-destaque","category-economics","category-educacao","category-entertainment","category-business-news365","category-releases","tag-abrilprogramacao","tag-arte-2","tag-artenarua","tag-brasilia-3","tag-cidadecult-2","tag-cidadecultpordentro-2","tag-cultura-2","tag-distritofederal-2","tag-entreterimento","tag-fac-2","tag-riachofundoii"],"_links":{"self":[{"href":"https:\/\/cidadecult.com.br\/index.php?rest_route=\/wp\/v2\/posts\/4299","targetHints":{"allow":["GET"]}}],"collection":[{"href":"https:\/\/cidadecult.com.br\/index.php?rest_route=\/wp\/v2\/posts"}],"about":[{"href":"https:\/\/cidadecult.com.br\/index.php?rest_route=\/wp\/v2\/types\/post"}],"author":[{"embeddable":true,"href":"https:\/\/cidadecult.com.br\/index.php?rest_route=\/wp\/v2\/users\/1441"}],"replies":[{"embeddable":true,"href":"https:\/\/cidadecult.com.br\/index.php?rest_route=%2Fwp%2Fv2%2Fcomments&post=4299"}],"version-history":[{"count":1,"href":"https:\/\/cidadecult.com.br\/index.php?rest_route=\/wp\/v2\/posts\/4299\/revisions"}],"predecessor-version":[{"id":4301,"href":"https:\/\/cidadecult.com.br\/index.php?rest_route=\/wp\/v2\/posts\/4299\/revisions\/4301"}],"wp:featuredmedia":[{"embeddable":true,"href":"https:\/\/cidadecult.com.br\/index.php?rest_route=\/wp\/v2\/media\/4300"}],"wp:attachment":[{"href":"https:\/\/cidadecult.com.br\/index.php?rest_route=%2Fwp%2Fv2%2Fmedia&parent=4299"}],"wp:term":[{"taxonomy":"category","embeddable":true,"href":"https:\/\/cidadecult.com.br\/index.php?rest_route=%2Fwp%2Fv2%2Fcategories&post=4299"},{"taxonomy":"post_tag","embeddable":true,"href":"https:\/\/cidadecult.com.br\/index.php?rest_route=%2Fwp%2Fv2%2Ftags&post=4299"}],"curies":[{"name":"wp","href":"https:\/\/api.w.org\/{rel}","templated":true}]}}