{"id":4247,"date":"2024-04-02T17:25:23","date_gmt":"2024-04-02T20:25:23","guid":{"rendered":"https:\/\/cidadecult.com.br\/?p=4247"},"modified":"2024-04-02T17:25:25","modified_gmt":"2024-04-02T20:25:25","slug":"evento-especial-cuidando-de-quem-cuida-palestra-com-rossandro-klinjey","status":"publish","type":"post","link":"https:\/\/cidadecult.com.br\/?p=4247","title":{"rendered":"Evento Especial: &#8220;Cuidando de Quem Cuida&#8221; &#8211; Palestra com Rossandro Klinjey"},"content":{"rendered":"\n<p><em>Foto\/divulga\u00e7\u00e3o<\/em><\/p>\n\n\n\n<p>A Cidade Cult tem o prazer de apresentar o evento &#8220;Cuidando de Quem Cuida&#8221;, uma palestra especial com o renomado psic\u00f3logo e escritor Rossandro Klinjey. Organizado pela Secretaria de Educa\u00e7\u00e3o do Distrito Federal (SEEDF), este evento \u00e9 uma iniciativa voltada para o bem-estar e a sa\u00fade mental dos profissionais da educa\u00e7\u00e3o.<\/p>\n\n\n\n<p>Nesta palestra \u00fanica, Rossandro Klinjey compartilhar\u00e1 insights valiosos sobre o cuidado com a sa\u00fade mental e o bem-estar dos profissionais da Educa\u00e7\u00e3o. Com uma abordagem pr\u00e1tica e inspiradora, ele oferecer\u00e1 orienta\u00e7\u00f5es e estrat\u00e9gias para lidar com os desafios da profiss\u00e3o e promover um ambiente saud\u00e1vel tanto para os educadores quanto para os alunos.<\/p>\n\n\n\n<p>Rossandro Klinjey \u00e9 um psic\u00f3logo, professor, palestrante, escritor e consultor em Educa\u00e7\u00e3o e Desenvolvimento Humano. Com sua vasta experi\u00eancia e conhecimento, ele tem impactado positivamente a vida de milhares de pessoas ao redor do mundo.<\/p>\n\n\n\n<p><strong>Detalhes do evento:<\/strong><\/p>\n\n\n\n<ul class=\"wp-block-list\">\n<li><strong>Amanh\u00e3 <\/strong>dia 2 de abril<\/li>\n\n\n\n<li><strong>Hor\u00e1rio:<\/strong> 19h30<\/li>\n\n\n\n<li><strong>Local:<\/strong> Teatro Pedro Calmon \u2013 Avenida do Ex\u00e9rcito, Setor Militar Urbano, Bras\u00edlia (DF).<\/li>\n<\/ul>\n\n\n\n<p>N\u00e3o perca esta oportunidade \u00fanica de cuidar da sua sa\u00fade mental e aprender com um dos maiores especialistas do pa\u00eds. Junte-se a n\u00f3s para uma noite de inspira\u00e7\u00e3o, aprendizado e reflex\u00e3o.<\/p>\n\n\n\n<p>As <strong>inscri\u00e7\u00f5es<\/strong> s\u00e3o gratuitas e podem ser feitas atrav\u00e9s do site da <a href=\"https:\/\/www.educacao.df.gov.br\/\" target=\"_blank\" rel=\"noopener\" title=\"SEEDF\">SEEDF<\/a>. Participe deste evento transformador e fa\u00e7a parte deste movimento em prol da sa\u00fade mental na Educa\u00e7\u00e3o!<\/p>\n\n\n\n<p>Junte-se a n\u00f3s e vamos cuidar de quem cuida!<\/p>\n\n\n\n<p><\/p>\n","protected":false},"excerpt":{"rendered":"<p>Foto\/divulga\u00e7\u00e3o A Cidade Cult tem o prazer de apresentar o evento &#8220;Cuidando de Quem Cuida&#8221;, uma palestra especial com o renomado psic\u00f3logo e escritor Rossandro Klinjey. Organizado pela Secretaria de Educa\u00e7\u00e3o do Distrito Federal (SEEDF), este evento \u00e9 uma iniciativa voltada para o bem-estar e a sa\u00fade mental dos profissionais da educa\u00e7\u00e3o. Nesta palestra \u00fanica, [&hellip;]<\/p>\n","protected":false},"author":1441,"featured_media":4248,"comment_status":"open","ping_status":"open","sticky":false,"template":"","format":"standard","meta":{"_monsterinsights_skip_tracking":false,"_monsterinsights_sitenote_active":false,"_monsterinsights_sitenote_note":"","_monsterinsights_sitenote_category":0,"footnotes":""},"categories":[41,17,34,290,3,43],"tags":[403,423,777,890,891,892],"class_list":["post-4247","post","type-post","status-publish","format-standard","has-post-thumbnail","hentry","category-agenda","category-bsb","category-destaque","category-educacao","category-entertainment","category-releases","tag-cidadecult-2","tag-cidadecultpordentro-2","tag-evento","tag-palestra","tag-rossandroklinjey","tag-seedf"],"_links":{"self":[{"href":"https:\/\/cidadecult.com.br\/index.php?rest_route=\/wp\/v2\/posts\/4247","targetHints":{"allow":["GET"]}}],"collection":[{"href":"https:\/\/cidadecult.com.br\/index.php?rest_route=\/wp\/v2\/posts"}],"about":[{"href":"https:\/\/cidadecult.com.br\/index.php?rest_route=\/wp\/v2\/types\/post"}],"author":[{"embeddable":true,"href":"https:\/\/cidadecult.com.br\/index.php?rest_route=\/wp\/v2\/users\/1441"}],"replies":[{"embeddable":true,"href":"https:\/\/cidadecult.com.br\/index.php?rest_route=%2Fwp%2Fv2%2Fcomments&post=4247"}],"version-history":[{"count":1,"href":"https:\/\/cidadecult.com.br\/index.php?rest_route=\/wp\/v2\/posts\/4247\/revisions"}],"predecessor-version":[{"id":4249,"href":"https:\/\/cidadecult.com.br\/index.php?rest_route=\/wp\/v2\/posts\/4247\/revisions\/4249"}],"wp:featuredmedia":[{"embeddable":true,"href":"https:\/\/cidadecult.com.br\/index.php?rest_route=\/wp\/v2\/media\/4248"}],"wp:attachment":[{"href":"https:\/\/cidadecult.com.br\/index.php?rest_route=%2Fwp%2Fv2%2Fmedia&parent=4247"}],"wp:term":[{"taxonomy":"category","embeddable":true,"href":"https:\/\/cidadecult.com.br\/index.php?rest_route=%2Fwp%2Fv2%2Fcategories&post=4247"},{"taxonomy":"post_tag","embeddable":true,"href":"https:\/\/cidadecult.com.br\/index.php?rest_route=%2Fwp%2Fv2%2Ftags&post=4247"}],"curies":[{"name":"wp","href":"https:\/\/api.w.org\/{rel}","templated":true}]}}