{"id":4216,"date":"2024-03-28T09:36:20","date_gmt":"2024-03-28T12:36:20","guid":{"rendered":"https:\/\/cidadecult.com.br\/?p=4216"},"modified":"2024-03-28T09:36:22","modified_gmt":"2024-03-28T12:36:22","slug":"escola-de-musica-de-brasilia-promove-atividades-educativas-sobre-cuidados-auditivos-em-parceria-com-a-secretaria-de-saude-e-a-unb","status":"publish","type":"post","link":"https:\/\/cidadecult.com.br\/?p=4216","title":{"rendered":"Escola de M\u00fasica de Bras\u00edlia promove atividades educativas sobre cuidados auditivos em parceria com a Secretaria de Sa\u00fade e a UnB"},"content":{"rendered":"\n<p><em>Foto: Ualisson Noronha<\/em><\/p>\n\n\n\n<p>A Escola de M\u00fasica de Bras\u00edlia (EMB) foi palco de uma importante iniciativa voltada para a sa\u00fade auditiva dos m\u00fasicos, promovida em colabora\u00e7\u00e3o com a Secretaria de Sa\u00fade do Distrito Federal e a Universidade de Bras\u00edlia (UnB). Atrav\u00e9s de palestras e atividades educativas, o evento visou conscientizar alunos e professores sobre os riscos da exposi\u00e7\u00e3o cont\u00ednua a ru\u00eddos intensos e a import\u00e2ncia da preven\u00e7\u00e3o da perda auditiva induzida por ru\u00eddo (PAIR).<\/p>\n\n\n\n<p><br>No ambiente de trabalho dos m\u00fasicos, a exposi\u00e7\u00e3o constante a ru\u00eddos intensos representa um grande risco \u00e0 sa\u00fade auditiva. Para abordar essa quest\u00e3o crucial, o Centro de Refer\u00eancia em Sa\u00fade do Trabalhador (CEREST) da Secretaria de Sa\u00fade do Distrito Federal, em parceria com a Faculdade de Ci\u00eancias da Sa\u00fade da UnB, organizou uma s\u00e9rie de palestras e atividades na Escola de M\u00fasica de Bras\u00edlia.<\/p>\n\n\n\n<p>Durante o evento, os participantes tiveram a oportunidade de entender melhor os cuidados necess\u00e1rios para preservar a audi\u00e7\u00e3o e aprender sobre os sinais de alerta relacionados \u00e0 perda auditiva induzida por ru\u00eddo. A professora de musicaliza\u00e7\u00e3o infantil, Patr\u00edcia Tavares, enfatizou a import\u00e2ncia da audi\u00e7\u00e3o como uma ferramenta fundamental para os m\u00fasicos e destacou a necessidade de conscientiza\u00e7\u00e3o desde cedo sobre a prote\u00e7\u00e3o auditiva.<\/p>\n\n\n\n<p>O Cerest, que tem como miss\u00e3o melhorar ambientes, processos e condi\u00e7\u00f5es de trabalho, concentrou esfor\u00e7os na preven\u00e7\u00e3o da Pair, considerada um dos agravos mais frequentes \u00e0 sa\u00fade dos trabalhadores. A diretora de Sa\u00fade do Trabalhador da SES-DF, Elaine Morelo, ressaltou a import\u00e2ncia da parceria com a Escola de M\u00fasica de Bras\u00edlia para promover a conscientiza\u00e7\u00e3o e a preven\u00e7\u00e3o dessa condi\u00e7\u00e3o entre os m\u00fasicos.<\/p>\n\n\n\n<p>As atividades educativas realizadas coincidiram com o Dia Mundial da Audi\u00e7\u00e3o, celebrado em 3 de mar\u00e7o, e contaram com a participa\u00e7\u00e3o dos integrantes do projeto de extens\u00e3o Sa\u00fade do Trabalho \u2013 Atua\u00e7\u00e3o, Educa\u00e7\u00e3o, A\u00e7\u00e3o da UnB. A coordenadora do projeto, Thais de Oliveira, enfatizou a import\u00e2ncia de unir esfor\u00e7os para promover a sa\u00fade auditiva dos trabalhadores no Distrito Federal.<\/p>\n\n\n\n<p>A iniciativa promovida pela Escola de M\u00fasica de Bras\u00edlia em parceria com a Secretaria de Sa\u00fade e a UnB demonstra o compromisso com a sa\u00fade e o bem-estar dos m\u00fasicos, ressaltando a import\u00e2ncia da conscientiza\u00e7\u00e3o e preven\u00e7\u00e3o da perda auditiva induzida por ru\u00eddo. Por meio de palestras e atividades educativas, os participantes foram capacitados a adotar pr\u00e1ticas seguras para preservar sua audi\u00e7\u00e3o e garantir uma carreira musical saud\u00e1vel e sustent\u00e1vel.<\/p>\n","protected":false},"excerpt":{"rendered":"<p>Foto: Ualisson Noronha A Escola de M\u00fasica de Bras\u00edlia (EMB) foi palco de uma importante iniciativa voltada para a sa\u00fade auditiva dos m\u00fasicos, promovida em colabora\u00e7\u00e3o com a Secretaria de Sa\u00fade do Distrito Federal e a Universidade de Bras\u00edlia (UnB). Atrav\u00e9s de palestras e atividades educativas, o evento visou conscientizar alunos e professores sobre os [&hellip;]<\/p>\n","protected":false},"author":1441,"featured_media":4217,"comment_status":"open","ping_status":"open","sticky":false,"template":"","format":"standard","meta":{"_monsterinsights_skip_tracking":false,"_monsterinsights_sitenote_active":false,"_monsterinsights_sitenote_note":"","_monsterinsights_sitenote_category":0,"footnotes":""},"categories":[49,17,34,6,43,38,57],"tags":[429,848,403,423,431,845,578,847,846,801],"class_list":["post-4216","post","type-post","status-publish","format-standard","has-post-thumbnail","hentry","category-artigos","category-bsb","category-destaque","category-music","category-releases","category-health-2","category-sororidade","tag-brasilia-3","tag-cerest","tag-cidadecult-2","tag-cidadecultpordentro-2","tag-distritofederal-2","tag-emb","tag-marco","tag-pair","tag-secretariadasaude","tag-unb-2"],"_links":{"self":[{"href":"https:\/\/cidadecult.com.br\/index.php?rest_route=\/wp\/v2\/posts\/4216","targetHints":{"allow":["GET"]}}],"collection":[{"href":"https:\/\/cidadecult.com.br\/index.php?rest_route=\/wp\/v2\/posts"}],"about":[{"href":"https:\/\/cidadecult.com.br\/index.php?rest_route=\/wp\/v2\/types\/post"}],"author":[{"embeddable":true,"href":"https:\/\/cidadecult.com.br\/index.php?rest_route=\/wp\/v2\/users\/1441"}],"replies":[{"embeddable":true,"href":"https:\/\/cidadecult.com.br\/index.php?rest_route=%2Fwp%2Fv2%2Fcomments&post=4216"}],"version-history":[{"count":1,"href":"https:\/\/cidadecult.com.br\/index.php?rest_route=\/wp\/v2\/posts\/4216\/revisions"}],"predecessor-version":[{"id":4218,"href":"https:\/\/cidadecult.com.br\/index.php?rest_route=\/wp\/v2\/posts\/4216\/revisions\/4218"}],"wp:featuredmedia":[{"embeddable":true,"href":"https:\/\/cidadecult.com.br\/index.php?rest_route=\/wp\/v2\/media\/4217"}],"wp:attachment":[{"href":"https:\/\/cidadecult.com.br\/index.php?rest_route=%2Fwp%2Fv2%2Fmedia&parent=4216"}],"wp:term":[{"taxonomy":"category","embeddable":true,"href":"https:\/\/cidadecult.com.br\/index.php?rest_route=%2Fwp%2Fv2%2Fcategories&post=4216"},{"taxonomy":"post_tag","embeddable":true,"href":"https:\/\/cidadecult.com.br\/index.php?rest_route=%2Fwp%2Fv2%2Ftags&post=4216"}],"curies":[{"name":"wp","href":"https:\/\/api.w.org\/{rel}","templated":true}]}}