{"id":4210,"date":"2024-03-27T11:40:34","date_gmt":"2024-03-27T14:40:34","guid":{"rendered":"https:\/\/cidadecult.com.br\/?p=4210"},"modified":"2024-03-27T11:40:35","modified_gmt":"2024-03-27T14:40:35","slug":"explore-sua-criatividade-concurso-brasilia-em-foto-esta-de-volta","status":"publish","type":"post","link":"https:\/\/cidadecult.com.br\/?p=4210","title":{"rendered":"Explore sua criatividade: concurso &#8220;Bras\u00edlia em Foto&#8221; est\u00e1 de volta!"},"content":{"rendered":"\n<p><em>Foto\/divulga\u00e7\u00e3o<\/em><\/p>\n\n\n\n<p>Bras\u00edlia, nossa capital, \u00e9 uma fonte inesgot\u00e1vel de inspira\u00e7\u00e3o, e agora \u00e9 a sua chance de capturar sua ess\u00eancia em uma fotografia! O concurso &#8220;Bras\u00edlia em Foto&#8221; est\u00e1 aberto para os servidores e empregados p\u00fablicos do Governo do Distrito Federal (GDF), trazendo uma oportunidade \u00fanica de celebrar nossa cidade atrav\u00e9s das lentes da sua c\u00e2mera.<\/p>\n\n\n\n<p><strong>Detalhes do concurso:<\/strong><\/p>\n\n\n\n<ul class=\"wp-block-list\">\n<li><strong>Datas de Inscri\u00e7\u00e3o:<\/strong> De hoje, 27 de mar\u00e7o, at\u00e9 7 de abril, voc\u00ea pode enviar sua fotografia que melhor represente a beleza, a cultura e a diversidade de Bras\u00edlia.<\/li>\n\n\n\n<li><strong>Premia\u00e7\u00e3o:<\/strong> As fotografias vencedoras ter\u00e3o destaque em uma exposi\u00e7\u00e3o especial no Espa\u00e7o Qualidade de Vida, no cora\u00e7\u00e3o da capital, al\u00e9m de serem destacadas em nosso perfil oficial no Instagram, alcan\u00e7ando uma audi\u00eancia ainda maior.<\/li>\n<\/ul>\n\n\n\n<p><strong>Como participar:<\/strong><\/p>\n\n\n\n<p>N\u00e3o h\u00e1 limites para sua criatividade! Capture os lugares, as pessoas, as paisagens que tornam Bras\u00edlia \u00fanica e especial para voc\u00ea. Depois, basta preencher o formul\u00e1rio de inscri\u00e7\u00e3o e enviar sua fotografia autoral para participar deste emocionante concurso.<\/p>\n\n\n\n<p><strong>Orienta\u00e7\u00f5es importantes:<\/strong><\/p>\n\n\n\n<ul class=\"wp-block-list\">\n<li>Certifique-se de seguir as regras do concurso e preencher corretamente todos os campos do formul\u00e1rio de inscri\u00e7\u00e3o.<\/li>\n\n\n\n<li>Lembre-se de que conte\u00fado inadequado ser\u00e1 desclassificado. Vamos manter o foco na celebra\u00e7\u00e3o da beleza e da cultura da nossa cidade.<\/li>\n<\/ul>\n\n\n\n<p><strong>Divulga\u00e7\u00e3o e reconhecimento:<\/strong><\/p>\n\n\n\n<p>Se sua fotografia for selecionada, voc\u00ea ter\u00e1 a oportunidade de ver seu trabalho em destaque, n\u00e3o apenas na exposi\u00e7\u00e3o no Espa\u00e7o Qualidade de Vida, mas tamb\u00e9m em nossas plataformas digitais, alcan\u00e7ando um p\u00fablico mais amplo e compartilhando sua vis\u00e3o \u00fanica de Bras\u00edlia com o mundo.<\/p>\n\n\n\n<p><strong>Participe e celebre com a gente:<\/strong><\/p>\n\n\n\n<p>Junte-se a n\u00f3s nesta celebra\u00e7\u00e3o do 64\u00ba anivers\u00e1rio da nossa amada Bras\u00edlia! N\u00e3o perca a oportunidade de mostrar sua paix\u00e3o pela cidade e seu talento art\u00edstico atrav\u00e9s da fotografia.<\/p>\n\n\n\n<p>Para mais informa\u00e7\u00f5es e d\u00favidas, entre em contato pelo telefone 3414-6266 ou pelo e-mail sequali@economia.df.gov.br.<\/p>\n\n\n\n<p>Fa\u00e7a parte desta homenagem \u00e0 nossa capital! Inscreva-se agora e compartilhe sua vis\u00e3o de Bras\u00edlia com o mundo!<\/p>\n","protected":false},"excerpt":{"rendered":"<p>Foto\/divulga\u00e7\u00e3o Bras\u00edlia, nossa capital, \u00e9 uma fonte inesgot\u00e1vel de inspira\u00e7\u00e3o, e agora \u00e9 a sua chance de capturar sua ess\u00eancia em uma fotografia! O concurso &#8220;Bras\u00edlia em Foto&#8221; est\u00e1 aberto para os servidores e empregados p\u00fablicos do Governo do Distrito Federal (GDF), trazendo uma oportunidade \u00fanica de celebrar nossa cidade atrav\u00e9s das lentes da sua [&hellip;]<\/p>\n","protected":false},"author":1441,"featured_media":4211,"comment_status":"open","ping_status":"open","sticky":false,"template":"","format":"standard","meta":{"_monsterinsights_skip_tracking":false,"_monsterinsights_sitenote_active":false,"_monsterinsights_sitenote_note":"","_monsterinsights_sitenote_category":0,"footnotes":""},"categories":[41,17,34,3,43],"tags":[403,423,838,407,836,520,837,839],"class_list":["post-4210","post","type-post","status-publish","format-standard","has-post-thumbnail","hentry","category-agenda","category-bsb","category-destaque","category-entertainment","category-releases","tag-cidadecult-2","tag-cidadecultpordentro-2","tag-concurso","tag-entreterimento","tag-fotografia","tag-gdf-2","tag-inspiracao","tag-oportunidade"],"_links":{"self":[{"href":"https:\/\/cidadecult.com.br\/index.php?rest_route=\/wp\/v2\/posts\/4210","targetHints":{"allow":["GET"]}}],"collection":[{"href":"https:\/\/cidadecult.com.br\/index.php?rest_route=\/wp\/v2\/posts"}],"about":[{"href":"https:\/\/cidadecult.com.br\/index.php?rest_route=\/wp\/v2\/types\/post"}],"author":[{"embeddable":true,"href":"https:\/\/cidadecult.com.br\/index.php?rest_route=\/wp\/v2\/users\/1441"}],"replies":[{"embeddable":true,"href":"https:\/\/cidadecult.com.br\/index.php?rest_route=%2Fwp%2Fv2%2Fcomments&post=4210"}],"version-history":[{"count":1,"href":"https:\/\/cidadecult.com.br\/index.php?rest_route=\/wp\/v2\/posts\/4210\/revisions"}],"predecessor-version":[{"id":4212,"href":"https:\/\/cidadecult.com.br\/index.php?rest_route=\/wp\/v2\/posts\/4210\/revisions\/4212"}],"wp:featuredmedia":[{"embeddable":true,"href":"https:\/\/cidadecult.com.br\/index.php?rest_route=\/wp\/v2\/media\/4211"}],"wp:attachment":[{"href":"https:\/\/cidadecult.com.br\/index.php?rest_route=%2Fwp%2Fv2%2Fmedia&parent=4210"}],"wp:term":[{"taxonomy":"category","embeddable":true,"href":"https:\/\/cidadecult.com.br\/index.php?rest_route=%2Fwp%2Fv2%2Fcategories&post=4210"},{"taxonomy":"post_tag","embeddable":true,"href":"https:\/\/cidadecult.com.br\/index.php?rest_route=%2Fwp%2Fv2%2Ftags&post=4210"}],"curies":[{"name":"wp","href":"https:\/\/api.w.org\/{rel}","templated":true}]}}